{"id":806,"date":"2015-06-30T19:52:22","date_gmt":"2015-06-30T22:52:22","guid":{"rendered":"https:\/\/www.catureba.com.br\/baciadojacuipe\/?p=806"},"modified":"2026-03-10T19:56:45","modified_gmt":"2026-03-10T22:56:45","slug":"com-os-pes-na-lama-populacao-de-viracao-recebeu-com-carinho-a-unica-obra-da-gestao-pedro-lima-neto","status":"publish","type":"post","link":"https:\/\/www.catureba.com.br\/baciadojacuipe\/2015\/06\/30\/com-os-pes-na-lama-populacao-de-viracao-recebeu-com-carinho-a-unica-obra-da-gestao-pedro-lima-neto\/","title":{"rendered":"Com os p\u00e9s na lama: popula\u00e7\u00e3o de Vira\u00e7\u00e3o recebeu com carinho a \u00fanica obra da gest\u00e3o Pedro Lima Neto"},"content":{"rendered":"<p style=\"text-align: justify;\">Mesmo convivendo diariamente com ruas tomadas pela lama, moradores do povoado de Vira\u00e7\u00e3o, em Baixa Grande, receberam com carinho a \u00fanica obra inaugurada na comunidade durante a gest\u00e3o do ent\u00e3o prefeito Pedro Lima Neto (PT).<\/p>\n<p style=\"text-align: justify;\">A obra foi a reforma da Unidade de Sa\u00fade da Fam\u00edlia (PSF) do povoado, com investimento de <strong>R$ 103.971,00<\/strong>. A reforma teve in\u00edcio em outubro de 2013 e fez parte de um pacote que contemplou cinco unidades de sa\u00fade nos povoados de <strong>Vira\u00e7\u00e3o, Mandacaru, Italegre, Lagoa do Cip\u00f3 e Tabuleiro<\/strong>.<\/p>\n<p><img loading=\"lazy\" decoding=\"async\" class=\"aligncenter size-full wp-image-809\" src=\"https:\/\/www.catureba.com.br\/baciadojacuipe\/wp-content\/uploads\/2015\/06\/grafico.jpg\" alt=\"\" width=\"433\" height=\"283\" srcset=\"https:\/\/www.catureba.com.br\/baciadojacuipe\/wp-content\/uploads\/2015\/06\/grafico.jpg 433w, https:\/\/www.catureba.com.br\/baciadojacuipe\/wp-content\/uploads\/2015\/06\/grafico-300x196.jpg 300w\" sizes=\"auto, (max-width: 433px) 100vw, 433px\" \/><\/p>\n<p style=\"text-align: justify;\">O povoado de Vira\u00e7\u00e3o possui forte liga\u00e7\u00e3o com o atual prefeito e sua base pol\u00edtica. A l\u00edder do governo na C\u00e2mara, <strong>vereadora Joanita Rios<\/strong>, tamb\u00e9m tem origem na regi\u00e3o. Ambos nasceram em propriedades rurais pr\u00f3ximas ao povoado, nas fazendas <strong>Boa Hora<\/strong> e <strong>Jac\u00fa<\/strong>, localizadas entre 2 e 4 quil\u00f4metros da comunidade.<\/p>\n<p style=\"text-align: justify;\"><strong>Inaugura\u00e7\u00e3o<\/strong><\/p>\n<p style=\"text-align: justify;\">A obra foi inaugurada na noite de <strong>28 de junho de 2015<\/strong>, sendo considerada a \u00fanica interven\u00e7\u00e3o da gest\u00e3o municipal realizada diretamente no povoado.<\/p>\n<p style=\"text-align: justify;\">Antes da reforma, Vira\u00e7\u00e3o possu\u00eda apenas um pequeno posto de sa\u00fade, constru\u00eddo ainda na d\u00e9cada de 1980 pela Igreja Cat\u00f3lica. A reforma da unidade custou <strong>R$ 103.971,00<\/strong>, sendo o menor valor entre as cinco reformas realizadas nas unidades de sa\u00fade.<\/p>\n<p style=\"text-align: justify;\">Apesar da obra, a comunidade enfrenta problemas hist\u00f3ricos de infraestrutura. Mesmo sendo um dos povoados mais antigos do munic\u00edpio \u2014 mais antigo at\u00e9 que a pr\u00f3pria sede \u2014 suas <strong>cinco ruas continuam sem pavimenta\u00e7\u00e3o<\/strong>.<\/p>\n<p><img loading=\"lazy\" decoding=\"async\" class=\"aligncenter size-full wp-image-820\" src=\"https:\/\/www.catureba.com.br\/baciadojacuipe\/wp-content\/uploads\/2015\/06\/foto23.jpg\" alt=\"\" width=\"453\" height=\"315\" srcset=\"https:\/\/www.catureba.com.br\/baciadojacuipe\/wp-content\/uploads\/2015\/06\/foto23.jpg 453w, https:\/\/www.catureba.com.br\/baciadojacuipe\/wp-content\/uploads\/2015\/06\/foto23-300x209.jpg 300w\" sizes=\"auto, (max-width: 453px) 100vw, 453px\" \/><\/p>\n<p style=\"text-align: justify;\">A \u00fanica interven\u00e7\u00e3o relacionada \u00e0 pavimenta\u00e7\u00e3o ocorreu em <strong>2006<\/strong>, quando foi liberado um recurso de cerca de <strong>R$ 90 mil<\/strong>, utilizado para pavimentar apenas a estrada por onde circulam os ve\u00edculos. Assim, enquanto os carros transitam pela parte pavimentada, muitos moradores ainda precisam <strong>pisar na lama para sair de casa<\/strong> antes de alcan\u00e7ar a estrada.<\/p>\n<p style=\"text-align: justify;\">Ap\u00f3s a inaugura\u00e7\u00e3o da reforma do posto de sa\u00fade, foi realizada uma festa em comemora\u00e7\u00e3o ao <strong>S\u00e3o Pedro<\/strong>, com apresenta\u00e7\u00e3o da quadrilha junina <strong>Vai, Vai, Sai da Frente<\/strong>.<\/p>\n<p style=\"text-align: justify;\"><strong>Reforma dos PSFs<\/strong><\/p>\n<p style=\"text-align: justify;\">Diferente de outras inaugura\u00e7\u00f5es realizadas pelo gestor, onde geralmente s\u00e3o anunciadas novas obras ou pavimenta\u00e7\u00f5es em andamento, na comunidade de Vira\u00e7\u00e3o o prefeito limitou-se a afirmar que \u00e9 gestor de todas as comunidades do munic\u00edpio.<\/p>\n<p style=\"text-align: justify;\">Durante o discurso, destacou tamb\u00e9m que obteve <strong>apenas 76 votos<\/strong> no povoado nas elei\u00e7\u00f5es.<\/p>\n<p style=\"text-align: justify;\">Para evitar que visitantes e autoridades pisassem na lama durante a inaugura\u00e7\u00e3o, <strong>v\u00e1rias ca\u00e7ambas de areia foram espalhadas na frente do posto de sa\u00fade um dia antes da cerim\u00f4nia<\/strong>.<\/p>\n<p style=\"text-align: justify;\"><strong>Confian\u00e7a<\/strong><\/p>\n<p style=\"text-align: justify;\">Em palanques eleitorais, o gestor e sua l\u00edder pol\u00edtica costumam elogiar os moradores de Vira\u00e7\u00e3o, classificando-os como um povo de muita confian\u00e7a.<\/p>\n<p style=\"text-align: justify;\">Em discursos, chegou-se a afirmar que na comunidade seria poss\u00edvel deixar um objeto na rua e encontr\u00e1-lo no mesmo lugar dias depois, tamanha seria a honestidade dos moradores.<\/p>\n<p style=\"text-align: justify;\">No entanto, na pr\u00e1tica, essa confian\u00e7a parece n\u00e3o se refletir em algumas decis\u00f5es administrativas. Com mais de <strong>200 moradores<\/strong>, o povoado n\u00e3o possui ningu\u00e9m autorizado a guardar a chave da <strong>Escola Jos\u00e9 Muritiba<\/strong>. Quando necess\u00e1rio, a chave precisa ser buscada na comunidade do <strong>Pag\u00e3o<\/strong>.<\/p>\n<p style=\"text-align: justify;\"><strong>Esporte<\/strong><\/p>\n<p style=\"text-align: justify;\">Mesmo enfrentando dificuldades estruturais, atletas de Vira\u00e7\u00e3o se destacam pela persist\u00eancia na pr\u00e1tica esportiva.<\/p>\n<p style=\"text-align: justify;\">Ainda assim, o povoado \u00e9 atualmente <strong>o \u00fanico que n\u00e3o possui um campo de futebol estruturado<\/strong>. Uma \u00e1rea de terra planada que come\u00e7ou a ser utilizada como campo ainda na d\u00e9cada de 1990 nunca foi oficialmente destinada para essa finalidade.<\/p>\n<p><img loading=\"lazy\" decoding=\"async\" class=\"aligncenter size-full wp-image-810\" src=\"https:\/\/www.catureba.com.br\/baciadojacuipe\/wp-content\/uploads\/2015\/06\/campo.jpg\" alt=\"\" width=\"610\" height=\"447\" srcset=\"https:\/\/www.catureba.com.br\/baciadojacuipe\/wp-content\/uploads\/2015\/06\/campo.jpg 610w, https:\/\/www.catureba.com.br\/baciadojacuipe\/wp-content\/uploads\/2015\/06\/campo-300x220.jpg 300w\" sizes=\"auto, (max-width: 610px) 100vw, 610px\" \/><\/p>\n<p style=\"text-align: justify;\">Com o passar dos anos, o local passou a ser utilizado tamb\u00e9m como <strong>pastagem para gado<\/strong>, o que acabou deteriorando o espa\u00e7o. Cansados de esperar por uma solu\u00e7\u00e3o do poder p\u00fablico, muitos atletas deixaram de utilizar o local.<\/p>\n<p style=\"text-align: justify;\">Hoje, o antigo campo s\u00f3 pode ser identificado pelas <strong>traves ainda posicionadas nos cantos do terreno<\/strong>. Para praticar futebol, os jovens da comunidade precisam se deslocar at\u00e9 a comunidade de <strong>Jurema<\/strong>, na regi\u00e3o do Novo S\u00edtio.<\/p>\n<p style=\"text-align: right;\"><a href=\"http:\/\/www.baciadojacuipe.com.br\">www.baciadojacuipe.com.br<\/a><br \/>\nPor: Ediom\u00e1rio Catureba<\/p>\n<p><img loading=\"lazy\" decoding=\"async\" class=\"aligncenter size-full wp-image-812\" src=\"https:\/\/www.catureba.com.br\/baciadojacuipe\/wp-content\/uploads\/2015\/06\/foto2.jpg\" alt=\"\" width=\"453\" height=\"315\" srcset=\"https:\/\/www.catureba.com.br\/baciadojacuipe\/wp-content\/uploads\/2015\/06\/foto2.jpg 453w, https:\/\/www.catureba.com.br\/baciadojacuipe\/wp-content\/uploads\/2015\/06\/foto2-300x209.jpg 300w\" sizes=\"auto, (max-width: 453px) 100vw, 453px\" \/> <img loading=\"lazy\" decoding=\"async\" class=\"aligncenter size-full wp-image-813\" src=\"https:\/\/www.catureba.com.br\/baciadojacuipe\/wp-content\/uploads\/2015\/06\/foto3.jpg\" alt=\"\" width=\"453\" height=\"315\" srcset=\"https:\/\/www.catureba.com.br\/baciadojacuipe\/wp-content\/uploads\/2015\/06\/foto3.jpg 453w, https:\/\/www.catureba.com.br\/baciadojacuipe\/wp-content\/uploads\/2015\/06\/foto3-300x209.jpg 300w\" sizes=\"auto, (max-width: 453px) 100vw, 453px\" \/> <img loading=\"lazy\" decoding=\"async\" class=\"aligncenter size-full wp-image-814\" src=\"https:\/\/www.catureba.com.br\/baciadojacuipe\/wp-content\/uploads\/2015\/06\/foto4.jpg\" alt=\"\" width=\"453\" height=\"315\" srcset=\"https:\/\/www.catureba.com.br\/baciadojacuipe\/wp-content\/uploads\/2015\/06\/foto4.jpg 453w, https:\/\/www.catureba.com.br\/baciadojacuipe\/wp-content\/uploads\/2015\/06\/foto4-300x209.jpg 300w\" sizes=\"auto, (max-width: 453px) 100vw, 453px\" \/> <img loading=\"lazy\" decoding=\"async\" class=\"aligncenter size-full wp-image-815\" src=\"https:\/\/www.catureba.com.br\/baciadojacuipe\/wp-content\/uploads\/2015\/06\/foto5.jpg\" alt=\"\" width=\"453\" height=\"315\" srcset=\"https:\/\/www.catureba.com.br\/baciadojacuipe\/wp-content\/uploads\/2015\/06\/foto5.jpg 453w, https:\/\/www.catureba.com.br\/baciadojacuipe\/wp-content\/uploads\/2015\/06\/foto5-300x209.jpg 300w\" sizes=\"auto, (max-width: 453px) 100vw, 453px\" \/> <img loading=\"lazy\" decoding=\"async\" class=\"aligncenter size-full wp-image-816\" src=\"https:\/\/www.catureba.com.br\/baciadojacuipe\/wp-content\/uploads\/2015\/06\/foto8.jpg\" alt=\"\" width=\"453\" height=\"315\" srcset=\"https:\/\/www.catureba.com.br\/baciadojacuipe\/wp-content\/uploads\/2015\/06\/foto8.jpg 453w, https:\/\/www.catureba.com.br\/baciadojacuipe\/wp-content\/uploads\/2015\/06\/foto8-300x209.jpg 300w\" sizes=\"auto, (max-width: 453px) 100vw, 453px\" \/> <img loading=\"lazy\" decoding=\"async\" class=\"aligncenter size-full wp-image-817\" src=\"https:\/\/www.catureba.com.br\/baciadojacuipe\/wp-content\/uploads\/2015\/06\/foto10.jpg\" alt=\"\" width=\"453\" height=\"315\" srcset=\"https:\/\/www.catureba.com.br\/baciadojacuipe\/wp-content\/uploads\/2015\/06\/foto10.jpg 453w, https:\/\/www.catureba.com.br\/baciadojacuipe\/wp-content\/uploads\/2015\/06\/foto10-300x209.jpg 300w\" sizes=\"auto, (max-width: 453px) 100vw, 453px\" \/> <img loading=\"lazy\" decoding=\"async\" class=\"aligncenter size-full wp-image-818\" src=\"https:\/\/www.catureba.com.br\/baciadojacuipe\/wp-content\/uploads\/2015\/06\/foto17.jpg\" alt=\"\" width=\"453\" height=\"315\" srcset=\"https:\/\/www.catureba.com.br\/baciadojacuipe\/wp-content\/uploads\/2015\/06\/foto17.jpg 453w, https:\/\/www.catureba.com.br\/baciadojacuipe\/wp-content\/uploads\/2015\/06\/foto17-300x209.jpg 300w\" sizes=\"auto, (max-width: 453px) 100vw, 453px\" \/> <img loading=\"lazy\" decoding=\"async\" class=\"aligncenter size-full wp-image-819\" src=\"https:\/\/www.catureba.com.br\/baciadojacuipe\/wp-content\/uploads\/2015\/06\/foto18.jpg\" alt=\"\" width=\"453\" height=\"315\" srcset=\"https:\/\/www.catureba.com.br\/baciadojacuipe\/wp-content\/uploads\/2015\/06\/foto18.jpg 453w, https:\/\/www.catureba.com.br\/baciadojacuipe\/wp-content\/uploads\/2015\/06\/foto18-300x209.jpg 300w\" sizes=\"auto, (max-width: 453px) 100vw, 453px\" \/> <img loading=\"lazy\" decoding=\"async\" class=\"aligncenter size-full wp-image-821\" src=\"https:\/\/www.catureba.com.br\/baciadojacuipe\/wp-content\/uploads\/2015\/06\/foto24.jpg\" alt=\"\" width=\"453\" height=\"315\" srcset=\"https:\/\/www.catureba.com.br\/baciadojacuipe\/wp-content\/uploads\/2015\/06\/foto24.jpg 453w, https:\/\/www.catureba.com.br\/baciadojacuipe\/wp-content\/uploads\/2015\/06\/foto24-300x209.jpg 300w\" sizes=\"auto, (max-width: 453px) 100vw, 453px\" \/> <img loading=\"lazy\" decoding=\"async\" class=\"aligncenter size-full wp-image-822\" src=\"https:\/\/www.catureba.com.br\/baciadojacuipe\/wp-content\/uploads\/2015\/06\/foto25.jpg\" alt=\"\" width=\"453\" height=\"315\" srcset=\"https:\/\/www.catureba.com.br\/baciadojacuipe\/wp-content\/uploads\/2015\/06\/foto25.jpg 453w, https:\/\/www.catureba.com.br\/baciadojacuipe\/wp-content\/uploads\/2015\/06\/foto25-300x209.jpg 300w\" sizes=\"auto, (max-width: 453px) 100vw, 453px\" \/> <img loading=\"lazy\" decoding=\"async\" class=\"aligncenter size-full wp-image-823\" src=\"https:\/\/www.catureba.com.br\/baciadojacuipe\/wp-content\/uploads\/2015\/06\/foto26.jpg\" alt=\"\" width=\"453\" height=\"315\" srcset=\"https:\/\/www.catureba.com.br\/baciadojacuipe\/wp-content\/uploads\/2015\/06\/foto26.jpg 453w, https:\/\/www.catureba.com.br\/baciadojacuipe\/wp-content\/uploads\/2015\/06\/foto26-300x209.jpg 300w\" sizes=\"auto, (max-width: 453px) 100vw, 453px\" \/> <img loading=\"lazy\" decoding=\"async\" class=\"aligncenter size-full wp-image-824\" src=\"https:\/\/www.catureba.com.br\/baciadojacuipe\/wp-content\/uploads\/2015\/06\/foto27.jpg\" alt=\"\" width=\"453\" height=\"315\" srcset=\"https:\/\/www.catureba.com.br\/baciadojacuipe\/wp-content\/uploads\/2015\/06\/foto27.jpg 453w, https:\/\/www.catureba.com.br\/baciadojacuipe\/wp-content\/uploads\/2015\/06\/foto27-300x209.jpg 300w\" sizes=\"auto, (max-width: 453px) 100vw, 453px\" \/> <img loading=\"lazy\" decoding=\"async\" class=\"aligncenter size-full wp-image-825\" src=\"https:\/\/www.catureba.com.br\/baciadojacuipe\/wp-content\/uploads\/2015\/06\/foto28.jpg\" alt=\"\" width=\"453\" height=\"315\" srcset=\"https:\/\/www.catureba.com.br\/baciadojacuipe\/wp-content\/uploads\/2015\/06\/foto28.jpg 453w, https:\/\/www.catureba.com.br\/baciadojacuipe\/wp-content\/uploads\/2015\/06\/foto28-300x209.jpg 300w\" sizes=\"auto, (max-width: 453px) 100vw, 453px\" \/> <img loading=\"lazy\" decoding=\"async\" class=\"aligncenter size-full wp-image-826\" src=\"https:\/\/www.catureba.com.br\/baciadojacuipe\/wp-content\/uploads\/2015\/06\/foto29.jpg\" alt=\"\" width=\"453\" height=\"315\" srcset=\"https:\/\/www.catureba.com.br\/baciadojacuipe\/wp-content\/uploads\/2015\/06\/foto29.jpg 453w, https:\/\/www.catureba.com.br\/baciadojacuipe\/wp-content\/uploads\/2015\/06\/foto29-300x209.jpg 300w\" sizes=\"auto, (max-width: 453px) 100vw, 453px\" \/> <img loading=\"lazy\" decoding=\"async\" class=\"aligncenter size-full wp-image-827\" src=\"https:\/\/www.catureba.com.br\/baciadojacuipe\/wp-content\/uploads\/2015\/06\/foto30.jpg\" alt=\"\" width=\"453\" height=\"315\" srcset=\"https:\/\/www.catureba.com.br\/baciadojacuipe\/wp-content\/uploads\/2015\/06\/foto30.jpg 453w, https:\/\/www.catureba.com.br\/baciadojacuipe\/wp-content\/uploads\/2015\/06\/foto30-300x209.jpg 300w\" sizes=\"auto, (max-width: 453px) 100vw, 453px\" \/><\/p>\n<div class=\"pvc_clear\"><\/div>\n<p id=\"pvc_stats_806\" class=\"pvc_stats total_only  \" data-element-id=\"806\" style=\"\"><i class=\"pvc-stats-icon medium\" aria-hidden=\"true\"><svg aria-hidden=\"true\" focusable=\"false\" data-prefix=\"far\" data-icon=\"chart-bar\" role=\"img\" xmlns=\"http:\/\/www.w3.org\/2000\/svg\" viewBox=\"0 0 512 512\" class=\"svg-inline--fa fa-chart-bar fa-w-16 fa-2x\"><path fill=\"currentColor\" d=\"M396.8 352h22.4c6.4 0 12.8-6.4 12.8-12.8V108.8c0-6.4-6.4-12.8-12.8-12.8h-22.4c-6.4 0-12.8 6.4-12.8 12.8v230.4c0 6.4 6.4 12.8 12.8 12.8zm-192 0h22.4c6.4 0 12.8-6.4 12.8-12.8V140.8c0-6.4-6.4-12.8-12.8-12.8h-22.4c-6.4 0-12.8 6.4-12.8 12.8v198.4c0 6.4 6.4 12.8 12.8 12.8zm96 0h22.4c6.4 0 12.8-6.4 12.8-12.8V204.8c0-6.4-6.4-12.8-12.8-12.8h-22.4c-6.4 0-12.8 6.4-12.8 12.8v134.4c0 6.4 6.4 12.8 12.8 12.8zM496 400H48V80c0-8.84-7.16-16-16-16H16C7.16 64 0 71.16 0 80v336c0 17.67 14.33 32 32 32h464c8.84 0 16-7.16 16-16v-16c0-8.84-7.16-16-16-16zm-387.2-48h22.4c6.4 0 12.8-6.4 12.8-12.8v-70.4c0-6.4-6.4-12.8-12.8-12.8h-22.4c-6.4 0-12.8 6.4-12.8 12.8v70.4c0 6.4 6.4 12.8 12.8 12.8z\" class=\"\"><\/path><\/svg><\/i> <img loading=\"lazy\" decoding=\"async\" width=\"16\" height=\"16\" alt=\"Loading\" src=\"https:\/\/www.catureba.com.br\/baciadojacuipe\/wp-content\/plugins\/page-views-count\/ajax-loader-2x.gif\" border=0 \/><\/p>\n<div class=\"pvc_clear\"><\/div>\n","protected":false},"excerpt":{"rendered":"<p>Mesmo convivendo diariamente com ruas tomadas pela lama, moradores do povoado de Vira\u00e7\u00e3o, em Baixa<\/p>\n<div class=\"pvc_clear\"><\/div>\n<p id=\"pvc_stats_806\" class=\"pvc_stats total_only  \" data-element-id=\"806\" style=\"\"><i class=\"pvc-stats-icon medium\" aria-hidden=\"true\"><svg aria-hidden=\"true\" focusable=\"false\" data-prefix=\"far\" data-icon=\"chart-bar\" role=\"img\" xmlns=\"http:\/\/www.w3.org\/2000\/svg\" viewBox=\"0 0 512 512\" class=\"svg-inline--fa fa-chart-bar fa-w-16 fa-2x\"><path fill=\"currentColor\" d=\"M396.8 352h22.4c6.4 0 12.8-6.4 12.8-12.8V108.8c0-6.4-6.4-12.8-12.8-12.8h-22.4c-6.4 0-12.8 6.4-12.8 12.8v230.4c0 6.4 6.4 12.8 12.8 12.8zm-192 0h22.4c6.4 0 12.8-6.4 12.8-12.8V140.8c0-6.4-6.4-12.8-12.8-12.8h-22.4c-6.4 0-12.8 6.4-12.8 12.8v198.4c0 6.4 6.4 12.8 12.8 12.8zm96 0h22.4c6.4 0 12.8-6.4 12.8-12.8V204.8c0-6.4-6.4-12.8-12.8-12.8h-22.4c-6.4 0-12.8 6.4-12.8 12.8v134.4c0 6.4 6.4 12.8 12.8 12.8zM496 400H48V80c0-8.84-7.16-16-16-16H16C7.16 64 0 71.16 0 80v336c0 17.67 14.33 32 32 32h464c8.84 0 16-7.16 16-16v-16c0-8.84-7.16-16-16-16zm-387.2-48h22.4c6.4 0 12.8-6.4 12.8-12.8v-70.4c0-6.4-6.4-12.8-12.8-12.8h-22.4c-6.4 0-12.8 6.4-12.8 12.8v70.4c0 6.4 6.4 12.8 12.8 12.8z\" class=\"\"><\/path><\/svg><\/i> <img loading=\"lazy\" decoding=\"async\" width=\"16\" height=\"16\" alt=\"Loading\" src=\"https:\/\/www.catureba.com.br\/baciadojacuipe\/wp-content\/plugins\/page-views-count\/ajax-loader-2x.gif\" border=0 \/><\/p>\n<div class=\"pvc_clear\"><\/div>\n","protected":false},"author":1,"featured_media":808,"comment_status":"closed","ping_status":"open","sticky":false,"template":"","format":"standard","meta":{"_uag_custom_page_level_css":"","footnotes":""},"categories":[6],"tags":[],"class_list":["post-806","post","type-post","status-publish","format-standard","has-post-thumbnail","hentry","category-baixa-grande"],"a3_pvc":{"activated":true,"total_views":1076,"today_views":0},"yoast_head":"<!-- This site is optimized with the Yoast SEO plugin v27.4 - https:\/\/yoast.com\/product\/yoast-seo-wordpress\/ -->\n<title>Com os p\u00e9s na lama: popula\u00e7\u00e3o de Vira\u00e7\u00e3o recebeu com carinho a \u00fanica obra da gest\u00e3o Pedro Lima Neto - Bacia do Jacu\u00edpe<\/title>\n<meta name=\"robots\" content=\"index, follow, max-snippet:-1, max-image-preview:large, max-video-preview:-1\" \/>\n<link rel=\"canonical\" href=\"https:\/\/www.catureba.com.br\/baciadojacuipe\/2015\/06\/30\/com-os-pes-na-lama-populacao-de-viracao-recebeu-com-carinho-a-unica-obra-da-gestao-pedro-lima-neto\/\" \/>\n<meta property=\"og:locale\" content=\"pt_BR\" \/>\n<meta property=\"og:type\" content=\"article\" \/>\n<meta property=\"og:title\" content=\"Com os p\u00e9s na lama: popula\u00e7\u00e3o de Vira\u00e7\u00e3o recebeu com carinho a \u00fanica obra da gest\u00e3o Pedro Lima Neto - Bacia do Jacu\u00edpe\" \/>\n<meta property=\"og:description\" content=\"Mesmo convivendo diariamente com ruas tomadas pela lama, moradores do povoado de Vira\u00e7\u00e3o, em Baixa\" \/>\n<meta property=\"og:url\" content=\"https:\/\/www.catureba.com.br\/baciadojacuipe\/2015\/06\/30\/com-os-pes-na-lama-populacao-de-viracao-recebeu-com-carinho-a-unica-obra-da-gestao-pedro-lima-neto\/\" \/>\n<meta property=\"og:site_name\" content=\"Bacia do Jacu\u00edpe\" \/>\n<meta property=\"article:published_time\" content=\"2015-06-30T22:52:22+00:00\" \/>\n<meta property=\"article:modified_time\" content=\"2026-03-10T22:56:45+00:00\" \/>\n<meta property=\"og:image\" content=\"https:\/\/www.catureba.com.br\/baciadojacuipe\/wp-content\/uploads\/2015\/06\/foto1.jpg\" \/>\n\t<meta property=\"og:image:width\" content=\"453\" \/>\n\t<meta property=\"og:image:height\" content=\"315\" \/>\n\t<meta property=\"og:image:type\" content=\"image\/jpeg\" \/>\n<meta name=\"author\" content=\"Ediom\u00e1rio Catureba\" \/>\n<meta name=\"twitter:card\" content=\"summary_large_image\" \/>\n<meta name=\"twitter:label1\" content=\"Escrito por\" \/>\n\t<meta name=\"twitter:data1\" content=\"Ediom\u00e1rio Catureba\" \/>\n\t<meta name=\"twitter:label2\" content=\"Est. tempo de leitura\" \/>\n\t<meta name=\"twitter:data2\" content=\"8 minutos\" \/>\n<script type=\"application\/ld+json\" class=\"yoast-schema-graph\">{\"@context\":\"https:\\\/\\\/schema.org\",\"@graph\":[{\"@type\":\"Article\",\"@id\":\"https:\\\/\\\/www.catureba.com.br\\\/baciadojacuipe\\\/2015\\\/06\\\/30\\\/com-os-pes-na-lama-populacao-de-viracao-recebeu-com-carinho-a-unica-obra-da-gestao-pedro-lima-neto\\\/#article\",\"isPartOf\":{\"@id\":\"https:\\\/\\\/www.catureba.com.br\\\/baciadojacuipe\\\/2015\\\/06\\\/30\\\/com-os-pes-na-lama-populacao-de-viracao-recebeu-com-carinho-a-unica-obra-da-gestao-pedro-lima-neto\\\/\"},\"author\":{\"name\":\"Ediom\u00e1rio Catureba\",\"@id\":\"https:\\\/\\\/www.catureba.com.br\\\/baciadojacuipe\\\/#\\\/schema\\\/person\\\/ffc8c3b98b65cb69355d29afa2355ba3\"},\"headline\":\"Com os p\u00e9s na lama: popula\u00e7\u00e3o de Vira\u00e7\u00e3o recebeu com carinho a \u00fanica obra da gest\u00e3o Pedro Lima Neto\",\"datePublished\":\"2015-06-30T22:52:22+00:00\",\"dateModified\":\"2026-03-10T22:56:45+00:00\",\"mainEntityOfPage\":{\"@id\":\"https:\\\/\\\/www.catureba.com.br\\\/baciadojacuipe\\\/2015\\\/06\\\/30\\\/com-os-pes-na-lama-populacao-de-viracao-recebeu-com-carinho-a-unica-obra-da-gestao-pedro-lima-neto\\\/\"},\"wordCount\":716,\"publisher\":{\"@id\":\"https:\\\/\\\/www.catureba.com.br\\\/baciadojacuipe\\\/#organization\"},\"image\":{\"@id\":\"https:\\\/\\\/www.catureba.com.br\\\/baciadojacuipe\\\/2015\\\/06\\\/30\\\/com-os-pes-na-lama-populacao-de-viracao-recebeu-com-carinho-a-unica-obra-da-gestao-pedro-lima-neto\\\/#primaryimage\"},\"thumbnailUrl\":\"https:\\\/\\\/www.catureba.com.br\\\/baciadojacuipe\\\/wp-content\\\/uploads\\\/2015\\\/06\\\/foto1.jpg\",\"articleSection\":[\"Baixa Grande\"],\"inLanguage\":\"pt-BR\"},{\"@type\":\"WebPage\",\"@id\":\"https:\\\/\\\/www.catureba.com.br\\\/baciadojacuipe\\\/2015\\\/06\\\/30\\\/com-os-pes-na-lama-populacao-de-viracao-recebeu-com-carinho-a-unica-obra-da-gestao-pedro-lima-neto\\\/\",\"url\":\"https:\\\/\\\/www.catureba.com.br\\\/baciadojacuipe\\\/2015\\\/06\\\/30\\\/com-os-pes-na-lama-populacao-de-viracao-recebeu-com-carinho-a-unica-obra-da-gestao-pedro-lima-neto\\\/\",\"name\":\"Com os p\u00e9s na lama: popula\u00e7\u00e3o de Vira\u00e7\u00e3o recebeu com carinho a \u00fanica obra da gest\u00e3o Pedro Lima Neto - Bacia do Jacu\u00edpe\",\"isPartOf\":{\"@id\":\"https:\\\/\\\/www.catureba.com.br\\\/baciadojacuipe\\\/#website\"},\"primaryImageOfPage\":{\"@id\":\"https:\\\/\\\/www.catureba.com.br\\\/baciadojacuipe\\\/2015\\\/06\\\/30\\\/com-os-pes-na-lama-populacao-de-viracao-recebeu-com-carinho-a-unica-obra-da-gestao-pedro-lima-neto\\\/#primaryimage\"},\"image\":{\"@id\":\"https:\\\/\\\/www.catureba.com.br\\\/baciadojacuipe\\\/2015\\\/06\\\/30\\\/com-os-pes-na-lama-populacao-de-viracao-recebeu-com-carinho-a-unica-obra-da-gestao-pedro-lima-neto\\\/#primaryimage\"},\"thumbnailUrl\":\"https:\\\/\\\/www.catureba.com.br\\\/baciadojacuipe\\\/wp-content\\\/uploads\\\/2015\\\/06\\\/foto1.jpg\",\"datePublished\":\"2015-06-30T22:52:22+00:00\",\"dateModified\":\"2026-03-10T22:56:45+00:00\",\"breadcrumb\":{\"@id\":\"https:\\\/\\\/www.catureba.com.br\\\/baciadojacuipe\\\/2015\\\/06\\\/30\\\/com-os-pes-na-lama-populacao-de-viracao-recebeu-com-carinho-a-unica-obra-da-gestao-pedro-lima-neto\\\/#breadcrumb\"},\"inLanguage\":\"pt-BR\",\"potentialAction\":[{\"@type\":\"ReadAction\",\"target\":[\"https:\\\/\\\/www.catureba.com.br\\\/baciadojacuipe\\\/2015\\\/06\\\/30\\\/com-os-pes-na-lama-populacao-de-viracao-recebeu-com-carinho-a-unica-obra-da-gestao-pedro-lima-neto\\\/\"]}]},{\"@type\":\"ImageObject\",\"inLanguage\":\"pt-BR\",\"@id\":\"https:\\\/\\\/www.catureba.com.br\\\/baciadojacuipe\\\/2015\\\/06\\\/30\\\/com-os-pes-na-lama-populacao-de-viracao-recebeu-com-carinho-a-unica-obra-da-gestao-pedro-lima-neto\\\/#primaryimage\",\"url\":\"https:\\\/\\\/www.catureba.com.br\\\/baciadojacuipe\\\/wp-content\\\/uploads\\\/2015\\\/06\\\/foto1.jpg\",\"contentUrl\":\"https:\\\/\\\/www.catureba.com.br\\\/baciadojacuipe\\\/wp-content\\\/uploads\\\/2015\\\/06\\\/foto1.jpg\",\"width\":453,\"height\":315},{\"@type\":\"BreadcrumbList\",\"@id\":\"https:\\\/\\\/www.catureba.com.br\\\/baciadojacuipe\\\/2015\\\/06\\\/30\\\/com-os-pes-na-lama-populacao-de-viracao-recebeu-com-carinho-a-unica-obra-da-gestao-pedro-lima-neto\\\/#breadcrumb\",\"itemListElement\":[{\"@type\":\"ListItem\",\"position\":1,\"name\":\"In\u00edcio\",\"item\":\"https:\\\/\\\/www.catureba.com.br\\\/baciadojacuipe\\\/\"},{\"@type\":\"ListItem\",\"position\":2,\"name\":\"Com os p\u00e9s na lama: popula\u00e7\u00e3o de Vira\u00e7\u00e3o recebeu com carinho a \u00fanica obra da gest\u00e3o Pedro Lima Neto\"}]},{\"@type\":\"WebSite\",\"@id\":\"https:\\\/\\\/www.catureba.com.br\\\/baciadojacuipe\\\/#website\",\"url\":\"https:\\\/\\\/www.catureba.com.br\\\/baciadojacuipe\\\/\",\"name\":\"Bacia do Jacu\u00edpe\",\"description\":\"15 Munic\u00edpios em um s\u00f3 Lugar\",\"publisher\":{\"@id\":\"https:\\\/\\\/www.catureba.com.br\\\/baciadojacuipe\\\/#organization\"},\"potentialAction\":[{\"@type\":\"SearchAction\",\"target\":{\"@type\":\"EntryPoint\",\"urlTemplate\":\"https:\\\/\\\/www.catureba.com.br\\\/baciadojacuipe\\\/?s={search_term_string}\"},\"query-input\":{\"@type\":\"PropertyValueSpecification\",\"valueRequired\":true,\"valueName\":\"search_term_string\"}}],\"inLanguage\":\"pt-BR\"},{\"@type\":\"Organization\",\"@id\":\"https:\\\/\\\/www.catureba.com.br\\\/baciadojacuipe\\\/#organization\",\"name\":\"Bacia do Jacu\u00edpe\",\"url\":\"https:\\\/\\\/www.catureba.com.br\\\/baciadojacuipe\\\/\",\"logo\":{\"@type\":\"ImageObject\",\"inLanguage\":\"pt-BR\",\"@id\":\"https:\\\/\\\/www.catureba.com.br\\\/baciadojacuipe\\\/#\\\/schema\\\/logo\\\/image\\\/\",\"url\":\"https:\\\/\\\/www.catureba.com.br\\\/baciadojacuipe\\\/wp-content\\\/uploads\\\/2025\\\/08\\\/cropped-logo.png\",\"contentUrl\":\"https:\\\/\\\/www.catureba.com.br\\\/baciadojacuipe\\\/wp-content\\\/uploads\\\/2025\\\/08\\\/cropped-logo.png\",\"width\":149,\"height\":150,\"caption\":\"Bacia do Jacu\u00edpe\"},\"image\":{\"@id\":\"https:\\\/\\\/www.catureba.com.br\\\/baciadojacuipe\\\/#\\\/schema\\\/logo\\\/image\\\/\"}},{\"@type\":\"Person\",\"@id\":\"https:\\\/\\\/www.catureba.com.br\\\/baciadojacuipe\\\/#\\\/schema\\\/person\\\/ffc8c3b98b65cb69355d29afa2355ba3\",\"name\":\"Ediom\u00e1rio Catureba\",\"image\":{\"@type\":\"ImageObject\",\"inLanguage\":\"pt-BR\",\"@id\":\"https:\\\/\\\/secure.gravatar.com\\\/avatar\\\/63c567ef6e64a56df9e100701cb374d725dbb66b635cd56b3f13f88e28ba235e?s=96&d=mm&r=g\",\"url\":\"https:\\\/\\\/secure.gravatar.com\\\/avatar\\\/63c567ef6e64a56df9e100701cb374d725dbb66b635cd56b3f13f88e28ba235e?s=96&d=mm&r=g\",\"contentUrl\":\"https:\\\/\\\/secure.gravatar.com\\\/avatar\\\/63c567ef6e64a56df9e100701cb374d725dbb66b635cd56b3f13f88e28ba235e?s=96&d=mm&r=g\",\"caption\":\"Ediom\u00e1rio Catureba\"},\"description\":\"Ediom\u00e1rio Catureba, nascido em 1976 em Baixa Grande, Bahia, \u00e9 jornalista e redator. Al\u00e9m de sua atua\u00e7\u00e3o no jornalismo, Ediom\u00e1rio \u00e9 conhecido por sua participa\u00e7\u00e3o em eventos culturais e sociais na regi\u00e3o. Ediom\u00e1rio tamb\u00e9m \u00e9 respons\u00e1vel pelo site Catureba.com.br, onde publica not\u00edcias e informa\u00e7\u00f5es sobre eventos locais, pol\u00edtica e cultura, contribuindo para a dissemina\u00e7\u00e3o de informa\u00e7\u00f5es na comunidade de Baixa Grande e arredores.\",\"sameAs\":[\"https:\\\/\\\/www.catureba.com.br\\\/baciadojacuipe\"],\"url\":\"https:\\\/\\\/www.catureba.com.br\\\/baciadojacuipe\\\/author\\\/edyomario\\\/\"}]}<\/script>\n<!-- \/ Yoast SEO plugin. -->","yoast_head_json":{"title":"Com os p\u00e9s na lama: popula\u00e7\u00e3o de Vira\u00e7\u00e3o recebeu com carinho a \u00fanica obra da gest\u00e3o Pedro Lima Neto - Bacia do Jacu\u00edpe","robots":{"index":"index","follow":"follow","max-snippet":"max-snippet:-1","max-image-preview":"max-image-preview:large","max-video-preview":"max-video-preview:-1"},"canonical":"https:\/\/www.catureba.com.br\/baciadojacuipe\/2015\/06\/30\/com-os-pes-na-lama-populacao-de-viracao-recebeu-com-carinho-a-unica-obra-da-gestao-pedro-lima-neto\/","og_locale":"pt_BR","og_type":"article","og_title":"Com os p\u00e9s na lama: popula\u00e7\u00e3o de Vira\u00e7\u00e3o recebeu com carinho a \u00fanica obra da gest\u00e3o Pedro Lima Neto - Bacia do Jacu\u00edpe","og_description":"Mesmo convivendo diariamente com ruas tomadas pela lama, moradores do povoado de Vira\u00e7\u00e3o, em Baixa","og_url":"https:\/\/www.catureba.com.br\/baciadojacuipe\/2015\/06\/30\/com-os-pes-na-lama-populacao-de-viracao-recebeu-com-carinho-a-unica-obra-da-gestao-pedro-lima-neto\/","og_site_name":"Bacia do Jacu\u00edpe","article_published_time":"2015-06-30T22:52:22+00:00","article_modified_time":"2026-03-10T22:56:45+00:00","og_image":[{"width":453,"height":315,"url":"https:\/\/www.catureba.com.br\/baciadojacuipe\/wp-content\/uploads\/2015\/06\/foto1.jpg","type":"image\/jpeg"}],"author":"Ediom\u00e1rio Catureba","twitter_card":"summary_large_image","twitter_misc":{"Escrito por":"Ediom\u00e1rio Catureba","Est. tempo de leitura":"8 minutos"},"schema":{"@context":"https:\/\/schema.org","@graph":[{"@type":"Article","@id":"https:\/\/www.catureba.com.br\/baciadojacuipe\/2015\/06\/30\/com-os-pes-na-lama-populacao-de-viracao-recebeu-com-carinho-a-unica-obra-da-gestao-pedro-lima-neto\/#article","isPartOf":{"@id":"https:\/\/www.catureba.com.br\/baciadojacuipe\/2015\/06\/30\/com-os-pes-na-lama-populacao-de-viracao-recebeu-com-carinho-a-unica-obra-da-gestao-pedro-lima-neto\/"},"author":{"name":"Ediom\u00e1rio Catureba","@id":"https:\/\/www.catureba.com.br\/baciadojacuipe\/#\/schema\/person\/ffc8c3b98b65cb69355d29afa2355ba3"},"headline":"Com os p\u00e9s na lama: popula\u00e7\u00e3o de Vira\u00e7\u00e3o recebeu com carinho a \u00fanica obra da gest\u00e3o Pedro Lima Neto","datePublished":"2015-06-30T22:52:22+00:00","dateModified":"2026-03-10T22:56:45+00:00","mainEntityOfPage":{"@id":"https:\/\/www.catureba.com.br\/baciadojacuipe\/2015\/06\/30\/com-os-pes-na-lama-populacao-de-viracao-recebeu-com-carinho-a-unica-obra-da-gestao-pedro-lima-neto\/"},"wordCount":716,"publisher":{"@id":"https:\/\/www.catureba.com.br\/baciadojacuipe\/#organization"},"image":{"@id":"https:\/\/www.catureba.com.br\/baciadojacuipe\/2015\/06\/30\/com-os-pes-na-lama-populacao-de-viracao-recebeu-com-carinho-a-unica-obra-da-gestao-pedro-lima-neto\/#primaryimage"},"thumbnailUrl":"https:\/\/www.catureba.com.br\/baciadojacuipe\/wp-content\/uploads\/2015\/06\/foto1.jpg","articleSection":["Baixa Grande"],"inLanguage":"pt-BR"},{"@type":"WebPage","@id":"https:\/\/www.catureba.com.br\/baciadojacuipe\/2015\/06\/30\/com-os-pes-na-lama-populacao-de-viracao-recebeu-com-carinho-a-unica-obra-da-gestao-pedro-lima-neto\/","url":"https:\/\/www.catureba.com.br\/baciadojacuipe\/2015\/06\/30\/com-os-pes-na-lama-populacao-de-viracao-recebeu-com-carinho-a-unica-obra-da-gestao-pedro-lima-neto\/","name":"Com os p\u00e9s na lama: popula\u00e7\u00e3o de Vira\u00e7\u00e3o recebeu com carinho a \u00fanica obra da gest\u00e3o Pedro Lima Neto - Bacia do Jacu\u00edpe","isPartOf":{"@id":"https:\/\/www.catureba.com.br\/baciadojacuipe\/#website"},"primaryImageOfPage":{"@id":"https:\/\/www.catureba.com.br\/baciadojacuipe\/2015\/06\/30\/com-os-pes-na-lama-populacao-de-viracao-recebeu-com-carinho-a-unica-obra-da-gestao-pedro-lima-neto\/#primaryimage"},"image":{"@id":"https:\/\/www.catureba.com.br\/baciadojacuipe\/2015\/06\/30\/com-os-pes-na-lama-populacao-de-viracao-recebeu-com-carinho-a-unica-obra-da-gestao-pedro-lima-neto\/#primaryimage"},"thumbnailUrl":"https:\/\/www.catureba.com.br\/baciadojacuipe\/wp-content\/uploads\/2015\/06\/foto1.jpg","datePublished":"2015-06-30T22:52:22+00:00","dateModified":"2026-03-10T22:56:45+00:00","breadcrumb":{"@id":"https:\/\/www.catureba.com.br\/baciadojacuipe\/2015\/06\/30\/com-os-pes-na-lama-populacao-de-viracao-recebeu-com-carinho-a-unica-obra-da-gestao-pedro-lima-neto\/#breadcrumb"},"inLanguage":"pt-BR","potentialAction":[{"@type":"ReadAction","target":["https:\/\/www.catureba.com.br\/baciadojacuipe\/2015\/06\/30\/com-os-pes-na-lama-populacao-de-viracao-recebeu-com-carinho-a-unica-obra-da-gestao-pedro-lima-neto\/"]}]},{"@type":"ImageObject","inLanguage":"pt-BR","@id":"https:\/\/www.catureba.com.br\/baciadojacuipe\/2015\/06\/30\/com-os-pes-na-lama-populacao-de-viracao-recebeu-com-carinho-a-unica-obra-da-gestao-pedro-lima-neto\/#primaryimage","url":"https:\/\/www.catureba.com.br\/baciadojacuipe\/wp-content\/uploads\/2015\/06\/foto1.jpg","contentUrl":"https:\/\/www.catureba.com.br\/baciadojacuipe\/wp-content\/uploads\/2015\/06\/foto1.jpg","width":453,"height":315},{"@type":"BreadcrumbList","@id":"https:\/\/www.catureba.com.br\/baciadojacuipe\/2015\/06\/30\/com-os-pes-na-lama-populacao-de-viracao-recebeu-com-carinho-a-unica-obra-da-gestao-pedro-lima-neto\/#breadcrumb","itemListElement":[{"@type":"ListItem","position":1,"name":"In\u00edcio","item":"https:\/\/www.catureba.com.br\/baciadojacuipe\/"},{"@type":"ListItem","position":2,"name":"Com os p\u00e9s na lama: popula\u00e7\u00e3o de Vira\u00e7\u00e3o recebeu com carinho a \u00fanica obra da gest\u00e3o Pedro Lima Neto"}]},{"@type":"WebSite","@id":"https:\/\/www.catureba.com.br\/baciadojacuipe\/#website","url":"https:\/\/www.catureba.com.br\/baciadojacuipe\/","name":"Bacia do Jacu\u00edpe","description":"15 Munic\u00edpios em um s\u00f3 Lugar","publisher":{"@id":"https:\/\/www.catureba.com.br\/baciadojacuipe\/#organization"},"potentialAction":[{"@type":"SearchAction","target":{"@type":"EntryPoint","urlTemplate":"https:\/\/www.catureba.com.br\/baciadojacuipe\/?s={search_term_string}"},"query-input":{"@type":"PropertyValueSpecification","valueRequired":true,"valueName":"search_term_string"}}],"inLanguage":"pt-BR"},{"@type":"Organization","@id":"https:\/\/www.catureba.com.br\/baciadojacuipe\/#organization","name":"Bacia do Jacu\u00edpe","url":"https:\/\/www.catureba.com.br\/baciadojacuipe\/","logo":{"@type":"ImageObject","inLanguage":"pt-BR","@id":"https:\/\/www.catureba.com.br\/baciadojacuipe\/#\/schema\/logo\/image\/","url":"https:\/\/www.catureba.com.br\/baciadojacuipe\/wp-content\/uploads\/2025\/08\/cropped-logo.png","contentUrl":"https:\/\/www.catureba.com.br\/baciadojacuipe\/wp-content\/uploads\/2025\/08\/cropped-logo.png","width":149,"height":150,"caption":"Bacia do Jacu\u00edpe"},"image":{"@id":"https:\/\/www.catureba.com.br\/baciadojacuipe\/#\/schema\/logo\/image\/"}},{"@type":"Person","@id":"https:\/\/www.catureba.com.br\/baciadojacuipe\/#\/schema\/person\/ffc8c3b98b65cb69355d29afa2355ba3","name":"Ediom\u00e1rio Catureba","image":{"@type":"ImageObject","inLanguage":"pt-BR","@id":"https:\/\/secure.gravatar.com\/avatar\/63c567ef6e64a56df9e100701cb374d725dbb66b635cd56b3f13f88e28ba235e?s=96&d=mm&r=g","url":"https:\/\/secure.gravatar.com\/avatar\/63c567ef6e64a56df9e100701cb374d725dbb66b635cd56b3f13f88e28ba235e?s=96&d=mm&r=g","contentUrl":"https:\/\/secure.gravatar.com\/avatar\/63c567ef6e64a56df9e100701cb374d725dbb66b635cd56b3f13f88e28ba235e?s=96&d=mm&r=g","caption":"Ediom\u00e1rio Catureba"},"description":"Ediom\u00e1rio Catureba, nascido em 1976 em Baixa Grande, Bahia, \u00e9 jornalista e redator. Al\u00e9m de sua atua\u00e7\u00e3o no jornalismo, Ediom\u00e1rio \u00e9 conhecido por sua participa\u00e7\u00e3o em eventos culturais e sociais na regi\u00e3o. Ediom\u00e1rio tamb\u00e9m \u00e9 respons\u00e1vel pelo site Catureba.com.br, onde publica not\u00edcias e informa\u00e7\u00f5es sobre eventos locais, pol\u00edtica e cultura, contribuindo para a dissemina\u00e7\u00e3o de informa\u00e7\u00f5es na comunidade de Baixa Grande e arredores.","sameAs":["https:\/\/www.catureba.com.br\/baciadojacuipe"],"url":"https:\/\/www.catureba.com.br\/baciadojacuipe\/author\/edyomario\/"}]}},"uagb_featured_image_src":{"full":["https:\/\/www.catureba.com.br\/baciadojacuipe\/wp-content\/uploads\/2015\/06\/foto1.jpg",453,315,false],"thumbnail":["https:\/\/www.catureba.com.br\/baciadojacuipe\/wp-content\/uploads\/2015\/06\/foto1-150x150.jpg",150,150,true],"medium":["https:\/\/www.catureba.com.br\/baciadojacuipe\/wp-content\/uploads\/2015\/06\/foto1-300x209.jpg",300,209,true],"medium_large":["https:\/\/www.catureba.com.br\/baciadojacuipe\/wp-content\/uploads\/2015\/06\/foto1.jpg",453,315,false],"large":["https:\/\/www.catureba.com.br\/baciadojacuipe\/wp-content\/uploads\/2015\/06\/foto1.jpg",453,315,false],"1536x1536":["https:\/\/www.catureba.com.br\/baciadojacuipe\/wp-content\/uploads\/2015\/06\/foto1.jpg",453,315,false],"2048x2048":["https:\/\/www.catureba.com.br\/baciadojacuipe\/wp-content\/uploads\/2015\/06\/foto1.jpg",453,315,false],"cream-magazine-thumbnail-2":["https:\/\/www.catureba.com.br\/baciadojacuipe\/wp-content\/uploads\/2015\/06\/foto1.jpg",453,315,false],"cream-magazine-thumbnail-3":["https:\/\/www.catureba.com.br\/baciadojacuipe\/wp-content\/uploads\/2015\/06\/foto1.jpg",453,315,false],"cream-magazine-thumbnail-4":["https:\/\/www.catureba.com.br\/baciadojacuipe\/wp-content\/uploads\/2015\/06\/foto1.jpg",450,313,false]},"uagb_author_info":{"display_name":"Ediom\u00e1rio Catureba","author_link":"https:\/\/www.catureba.com.br\/baciadojacuipe\/author\/edyomario\/"},"uagb_comment_info":0,"uagb_excerpt":"Mesmo convivendo diariamente com ruas tomadas pela lama, moradores do povoado de Vira\u00e7\u00e3o, em Baixa","_links":{"self":[{"href":"https:\/\/www.catureba.com.br\/baciadojacuipe\/wp-json\/wp\/v2\/posts\/806","targetHints":{"allow":["GET"]}}],"collection":[{"href":"https:\/\/www.catureba.com.br\/baciadojacuipe\/wp-json\/wp\/v2\/posts"}],"about":[{"href":"https:\/\/www.catureba.com.br\/baciadojacuipe\/wp-json\/wp\/v2\/types\/post"}],"author":[{"embeddable":true,"href":"https:\/\/www.catureba.com.br\/baciadojacuipe\/wp-json\/wp\/v2\/users\/1"}],"replies":[{"embeddable":true,"href":"https:\/\/www.catureba.com.br\/baciadojacuipe\/wp-json\/wp\/v2\/comments?post=806"}],"version-history":[{"count":3,"href":"https:\/\/www.catureba.com.br\/baciadojacuipe\/wp-json\/wp\/v2\/posts\/806\/revisions"}],"predecessor-version":[{"id":828,"href":"https:\/\/www.catureba.com.br\/baciadojacuipe\/wp-json\/wp\/v2\/posts\/806\/revisions\/828"}],"wp:featuredmedia":[{"embeddable":true,"href":"https:\/\/www.catureba.com.br\/baciadojacuipe\/wp-json\/wp\/v2\/media\/808"}],"wp:attachment":[{"href":"https:\/\/www.catureba.com.br\/baciadojacuipe\/wp-json\/wp\/v2\/media?parent=806"}],"wp:term":[{"taxonomy":"category","embeddable":true,"href":"https:\/\/www.catureba.com.br\/baciadojacuipe\/wp-json\/wp\/v2\/categories?post=806"},{"taxonomy":"post_tag","embeddable":true,"href":"https:\/\/www.catureba.com.br\/baciadojacuipe\/wp-json\/wp\/v2\/tags?post=806"}],"curies":[{"name":"wp","href":"https:\/\/api.w.org\/{rel}","templated":true}]}}