{"id":716,"date":"2013-02-26T20:39:11","date_gmt":"2013-02-26T23:39:11","guid":{"rendered":"https:\/\/www.catureba.com.br\/baciadojacuipe\/?p=716"},"modified":"2026-02-25T20:45:56","modified_gmt":"2026-02-25T23:45:56","slug":"centenas-de-pessoas-se-despedem-de-sandrinha-em-baixa-grande","status":"publish","type":"post","link":"https:\/\/www.catureba.com.br\/baciadojacuipe\/2013\/02\/26\/centenas-de-pessoas-se-despedem-de-sandrinha-em-baixa-grande\/","title":{"rendered":"Centenas de pessoas se despedem de Sandrinha em Baixa Grande"},"content":{"rendered":"<p style=\"text-align: justify;\">Na manh\u00e3 da ter\u00e7a-feira, 26 de fevereiro de 2013, centenas de pessoas compareceram \u00e0 Igreja Matriz de Baixa Grande para se despedir de Sandra Pamponet, carinhosamente conhecida como Sandrinha. Ela faleceu na madrugada da segunda-feira, dia 25, deixando um sentimento profundo de saudade entre familiares, amigos e admiradores.<\/p>\n<p style=\"text-align: justify;\">Filha de Patica, figura ilustre na hist\u00f3ria do munic\u00edpio, Sandrinha herdou do pai o amor pela cultura e pelo povo baixagrandense. Patica foi um dos principais incentivadores da cultura local, promovendo eventos culturais, festivais de m\u00fasica e diversas iniciativas que marcaram \u00e9poca na cidade. Tamb\u00e9m atuou como delegado por muitos anos, contribuindo de forma significativa para a comunidade. Atualmente, enfrenta dificuldades de sa\u00fade ap\u00f3s sofrer um acidente vascular cerebral.<\/p>\n<p><img loading=\"lazy\" decoding=\"async\" class=\"aligncenter size-full wp-image-719\" src=\"https:\/\/www.catureba.com.br\/baciadojacuipe\/wp-content\/uploads\/2013\/02\/foto1.jpg\" alt=\"\" width=\"453\" height=\"315\" srcset=\"https:\/\/www.catureba.com.br\/baciadojacuipe\/wp-content\/uploads\/2013\/02\/foto1.jpg 453w, https:\/\/www.catureba.com.br\/baciadojacuipe\/wp-content\/uploads\/2013\/02\/foto1-300x209.jpg 300w\" sizes=\"auto, (max-width: 453px) 100vw, 453px\" \/><\/p>\n<p style=\"text-align: justify;\">Seguindo os passos do pai, Sandrinha deu continuidade ao trabalho cultural, promovendo e incentivando a\u00e7\u00f5es voltadas \u00e0 valoriza\u00e7\u00e3o da cultura e realizando eventos beneficentes que mobilizavam a popula\u00e7\u00e3o. Sua partida precoce deixa n\u00e3o apenas familiares enlutados \u2014 incluindo seus pais, que permanecem vivos \u2014 mas tamb\u00e9m uma lacuna no cen\u00e1rio cultural de Baixa Grande.<\/p>\n<p><img loading=\"lazy\" decoding=\"async\" class=\"aligncenter size-full wp-image-720\" src=\"https:\/\/www.catureba.com.br\/baciadojacuipe\/wp-content\/uploads\/2013\/02\/foto3.jpg\" alt=\"\" width=\"453\" height=\"315\" srcset=\"https:\/\/www.catureba.com.br\/baciadojacuipe\/wp-content\/uploads\/2013\/02\/foto3.jpg 453w, https:\/\/www.catureba.com.br\/baciadojacuipe\/wp-content\/uploads\/2013\/02\/foto3-300x209.jpg 300w\" sizes=\"auto, (max-width: 453px) 100vw, 453px\" \/><\/p>\n<p style=\"text-align: justify;\">O vel\u00f3rio foi realizado no Sal\u00e3o Paroquial, recebendo visitantes de Baixa Grande e de diversas cidades vizinhas. A missa de despedida foi celebrada pelo padre Jeoval Rios, em um momento marcado por forte como\u00e7\u00e3o. Durante a celebra\u00e7\u00e3o, amigos e familiares prestaram homenagens, com c\u00e2nticos e palavras de gratid\u00e3o pela vida e pelo legado deixado por Sandrinha.<\/p>\n<p style=\"text-align: center;\"><strong><span style=\"color: #ff0000;\">Cenas em V\u00eddeo<br \/>\n<iframe loading=\"lazy\" title=\"YouTube video player\" src=\"https:\/\/www.youtube.com\/embed\/8UC1xep17jU?si=ftxizwe6PYRAPOVJ\" width=\"560\" height=\"315\" frameborder=\"0\" allowfullscreen=\"allowfullscreen\"><\/iframe><\/span><\/strong><\/p>\n<p style=\"text-align: justify;\">Devido \u00e0 grande quantidade de pessoas presentes, muitos fi\u00e9is acompanharam a cerim\u00f4nia do lado de fora da igreja, evidenciando o carinho e a admira\u00e7\u00e3o que ela conquistou ao longo da vida. Conhecida entre amigos como \u201cMaravilhosa\u201d, Sandrinha deixa um legado de amor \u00e0 cultura, solidariedade e dedica\u00e7\u00e3o \u00e0 sua terra.<\/p>\n<p style=\"text-align: right;\"><a href=\"http:\/\/www.baciadojacuipe.com.br\">www.baciadojacuipe.com.br<\/a><br \/>\nPor: Ediom\u00e1rio Catureba<\/p>\n<p><img loading=\"lazy\" decoding=\"async\" class=\"aligncenter size-full wp-image-722\" src=\"https:\/\/www.catureba.com.br\/baciadojacuipe\/wp-content\/uploads\/2013\/02\/foto4.jpg\" alt=\"\" width=\"453\" height=\"315\" srcset=\"https:\/\/www.catureba.com.br\/baciadojacuipe\/wp-content\/uploads\/2013\/02\/foto4.jpg 453w, https:\/\/www.catureba.com.br\/baciadojacuipe\/wp-content\/uploads\/2013\/02\/foto4-300x209.jpg 300w\" sizes=\"auto, (max-width: 453px) 100vw, 453px\" \/> <img loading=\"lazy\" decoding=\"async\" class=\"aligncenter size-full wp-image-723\" src=\"https:\/\/www.catureba.com.br\/baciadojacuipe\/wp-content\/uploads\/2013\/02\/foto5.jpg\" alt=\"\" width=\"453\" height=\"315\" srcset=\"https:\/\/www.catureba.com.br\/baciadojacuipe\/wp-content\/uploads\/2013\/02\/foto5.jpg 453w, https:\/\/www.catureba.com.br\/baciadojacuipe\/wp-content\/uploads\/2013\/02\/foto5-300x209.jpg 300w\" sizes=\"auto, (max-width: 453px) 100vw, 453px\" \/> <img loading=\"lazy\" decoding=\"async\" class=\"aligncenter size-full wp-image-724\" src=\"https:\/\/www.catureba.com.br\/baciadojacuipe\/wp-content\/uploads\/2013\/02\/foto6.jpg\" alt=\"\" width=\"453\" height=\"315\" srcset=\"https:\/\/www.catureba.com.br\/baciadojacuipe\/wp-content\/uploads\/2013\/02\/foto6.jpg 453w, https:\/\/www.catureba.com.br\/baciadojacuipe\/wp-content\/uploads\/2013\/02\/foto6-300x209.jpg 300w\" sizes=\"auto, (max-width: 453px) 100vw, 453px\" \/> <img loading=\"lazy\" decoding=\"async\" class=\"aligncenter size-full wp-image-725\" src=\"https:\/\/www.catureba.com.br\/baciadojacuipe\/wp-content\/uploads\/2013\/02\/foto7.jpg\" alt=\"\" width=\"453\" height=\"315\" srcset=\"https:\/\/www.catureba.com.br\/baciadojacuipe\/wp-content\/uploads\/2013\/02\/foto7.jpg 453w, https:\/\/www.catureba.com.br\/baciadojacuipe\/wp-content\/uploads\/2013\/02\/foto7-300x209.jpg 300w\" sizes=\"auto, (max-width: 453px) 100vw, 453px\" \/> <img loading=\"lazy\" decoding=\"async\" class=\"aligncenter size-full wp-image-726\" src=\"https:\/\/www.catureba.com.br\/baciadojacuipe\/wp-content\/uploads\/2013\/02\/foto8.jpg\" alt=\"\" width=\"453\" height=\"315\" srcset=\"https:\/\/www.catureba.com.br\/baciadojacuipe\/wp-content\/uploads\/2013\/02\/foto8.jpg 453w, https:\/\/www.catureba.com.br\/baciadojacuipe\/wp-content\/uploads\/2013\/02\/foto8-300x209.jpg 300w\" sizes=\"auto, (max-width: 453px) 100vw, 453px\" \/><\/p>\n<div class=\"pvc_clear\"><\/div>\n<p id=\"pvc_stats_716\" class=\"pvc_stats total_only  \" data-element-id=\"716\" style=\"\"><i class=\"pvc-stats-icon medium\" aria-hidden=\"true\"><svg aria-hidden=\"true\" focusable=\"false\" data-prefix=\"far\" data-icon=\"chart-bar\" role=\"img\" xmlns=\"http:\/\/www.w3.org\/2000\/svg\" viewBox=\"0 0 512 512\" class=\"svg-inline--fa fa-chart-bar fa-w-16 fa-2x\"><path fill=\"currentColor\" d=\"M396.8 352h22.4c6.4 0 12.8-6.4 12.8-12.8V108.8c0-6.4-6.4-12.8-12.8-12.8h-22.4c-6.4 0-12.8 6.4-12.8 12.8v230.4c0 6.4 6.4 12.8 12.8 12.8zm-192 0h22.4c6.4 0 12.8-6.4 12.8-12.8V140.8c0-6.4-6.4-12.8-12.8-12.8h-22.4c-6.4 0-12.8 6.4-12.8 12.8v198.4c0 6.4 6.4 12.8 12.8 12.8zm96 0h22.4c6.4 0 12.8-6.4 12.8-12.8V204.8c0-6.4-6.4-12.8-12.8-12.8h-22.4c-6.4 0-12.8 6.4-12.8 12.8v134.4c0 6.4 6.4 12.8 12.8 12.8zM496 400H48V80c0-8.84-7.16-16-16-16H16C7.16 64 0 71.16 0 80v336c0 17.67 14.33 32 32 32h464c8.84 0 16-7.16 16-16v-16c0-8.84-7.16-16-16-16zm-387.2-48h22.4c6.4 0 12.8-6.4 12.8-12.8v-70.4c0-6.4-6.4-12.8-12.8-12.8h-22.4c-6.4 0-12.8 6.4-12.8 12.8v70.4c0 6.4 6.4 12.8 12.8 12.8z\" class=\"\"><\/path><\/svg><\/i> <img loading=\"lazy\" decoding=\"async\" width=\"16\" height=\"16\" alt=\"Loading\" src=\"https:\/\/www.catureba.com.br\/baciadojacuipe\/wp-content\/plugins\/page-views-count\/ajax-loader-2x.gif\" border=0 \/><\/p>\n<div class=\"pvc_clear\"><\/div>\n","protected":false},"excerpt":{"rendered":"<p>Na manh\u00e3 da ter\u00e7a-feira, 26 de fevereiro de 2013, centenas de pessoas compareceram \u00e0 Igreja<\/p>\n<div class=\"pvc_clear\"><\/div>\n<p id=\"pvc_stats_716\" class=\"pvc_stats total_only  \" data-element-id=\"716\" style=\"\"><i class=\"pvc-stats-icon medium\" aria-hidden=\"true\"><svg aria-hidden=\"true\" focusable=\"false\" data-prefix=\"far\" data-icon=\"chart-bar\" role=\"img\" xmlns=\"http:\/\/www.w3.org\/2000\/svg\" viewBox=\"0 0 512 512\" class=\"svg-inline--fa fa-chart-bar fa-w-16 fa-2x\"><path fill=\"currentColor\" d=\"M396.8 352h22.4c6.4 0 12.8-6.4 12.8-12.8V108.8c0-6.4-6.4-12.8-12.8-12.8h-22.4c-6.4 0-12.8 6.4-12.8 12.8v230.4c0 6.4 6.4 12.8 12.8 12.8zm-192 0h22.4c6.4 0 12.8-6.4 12.8-12.8V140.8c0-6.4-6.4-12.8-12.8-12.8h-22.4c-6.4 0-12.8 6.4-12.8 12.8v198.4c0 6.4 6.4 12.8 12.8 12.8zm96 0h22.4c6.4 0 12.8-6.4 12.8-12.8V204.8c0-6.4-6.4-12.8-12.8-12.8h-22.4c-6.4 0-12.8 6.4-12.8 12.8v134.4c0 6.4 6.4 12.8 12.8 12.8zM496 400H48V80c0-8.84-7.16-16-16-16H16C7.16 64 0 71.16 0 80v336c0 17.67 14.33 32 32 32h464c8.84 0 16-7.16 16-16v-16c0-8.84-7.16-16-16-16zm-387.2-48h22.4c6.4 0 12.8-6.4 12.8-12.8v-70.4c0-6.4-6.4-12.8-12.8-12.8h-22.4c-6.4 0-12.8 6.4-12.8 12.8v70.4c0 6.4 6.4 12.8 12.8 12.8z\" class=\"\"><\/path><\/svg><\/i> <img loading=\"lazy\" decoding=\"async\" width=\"16\" height=\"16\" alt=\"Loading\" src=\"https:\/\/www.catureba.com.br\/baciadojacuipe\/wp-content\/plugins\/page-views-count\/ajax-loader-2x.gif\" border=0 \/><\/p>\n<div class=\"pvc_clear\"><\/div>\n","protected":false},"author":1,"featured_media":718,"comment_status":"closed","ping_status":"open","sticky":false,"template":"","format":"standard","meta":{"_uag_custom_page_level_css":"","footnotes":""},"categories":[6],"tags":[],"class_list":["post-716","post","type-post","status-publish","format-standard","has-post-thumbnail","hentry","category-baixa-grande"],"a3_pvc":{"activated":true,"total_views":647,"today_views":0},"yoast_head":"<!-- This site is optimized with the Yoast SEO plugin v27.4 - https:\/\/yoast.com\/product\/yoast-seo-wordpress\/ -->\n<title>Centenas de pessoas se despedem de Sandrinha em Baixa Grande - Bacia do Jacu\u00edpe<\/title>\n<meta name=\"robots\" content=\"index, follow, max-snippet:-1, max-image-preview:large, max-video-preview:-1\" \/>\n<link rel=\"canonical\" href=\"https:\/\/www.catureba.com.br\/baciadojacuipe\/2013\/02\/26\/centenas-de-pessoas-se-despedem-de-sandrinha-em-baixa-grande\/\" \/>\n<meta property=\"og:locale\" content=\"pt_BR\" \/>\n<meta property=\"og:type\" content=\"article\" \/>\n<meta property=\"og:title\" content=\"Centenas de pessoas se despedem de Sandrinha em Baixa Grande - Bacia do Jacu\u00edpe\" \/>\n<meta property=\"og:description\" content=\"Na manh\u00e3 da ter\u00e7a-feira, 26 de fevereiro de 2013, centenas de pessoas compareceram \u00e0 Igreja\" \/>\n<meta property=\"og:url\" content=\"https:\/\/www.catureba.com.br\/baciadojacuipe\/2013\/02\/26\/centenas-de-pessoas-se-despedem-de-sandrinha-em-baixa-grande\/\" \/>\n<meta property=\"og:site_name\" content=\"Bacia do Jacu\u00edpe\" \/>\n<meta property=\"article:published_time\" content=\"2013-02-26T23:39:11+00:00\" \/>\n<meta property=\"article:modified_time\" content=\"2026-02-25T23:45:56+00:00\" \/>\n<meta property=\"og:image\" content=\"https:\/\/www.catureba.com.br\/baciadojacuipe\/wp-content\/uploads\/2013\/02\/foto2.jpg\" \/>\n\t<meta property=\"og:image:width\" content=\"453\" \/>\n\t<meta property=\"og:image:height\" content=\"315\" \/>\n\t<meta property=\"og:image:type\" content=\"image\/jpeg\" \/>\n<meta name=\"author\" content=\"Ediom\u00e1rio Catureba\" \/>\n<meta name=\"twitter:card\" content=\"summary_large_image\" \/>\n<meta name=\"twitter:label1\" content=\"Escrito por\" \/>\n\t<meta name=\"twitter:data1\" content=\"Ediom\u00e1rio Catureba\" \/>\n\t<meta name=\"twitter:label2\" content=\"Est. tempo de leitura\" \/>\n\t<meta name=\"twitter:data2\" content=\"4 minutos\" \/>\n<script type=\"application\/ld+json\" class=\"yoast-schema-graph\">{\"@context\":\"https:\\\/\\\/schema.org\",\"@graph\":[{\"@type\":\"Article\",\"@id\":\"https:\\\/\\\/www.catureba.com.br\\\/baciadojacuipe\\\/2013\\\/02\\\/26\\\/centenas-de-pessoas-se-despedem-de-sandrinha-em-baixa-grande\\\/#article\",\"isPartOf\":{\"@id\":\"https:\\\/\\\/www.catureba.com.br\\\/baciadojacuipe\\\/2013\\\/02\\\/26\\\/centenas-de-pessoas-se-despedem-de-sandrinha-em-baixa-grande\\\/\"},\"author\":{\"name\":\"Ediom\u00e1rio Catureba\",\"@id\":\"https:\\\/\\\/www.catureba.com.br\\\/baciadojacuipe\\\/#\\\/schema\\\/person\\\/ffc8c3b98b65cb69355d29afa2355ba3\"},\"headline\":\"Centenas de pessoas se despedem de Sandrinha em Baixa Grande\",\"datePublished\":\"2013-02-26T23:39:11+00:00\",\"dateModified\":\"2026-02-25T23:45:56+00:00\",\"mainEntityOfPage\":{\"@id\":\"https:\\\/\\\/www.catureba.com.br\\\/baciadojacuipe\\\/2013\\\/02\\\/26\\\/centenas-de-pessoas-se-despedem-de-sandrinha-em-baixa-grande\\\/\"},\"wordCount\":312,\"publisher\":{\"@id\":\"https:\\\/\\\/www.catureba.com.br\\\/baciadojacuipe\\\/#organization\"},\"image\":{\"@id\":\"https:\\\/\\\/www.catureba.com.br\\\/baciadojacuipe\\\/2013\\\/02\\\/26\\\/centenas-de-pessoas-se-despedem-de-sandrinha-em-baixa-grande\\\/#primaryimage\"},\"thumbnailUrl\":\"https:\\\/\\\/www.catureba.com.br\\\/baciadojacuipe\\\/wp-content\\\/uploads\\\/2013\\\/02\\\/foto2.jpg\",\"articleSection\":[\"Baixa Grande\"],\"inLanguage\":\"pt-BR\"},{\"@type\":\"WebPage\",\"@id\":\"https:\\\/\\\/www.catureba.com.br\\\/baciadojacuipe\\\/2013\\\/02\\\/26\\\/centenas-de-pessoas-se-despedem-de-sandrinha-em-baixa-grande\\\/\",\"url\":\"https:\\\/\\\/www.catureba.com.br\\\/baciadojacuipe\\\/2013\\\/02\\\/26\\\/centenas-de-pessoas-se-despedem-de-sandrinha-em-baixa-grande\\\/\",\"name\":\"Centenas de pessoas se despedem de Sandrinha em Baixa Grande - Bacia do Jacu\u00edpe\",\"isPartOf\":{\"@id\":\"https:\\\/\\\/www.catureba.com.br\\\/baciadojacuipe\\\/#website\"},\"primaryImageOfPage\":{\"@id\":\"https:\\\/\\\/www.catureba.com.br\\\/baciadojacuipe\\\/2013\\\/02\\\/26\\\/centenas-de-pessoas-se-despedem-de-sandrinha-em-baixa-grande\\\/#primaryimage\"},\"image\":{\"@id\":\"https:\\\/\\\/www.catureba.com.br\\\/baciadojacuipe\\\/2013\\\/02\\\/26\\\/centenas-de-pessoas-se-despedem-de-sandrinha-em-baixa-grande\\\/#primaryimage\"},\"thumbnailUrl\":\"https:\\\/\\\/www.catureba.com.br\\\/baciadojacuipe\\\/wp-content\\\/uploads\\\/2013\\\/02\\\/foto2.jpg\",\"datePublished\":\"2013-02-26T23:39:11+00:00\",\"dateModified\":\"2026-02-25T23:45:56+00:00\",\"breadcrumb\":{\"@id\":\"https:\\\/\\\/www.catureba.com.br\\\/baciadojacuipe\\\/2013\\\/02\\\/26\\\/centenas-de-pessoas-se-despedem-de-sandrinha-em-baixa-grande\\\/#breadcrumb\"},\"inLanguage\":\"pt-BR\",\"potentialAction\":[{\"@type\":\"ReadAction\",\"target\":[\"https:\\\/\\\/www.catureba.com.br\\\/baciadojacuipe\\\/2013\\\/02\\\/26\\\/centenas-de-pessoas-se-despedem-de-sandrinha-em-baixa-grande\\\/\"]}]},{\"@type\":\"ImageObject\",\"inLanguage\":\"pt-BR\",\"@id\":\"https:\\\/\\\/www.catureba.com.br\\\/baciadojacuipe\\\/2013\\\/02\\\/26\\\/centenas-de-pessoas-se-despedem-de-sandrinha-em-baixa-grande\\\/#primaryimage\",\"url\":\"https:\\\/\\\/www.catureba.com.br\\\/baciadojacuipe\\\/wp-content\\\/uploads\\\/2013\\\/02\\\/foto2.jpg\",\"contentUrl\":\"https:\\\/\\\/www.catureba.com.br\\\/baciadojacuipe\\\/wp-content\\\/uploads\\\/2013\\\/02\\\/foto2.jpg\",\"width\":453,\"height\":315},{\"@type\":\"BreadcrumbList\",\"@id\":\"https:\\\/\\\/www.catureba.com.br\\\/baciadojacuipe\\\/2013\\\/02\\\/26\\\/centenas-de-pessoas-se-despedem-de-sandrinha-em-baixa-grande\\\/#breadcrumb\",\"itemListElement\":[{\"@type\":\"ListItem\",\"position\":1,\"name\":\"In\u00edcio\",\"item\":\"https:\\\/\\\/www.catureba.com.br\\\/baciadojacuipe\\\/\"},{\"@type\":\"ListItem\",\"position\":2,\"name\":\"Centenas de pessoas se despedem de Sandrinha em Baixa Grande\"}]},{\"@type\":\"WebSite\",\"@id\":\"https:\\\/\\\/www.catureba.com.br\\\/baciadojacuipe\\\/#website\",\"url\":\"https:\\\/\\\/www.catureba.com.br\\\/baciadojacuipe\\\/\",\"name\":\"Bacia do Jacu\u00edpe\",\"description\":\"15 Munic\u00edpios em um s\u00f3 Lugar\",\"publisher\":{\"@id\":\"https:\\\/\\\/www.catureba.com.br\\\/baciadojacuipe\\\/#organization\"},\"potentialAction\":[{\"@type\":\"SearchAction\",\"target\":{\"@type\":\"EntryPoint\",\"urlTemplate\":\"https:\\\/\\\/www.catureba.com.br\\\/baciadojacuipe\\\/?s={search_term_string}\"},\"query-input\":{\"@type\":\"PropertyValueSpecification\",\"valueRequired\":true,\"valueName\":\"search_term_string\"}}],\"inLanguage\":\"pt-BR\"},{\"@type\":\"Organization\",\"@id\":\"https:\\\/\\\/www.catureba.com.br\\\/baciadojacuipe\\\/#organization\",\"name\":\"Bacia do Jacu\u00edpe\",\"url\":\"https:\\\/\\\/www.catureba.com.br\\\/baciadojacuipe\\\/\",\"logo\":{\"@type\":\"ImageObject\",\"inLanguage\":\"pt-BR\",\"@id\":\"https:\\\/\\\/www.catureba.com.br\\\/baciadojacuipe\\\/#\\\/schema\\\/logo\\\/image\\\/\",\"url\":\"https:\\\/\\\/www.catureba.com.br\\\/baciadojacuipe\\\/wp-content\\\/uploads\\\/2025\\\/08\\\/cropped-logo.png\",\"contentUrl\":\"https:\\\/\\\/www.catureba.com.br\\\/baciadojacuipe\\\/wp-content\\\/uploads\\\/2025\\\/08\\\/cropped-logo.png\",\"width\":149,\"height\":150,\"caption\":\"Bacia do Jacu\u00edpe\"},\"image\":{\"@id\":\"https:\\\/\\\/www.catureba.com.br\\\/baciadojacuipe\\\/#\\\/schema\\\/logo\\\/image\\\/\"}},{\"@type\":\"Person\",\"@id\":\"https:\\\/\\\/www.catureba.com.br\\\/baciadojacuipe\\\/#\\\/schema\\\/person\\\/ffc8c3b98b65cb69355d29afa2355ba3\",\"name\":\"Ediom\u00e1rio Catureba\",\"image\":{\"@type\":\"ImageObject\",\"inLanguage\":\"pt-BR\",\"@id\":\"https:\\\/\\\/secure.gravatar.com\\\/avatar\\\/63c567ef6e64a56df9e100701cb374d725dbb66b635cd56b3f13f88e28ba235e?s=96&d=mm&r=g\",\"url\":\"https:\\\/\\\/secure.gravatar.com\\\/avatar\\\/63c567ef6e64a56df9e100701cb374d725dbb66b635cd56b3f13f88e28ba235e?s=96&d=mm&r=g\",\"contentUrl\":\"https:\\\/\\\/secure.gravatar.com\\\/avatar\\\/63c567ef6e64a56df9e100701cb374d725dbb66b635cd56b3f13f88e28ba235e?s=96&d=mm&r=g\",\"caption\":\"Ediom\u00e1rio Catureba\"},\"description\":\"Ediom\u00e1rio Catureba, nascido em 1976 em Baixa Grande, Bahia, \u00e9 jornalista e redator. Al\u00e9m de sua atua\u00e7\u00e3o no jornalismo, Ediom\u00e1rio \u00e9 conhecido por sua participa\u00e7\u00e3o em eventos culturais e sociais na regi\u00e3o. Ediom\u00e1rio tamb\u00e9m \u00e9 respons\u00e1vel pelo site Catureba.com.br, onde publica not\u00edcias e informa\u00e7\u00f5es sobre eventos locais, pol\u00edtica e cultura, contribuindo para a dissemina\u00e7\u00e3o de informa\u00e7\u00f5es na comunidade de Baixa Grande e arredores.\",\"sameAs\":[\"https:\\\/\\\/www.catureba.com.br\\\/baciadojacuipe\"],\"url\":\"https:\\\/\\\/www.catureba.com.br\\\/baciadojacuipe\\\/author\\\/edyomario\\\/\"}]}<\/script>\n<!-- \/ Yoast SEO plugin. -->","yoast_head_json":{"title":"Centenas de pessoas se despedem de Sandrinha em Baixa Grande - Bacia do Jacu\u00edpe","robots":{"index":"index","follow":"follow","max-snippet":"max-snippet:-1","max-image-preview":"max-image-preview:large","max-video-preview":"max-video-preview:-1"},"canonical":"https:\/\/www.catureba.com.br\/baciadojacuipe\/2013\/02\/26\/centenas-de-pessoas-se-despedem-de-sandrinha-em-baixa-grande\/","og_locale":"pt_BR","og_type":"article","og_title":"Centenas de pessoas se despedem de Sandrinha em Baixa Grande - Bacia do Jacu\u00edpe","og_description":"Na manh\u00e3 da ter\u00e7a-feira, 26 de fevereiro de 2013, centenas de pessoas compareceram \u00e0 Igreja","og_url":"https:\/\/www.catureba.com.br\/baciadojacuipe\/2013\/02\/26\/centenas-de-pessoas-se-despedem-de-sandrinha-em-baixa-grande\/","og_site_name":"Bacia do Jacu\u00edpe","article_published_time":"2013-02-26T23:39:11+00:00","article_modified_time":"2026-02-25T23:45:56+00:00","og_image":[{"width":453,"height":315,"url":"https:\/\/www.catureba.com.br\/baciadojacuipe\/wp-content\/uploads\/2013\/02\/foto2.jpg","type":"image\/jpeg"}],"author":"Ediom\u00e1rio Catureba","twitter_card":"summary_large_image","twitter_misc":{"Escrito por":"Ediom\u00e1rio Catureba","Est. tempo de leitura":"4 minutos"},"schema":{"@context":"https:\/\/schema.org","@graph":[{"@type":"Article","@id":"https:\/\/www.catureba.com.br\/baciadojacuipe\/2013\/02\/26\/centenas-de-pessoas-se-despedem-de-sandrinha-em-baixa-grande\/#article","isPartOf":{"@id":"https:\/\/www.catureba.com.br\/baciadojacuipe\/2013\/02\/26\/centenas-de-pessoas-se-despedem-de-sandrinha-em-baixa-grande\/"},"author":{"name":"Ediom\u00e1rio Catureba","@id":"https:\/\/www.catureba.com.br\/baciadojacuipe\/#\/schema\/person\/ffc8c3b98b65cb69355d29afa2355ba3"},"headline":"Centenas de pessoas se despedem de Sandrinha em Baixa Grande","datePublished":"2013-02-26T23:39:11+00:00","dateModified":"2026-02-25T23:45:56+00:00","mainEntityOfPage":{"@id":"https:\/\/www.catureba.com.br\/baciadojacuipe\/2013\/02\/26\/centenas-de-pessoas-se-despedem-de-sandrinha-em-baixa-grande\/"},"wordCount":312,"publisher":{"@id":"https:\/\/www.catureba.com.br\/baciadojacuipe\/#organization"},"image":{"@id":"https:\/\/www.catureba.com.br\/baciadojacuipe\/2013\/02\/26\/centenas-de-pessoas-se-despedem-de-sandrinha-em-baixa-grande\/#primaryimage"},"thumbnailUrl":"https:\/\/www.catureba.com.br\/baciadojacuipe\/wp-content\/uploads\/2013\/02\/foto2.jpg","articleSection":["Baixa Grande"],"inLanguage":"pt-BR"},{"@type":"WebPage","@id":"https:\/\/www.catureba.com.br\/baciadojacuipe\/2013\/02\/26\/centenas-de-pessoas-se-despedem-de-sandrinha-em-baixa-grande\/","url":"https:\/\/www.catureba.com.br\/baciadojacuipe\/2013\/02\/26\/centenas-de-pessoas-se-despedem-de-sandrinha-em-baixa-grande\/","name":"Centenas de pessoas se despedem de Sandrinha em Baixa Grande - Bacia do Jacu\u00edpe","isPartOf":{"@id":"https:\/\/www.catureba.com.br\/baciadojacuipe\/#website"},"primaryImageOfPage":{"@id":"https:\/\/www.catureba.com.br\/baciadojacuipe\/2013\/02\/26\/centenas-de-pessoas-se-despedem-de-sandrinha-em-baixa-grande\/#primaryimage"},"image":{"@id":"https:\/\/www.catureba.com.br\/baciadojacuipe\/2013\/02\/26\/centenas-de-pessoas-se-despedem-de-sandrinha-em-baixa-grande\/#primaryimage"},"thumbnailUrl":"https:\/\/www.catureba.com.br\/baciadojacuipe\/wp-content\/uploads\/2013\/02\/foto2.jpg","datePublished":"2013-02-26T23:39:11+00:00","dateModified":"2026-02-25T23:45:56+00:00","breadcrumb":{"@id":"https:\/\/www.catureba.com.br\/baciadojacuipe\/2013\/02\/26\/centenas-de-pessoas-se-despedem-de-sandrinha-em-baixa-grande\/#breadcrumb"},"inLanguage":"pt-BR","potentialAction":[{"@type":"ReadAction","target":["https:\/\/www.catureba.com.br\/baciadojacuipe\/2013\/02\/26\/centenas-de-pessoas-se-despedem-de-sandrinha-em-baixa-grande\/"]}]},{"@type":"ImageObject","inLanguage":"pt-BR","@id":"https:\/\/www.catureba.com.br\/baciadojacuipe\/2013\/02\/26\/centenas-de-pessoas-se-despedem-de-sandrinha-em-baixa-grande\/#primaryimage","url":"https:\/\/www.catureba.com.br\/baciadojacuipe\/wp-content\/uploads\/2013\/02\/foto2.jpg","contentUrl":"https:\/\/www.catureba.com.br\/baciadojacuipe\/wp-content\/uploads\/2013\/02\/foto2.jpg","width":453,"height":315},{"@type":"BreadcrumbList","@id":"https:\/\/www.catureba.com.br\/baciadojacuipe\/2013\/02\/26\/centenas-de-pessoas-se-despedem-de-sandrinha-em-baixa-grande\/#breadcrumb","itemListElement":[{"@type":"ListItem","position":1,"name":"In\u00edcio","item":"https:\/\/www.catureba.com.br\/baciadojacuipe\/"},{"@type":"ListItem","position":2,"name":"Centenas de pessoas se despedem de Sandrinha em Baixa Grande"}]},{"@type":"WebSite","@id":"https:\/\/www.catureba.com.br\/baciadojacuipe\/#website","url":"https:\/\/www.catureba.com.br\/baciadojacuipe\/","name":"Bacia do Jacu\u00edpe","description":"15 Munic\u00edpios em um s\u00f3 Lugar","publisher":{"@id":"https:\/\/www.catureba.com.br\/baciadojacuipe\/#organization"},"potentialAction":[{"@type":"SearchAction","target":{"@type":"EntryPoint","urlTemplate":"https:\/\/www.catureba.com.br\/baciadojacuipe\/?s={search_term_string}"},"query-input":{"@type":"PropertyValueSpecification","valueRequired":true,"valueName":"search_term_string"}}],"inLanguage":"pt-BR"},{"@type":"Organization","@id":"https:\/\/www.catureba.com.br\/baciadojacuipe\/#organization","name":"Bacia do Jacu\u00edpe","url":"https:\/\/www.catureba.com.br\/baciadojacuipe\/","logo":{"@type":"ImageObject","inLanguage":"pt-BR","@id":"https:\/\/www.catureba.com.br\/baciadojacuipe\/#\/schema\/logo\/image\/","url":"https:\/\/www.catureba.com.br\/baciadojacuipe\/wp-content\/uploads\/2025\/08\/cropped-logo.png","contentUrl":"https:\/\/www.catureba.com.br\/baciadojacuipe\/wp-content\/uploads\/2025\/08\/cropped-logo.png","width":149,"height":150,"caption":"Bacia do Jacu\u00edpe"},"image":{"@id":"https:\/\/www.catureba.com.br\/baciadojacuipe\/#\/schema\/logo\/image\/"}},{"@type":"Person","@id":"https:\/\/www.catureba.com.br\/baciadojacuipe\/#\/schema\/person\/ffc8c3b98b65cb69355d29afa2355ba3","name":"Ediom\u00e1rio Catureba","image":{"@type":"ImageObject","inLanguage":"pt-BR","@id":"https:\/\/secure.gravatar.com\/avatar\/63c567ef6e64a56df9e100701cb374d725dbb66b635cd56b3f13f88e28ba235e?s=96&d=mm&r=g","url":"https:\/\/secure.gravatar.com\/avatar\/63c567ef6e64a56df9e100701cb374d725dbb66b635cd56b3f13f88e28ba235e?s=96&d=mm&r=g","contentUrl":"https:\/\/secure.gravatar.com\/avatar\/63c567ef6e64a56df9e100701cb374d725dbb66b635cd56b3f13f88e28ba235e?s=96&d=mm&r=g","caption":"Ediom\u00e1rio Catureba"},"description":"Ediom\u00e1rio Catureba, nascido em 1976 em Baixa Grande, Bahia, \u00e9 jornalista e redator. Al\u00e9m de sua atua\u00e7\u00e3o no jornalismo, Ediom\u00e1rio \u00e9 conhecido por sua participa\u00e7\u00e3o em eventos culturais e sociais na regi\u00e3o. Ediom\u00e1rio tamb\u00e9m \u00e9 respons\u00e1vel pelo site Catureba.com.br, onde publica not\u00edcias e informa\u00e7\u00f5es sobre eventos locais, pol\u00edtica e cultura, contribuindo para a dissemina\u00e7\u00e3o de informa\u00e7\u00f5es na comunidade de Baixa Grande e arredores.","sameAs":["https:\/\/www.catureba.com.br\/baciadojacuipe"],"url":"https:\/\/www.catureba.com.br\/baciadojacuipe\/author\/edyomario\/"}]}},"uagb_featured_image_src":{"full":["https:\/\/www.catureba.com.br\/baciadojacuipe\/wp-content\/uploads\/2013\/02\/foto2.jpg",453,315,false],"thumbnail":["https:\/\/www.catureba.com.br\/baciadojacuipe\/wp-content\/uploads\/2013\/02\/foto2-150x150.jpg",150,150,true],"medium":["https:\/\/www.catureba.com.br\/baciadojacuipe\/wp-content\/uploads\/2013\/02\/foto2-300x209.jpg",300,209,true],"medium_large":["https:\/\/www.catureba.com.br\/baciadojacuipe\/wp-content\/uploads\/2013\/02\/foto2.jpg",453,315,false],"large":["https:\/\/www.catureba.com.br\/baciadojacuipe\/wp-content\/uploads\/2013\/02\/foto2.jpg",453,315,false],"1536x1536":["https:\/\/www.catureba.com.br\/baciadojacuipe\/wp-content\/uploads\/2013\/02\/foto2.jpg",453,315,false],"2048x2048":["https:\/\/www.catureba.com.br\/baciadojacuipe\/wp-content\/uploads\/2013\/02\/foto2.jpg",453,315,false],"cream-magazine-thumbnail-2":["https:\/\/www.catureba.com.br\/baciadojacuipe\/wp-content\/uploads\/2013\/02\/foto2.jpg",453,315,false],"cream-magazine-thumbnail-3":["https:\/\/www.catureba.com.br\/baciadojacuipe\/wp-content\/uploads\/2013\/02\/foto2.jpg",453,315,false],"cream-magazine-thumbnail-4":["https:\/\/www.catureba.com.br\/baciadojacuipe\/wp-content\/uploads\/2013\/02\/foto2.jpg",450,313,false]},"uagb_author_info":{"display_name":"Ediom\u00e1rio Catureba","author_link":"https:\/\/www.catureba.com.br\/baciadojacuipe\/author\/edyomario\/"},"uagb_comment_info":0,"uagb_excerpt":"Na manh\u00e3 da ter\u00e7a-feira, 26 de fevereiro de 2013, centenas de pessoas compareceram \u00e0 Igreja","_links":{"self":[{"href":"https:\/\/www.catureba.com.br\/baciadojacuipe\/wp-json\/wp\/v2\/posts\/716","targetHints":{"allow":["GET"]}}],"collection":[{"href":"https:\/\/www.catureba.com.br\/baciadojacuipe\/wp-json\/wp\/v2\/posts"}],"about":[{"href":"https:\/\/www.catureba.com.br\/baciadojacuipe\/wp-json\/wp\/v2\/types\/post"}],"author":[{"embeddable":true,"href":"https:\/\/www.catureba.com.br\/baciadojacuipe\/wp-json\/wp\/v2\/users\/1"}],"replies":[{"embeddable":true,"href":"https:\/\/www.catureba.com.br\/baciadojacuipe\/wp-json\/wp\/v2\/comments?post=716"}],"version-history":[{"count":3,"href":"https:\/\/www.catureba.com.br\/baciadojacuipe\/wp-json\/wp\/v2\/posts\/716\/revisions"}],"predecessor-version":[{"id":727,"href":"https:\/\/www.catureba.com.br\/baciadojacuipe\/wp-json\/wp\/v2\/posts\/716\/revisions\/727"}],"wp:featuredmedia":[{"embeddable":true,"href":"https:\/\/www.catureba.com.br\/baciadojacuipe\/wp-json\/wp\/v2\/media\/718"}],"wp:attachment":[{"href":"https:\/\/www.catureba.com.br\/baciadojacuipe\/wp-json\/wp\/v2\/media?parent=716"}],"wp:term":[{"taxonomy":"category","embeddable":true,"href":"https:\/\/www.catureba.com.br\/baciadojacuipe\/wp-json\/wp\/v2\/categories?post=716"},{"taxonomy":"post_tag","embeddable":true,"href":"https:\/\/www.catureba.com.br\/baciadojacuipe\/wp-json\/wp\/v2\/tags?post=716"}],"curies":[{"name":"wp","href":"https:\/\/api.w.org\/{rel}","templated":true}]}}