{"id":704,"date":"2009-11-14T08:04:45","date_gmt":"2009-11-14T11:04:45","guid":{"rendered":"https:\/\/www.catureba.com.br\/baciadojacuipe\/?p=704"},"modified":"2026-01-21T08:06:33","modified_gmt":"2026-01-21T11:06:33","slug":"k4-entra-com-o-pe-direito-na-i-copa-de-integracao-de-futebol-amador-das-associacoes-comunitarias-de-baixa-grande","status":"publish","type":"post","link":"https:\/\/www.catureba.com.br\/baciadojacuipe\/2009\/11\/14\/k4-entra-com-o-pe-direito-na-i-copa-de-integracao-de-futebol-amador-das-associacoes-comunitarias-de-baixa-grande\/","title":{"rendered":"K4 entra com o p\u00e9 direito na I Copa de Integra\u00e7\u00e3o de Futebol Amador das Associa\u00e7\u00f5es Comunit\u00e1rias de Baixa Grande"},"content":{"rendered":"<p style=\"text-align: justify;\" data-start=\"268\" data-end=\"577\">A rodada deste domingo, dia 08 de novembro, foi marcada por grandes jogos e belos lances que empolgaram as torcidas que se deslocaram para acompanhar as partidas na zona rural do munic\u00edpio. Um bom p\u00fablico esteve presente, demonstrando que o futebol amador de Baixa Grande vem ganhando cada vez mais prest\u00edgio.<\/p>\n<p style=\"text-align: justify;\" data-start=\"579\" data-end=\"871\">O destaque da rodada ficou por conta do KM 04 Futebol Clube, que jogando fora de casa goleou a equipe da Lagoa do Cip\u00f3 pelo placar de 3 a 1. J\u00e1 o time do Tamburi, que vinha de uma vit\u00f3ria fora de casa, acabou decepcionando sua torcida ao ser derrotado em seus dom\u00ednios pelo Recurso por 2 a 0.<\/p>\n<p data-start=\"579\" data-end=\"871\"><img loading=\"lazy\" decoding=\"async\" class=\"size-full wp-image-706 alignleft\" src=\"https:\/\/www.catureba.com.br\/baciadojacuipe\/wp-content\/uploads\/2026\/01\/foto2-7.jpg\" alt=\"\" width=\"379\" height=\"283\" srcset=\"https:\/\/www.catureba.com.br\/baciadojacuipe\/wp-content\/uploads\/2026\/01\/foto2-7.jpg 379w, https:\/\/www.catureba.com.br\/baciadojacuipe\/wp-content\/uploads\/2026\/01\/foto2-7-300x224.jpg 300w\" sizes=\"auto, (max-width: 379px) 100vw, 379px\" \/><\/p>\n<p style=\"text-align: justify;\" data-start=\"873\" data-end=\"991\">No terceiro confronto do dia, Umbuzeiro e Brejo protagonizaram o jogo mais equilibrado da rodada, com empate em 1 a 1.<\/p>\n<h3 data-start=\"993\" data-end=\"1046\"><strong data-start=\"997\" data-end=\"1044\">Resultados da rodada \u2013 Domingo (08\/11\/2009)<\/strong><\/h3>\n<ul data-start=\"1047\" data-end=\"1175\">\n<li data-start=\"1047\" data-end=\"1087\">\n<p data-start=\"1049\" data-end=\"1087\">Umbuzeiro 1 x 1 Brejo \u2013 no Umbuzeiro<\/p>\n<\/li>\n<li data-start=\"1088\" data-end=\"1136\">\n<p data-start=\"1090\" data-end=\"1136\">Lagoa do Cip\u00f3 1 x 3 KM 04 \u2013 na Lagoa do Cip\u00f3<\/p>\n<\/li>\n<li data-start=\"1137\" data-end=\"1175\">\n<p data-start=\"1139\" data-end=\"1175\">Tamburi 0 x 2 Recurso \u2013 no Tamburi<\/p>\n<\/li>\n<\/ul>\n<h3 data-start=\"1177\" data-end=\"1228\"><strong data-start=\"1181\" data-end=\"1226\">Pr\u00f3ximos jogos \u2013 Domingo (15 de novembro)<\/strong><\/h3>\n<p data-start=\"1229\" data-end=\"1254\"><em data-start=\"1229\" data-end=\"1254\">Todos com in\u00edcio \u00e0s 15h<\/em><\/p>\n<ul data-start=\"1256\" data-end=\"1335\">\n<li data-start=\"1256\" data-end=\"1286\">\n<p data-start=\"1258\" data-end=\"1286\">Lagoa Queimada x Tabuleiro<\/p>\n<\/li>\n<li data-start=\"1287\" data-end=\"1313\">\n<p data-start=\"1289\" data-end=\"1313\">KM 04 x Lagoa do Mam\u00e3o<\/p>\n<\/li>\n<li data-start=\"1314\" data-end=\"1335\">\n<p data-start=\"1316\" data-end=\"1335\">Recurso x Vit\u00f3ria<\/p>\n<\/li>\n<\/ul>\n<p data-start=\"1337\" data-end=\"1463\"><strong data-start=\"1337\" data-end=\"1352\">Realiza\u00e7\u00e3o:<\/strong><br data-start=\"1352\" data-end=\"1355\" \/>FAB \u2013 Federa\u00e7\u00e3o das Associa\u00e7\u00f5es de Baixa Grande<br data-start=\"1402\" data-end=\"1405\" \/>STR \u2013 Sindicato dos Trabalhadores Rurais de Baixa Grande<\/p>\n<p data-start=\"1465\" data-end=\"1504\"><strong data-start=\"1465\" data-end=\"1479\">Cobertura:<\/strong><br data-start=\"1479\" data-end=\"1482\" \/>RC \u2013 Baixa Grande FM<\/p>\n<p style=\"text-align: center;\" data-start=\"1506\" data-end=\"1533\"><a class=\"decorated-link\" href=\"http:\/\/www.baciadojacuipe.com.br\" target=\"_new\" rel=\"noopener\" data-start=\"1506\" data-end=\"1531\">www.baciadojacuipe.com.br<\/a><br \/>\n<strong data-start=\"1535\" data-end=\"1562\">Por: Ediom\u00e1rio Catureba<\/strong><\/p>\n<p data-start=\"1506\" data-end=\"1533\"><img loading=\"lazy\" decoding=\"async\" class=\"aligncenter size-full wp-image-707\" src=\"https:\/\/www.catureba.com.br\/baciadojacuipe\/wp-content\/uploads\/2026\/01\/foto3-2.jpg\" alt=\"\" width=\"379\" height=\"283\" srcset=\"https:\/\/www.catureba.com.br\/baciadojacuipe\/wp-content\/uploads\/2026\/01\/foto3-2.jpg 379w, https:\/\/www.catureba.com.br\/baciadojacuipe\/wp-content\/uploads\/2026\/01\/foto3-2-300x224.jpg 300w\" sizes=\"auto, (max-width: 379px) 100vw, 379px\" \/> <img loading=\"lazy\" decoding=\"async\" class=\"aligncenter size-full wp-image-708\" src=\"https:\/\/www.catureba.com.br\/baciadojacuipe\/wp-content\/uploads\/2026\/01\/foto5-3.jpg\" alt=\"\" width=\"379\" height=\"283\" srcset=\"https:\/\/www.catureba.com.br\/baciadojacuipe\/wp-content\/uploads\/2026\/01\/foto5-3.jpg 379w, https:\/\/www.catureba.com.br\/baciadojacuipe\/wp-content\/uploads\/2026\/01\/foto5-3-300x224.jpg 300w\" sizes=\"auto, (max-width: 379px) 100vw, 379px\" \/> <img loading=\"lazy\" decoding=\"async\" class=\"aligncenter size-full wp-image-709\" src=\"https:\/\/www.catureba.com.br\/baciadojacuipe\/wp-content\/uploads\/2026\/01\/foto6-2.jpg\" alt=\"\" width=\"379\" height=\"283\" srcset=\"https:\/\/www.catureba.com.br\/baciadojacuipe\/wp-content\/uploads\/2026\/01\/foto6-2.jpg 379w, https:\/\/www.catureba.com.br\/baciadojacuipe\/wp-content\/uploads\/2026\/01\/foto6-2-300x224.jpg 300w\" sizes=\"auto, (max-width: 379px) 100vw, 379px\" \/><\/p>\n<div class=\"pvc_clear\"><\/div>\n<p id=\"pvc_stats_704\" class=\"pvc_stats total_only  \" data-element-id=\"704\" style=\"\"><i class=\"pvc-stats-icon medium\" aria-hidden=\"true\"><svg aria-hidden=\"true\" focusable=\"false\" data-prefix=\"far\" data-icon=\"chart-bar\" role=\"img\" xmlns=\"http:\/\/www.w3.org\/2000\/svg\" viewBox=\"0 0 512 512\" class=\"svg-inline--fa fa-chart-bar fa-w-16 fa-2x\"><path fill=\"currentColor\" d=\"M396.8 352h22.4c6.4 0 12.8-6.4 12.8-12.8V108.8c0-6.4-6.4-12.8-12.8-12.8h-22.4c-6.4 0-12.8 6.4-12.8 12.8v230.4c0 6.4 6.4 12.8 12.8 12.8zm-192 0h22.4c6.4 0 12.8-6.4 12.8-12.8V140.8c0-6.4-6.4-12.8-12.8-12.8h-22.4c-6.4 0-12.8 6.4-12.8 12.8v198.4c0 6.4 6.4 12.8 12.8 12.8zm96 0h22.4c6.4 0 12.8-6.4 12.8-12.8V204.8c0-6.4-6.4-12.8-12.8-12.8h-22.4c-6.4 0-12.8 6.4-12.8 12.8v134.4c0 6.4 6.4 12.8 12.8 12.8zM496 400H48V80c0-8.84-7.16-16-16-16H16C7.16 64 0 71.16 0 80v336c0 17.67 14.33 32 32 32h464c8.84 0 16-7.16 16-16v-16c0-8.84-7.16-16-16-16zm-387.2-48h22.4c6.4 0 12.8-6.4 12.8-12.8v-70.4c0-6.4-6.4-12.8-12.8-12.8h-22.4c-6.4 0-12.8 6.4-12.8 12.8v70.4c0 6.4 6.4 12.8 12.8 12.8z\" class=\"\"><\/path><\/svg><\/i> <img loading=\"lazy\" decoding=\"async\" width=\"16\" height=\"16\" alt=\"Loading\" src=\"https:\/\/www.catureba.com.br\/baciadojacuipe\/wp-content\/plugins\/page-views-count\/ajax-loader-2x.gif\" border=0 \/><\/p>\n<div class=\"pvc_clear\"><\/div>\n","protected":false},"excerpt":{"rendered":"<p>A rodada deste domingo, dia 08 de novembro, foi marcada por grandes jogos e belos<\/p>\n<div class=\"pvc_clear\"><\/div>\n<p id=\"pvc_stats_704\" class=\"pvc_stats total_only  \" data-element-id=\"704\" style=\"\"><i class=\"pvc-stats-icon medium\" aria-hidden=\"true\"><svg aria-hidden=\"true\" focusable=\"false\" data-prefix=\"far\" data-icon=\"chart-bar\" role=\"img\" xmlns=\"http:\/\/www.w3.org\/2000\/svg\" viewBox=\"0 0 512 512\" class=\"svg-inline--fa fa-chart-bar fa-w-16 fa-2x\"><path fill=\"currentColor\" d=\"M396.8 352h22.4c6.4 0 12.8-6.4 12.8-12.8V108.8c0-6.4-6.4-12.8-12.8-12.8h-22.4c-6.4 0-12.8 6.4-12.8 12.8v230.4c0 6.4 6.4 12.8 12.8 12.8zm-192 0h22.4c6.4 0 12.8-6.4 12.8-12.8V140.8c0-6.4-6.4-12.8-12.8-12.8h-22.4c-6.4 0-12.8 6.4-12.8 12.8v198.4c0 6.4 6.4 12.8 12.8 12.8zm96 0h22.4c6.4 0 12.8-6.4 12.8-12.8V204.8c0-6.4-6.4-12.8-12.8-12.8h-22.4c-6.4 0-12.8 6.4-12.8 12.8v134.4c0 6.4 6.4 12.8 12.8 12.8zM496 400H48V80c0-8.84-7.16-16-16-16H16C7.16 64 0 71.16 0 80v336c0 17.67 14.33 32 32 32h464c8.84 0 16-7.16 16-16v-16c0-8.84-7.16-16-16-16zm-387.2-48h22.4c6.4 0 12.8-6.4 12.8-12.8v-70.4c0-6.4-6.4-12.8-12.8-12.8h-22.4c-6.4 0-12.8 6.4-12.8 12.8v70.4c0 6.4 6.4 12.8 12.8 12.8z\" class=\"\"><\/path><\/svg><\/i> <img loading=\"lazy\" decoding=\"async\" width=\"16\" height=\"16\" alt=\"Loading\" src=\"https:\/\/www.catureba.com.br\/baciadojacuipe\/wp-content\/plugins\/page-views-count\/ajax-loader-2x.gif\" border=0 \/><\/p>\n<div class=\"pvc_clear\"><\/div>\n","protected":false},"author":1,"featured_media":705,"comment_status":"closed","ping_status":"open","sticky":false,"template":"","format":"standard","meta":{"_uag_custom_page_level_css":"","footnotes":""},"categories":[6],"tags":[],"class_list":["post-704","post","type-post","status-publish","format-standard","has-post-thumbnail","hentry","category-baixa-grande"],"a3_pvc":{"activated":true,"total_views":1206,"today_views":0},"yoast_head":"<!-- This site is optimized with the Yoast SEO plugin v27.4 - https:\/\/yoast.com\/product\/yoast-seo-wordpress\/ -->\n<title>K4 entra com o p\u00e9 direito na I Copa de Integra\u00e7\u00e3o de Futebol Amador das Associa\u00e7\u00f5es Comunit\u00e1rias de Baixa Grande - Bacia do Jacu\u00edpe<\/title>\n<meta name=\"robots\" content=\"index, follow, max-snippet:-1, max-image-preview:large, max-video-preview:-1\" \/>\n<link rel=\"canonical\" href=\"https:\/\/www.catureba.com.br\/baciadojacuipe\/2009\/11\/14\/k4-entra-com-o-pe-direito-na-i-copa-de-integracao-de-futebol-amador-das-associacoes-comunitarias-de-baixa-grande\/\" \/>\n<meta property=\"og:locale\" content=\"pt_BR\" \/>\n<meta property=\"og:type\" content=\"article\" \/>\n<meta property=\"og:title\" content=\"K4 entra com o p\u00e9 direito na I Copa de Integra\u00e7\u00e3o de Futebol Amador das Associa\u00e7\u00f5es Comunit\u00e1rias de Baixa Grande - Bacia do Jacu\u00edpe\" \/>\n<meta property=\"og:description\" content=\"A rodada deste domingo, dia 08 de novembro, foi marcada por grandes jogos e belos\" \/>\n<meta property=\"og:url\" content=\"https:\/\/www.catureba.com.br\/baciadojacuipe\/2009\/11\/14\/k4-entra-com-o-pe-direito-na-i-copa-de-integracao-de-futebol-amador-das-associacoes-comunitarias-de-baixa-grande\/\" \/>\n<meta property=\"og:site_name\" content=\"Bacia do Jacu\u00edpe\" \/>\n<meta property=\"article:published_time\" content=\"2009-11-14T11:04:45+00:00\" \/>\n<meta property=\"article:modified_time\" content=\"2026-01-21T11:06:33+00:00\" \/>\n<meta property=\"og:image\" content=\"https:\/\/www.catureba.com.br\/baciadojacuipe\/wp-content\/uploads\/2026\/01\/foto1-9.jpg\" \/>\n\t<meta property=\"og:image:width\" content=\"379\" \/>\n\t<meta property=\"og:image:height\" content=\"283\" \/>\n\t<meta property=\"og:image:type\" content=\"image\/jpeg\" \/>\n<meta name=\"author\" content=\"Ediom\u00e1rio Catureba\" \/>\n<meta name=\"twitter:card\" content=\"summary_large_image\" \/>\n<meta name=\"twitter:label1\" content=\"Escrito por\" \/>\n\t<meta name=\"twitter:data1\" content=\"Ediom\u00e1rio Catureba\" \/>\n\t<meta name=\"twitter:label2\" content=\"Est. tempo de leitura\" \/>\n\t<meta name=\"twitter:data2\" content=\"3 minutos\" \/>\n<script type=\"application\/ld+json\" class=\"yoast-schema-graph\">{\"@context\":\"https:\\\/\\\/schema.org\",\"@graph\":[{\"@type\":\"Article\",\"@id\":\"https:\\\/\\\/www.catureba.com.br\\\/baciadojacuipe\\\/2009\\\/11\\\/14\\\/k4-entra-com-o-pe-direito-na-i-copa-de-integracao-de-futebol-amador-das-associacoes-comunitarias-de-baixa-grande\\\/#article\",\"isPartOf\":{\"@id\":\"https:\\\/\\\/www.catureba.com.br\\\/baciadojacuipe\\\/2009\\\/11\\\/14\\\/k4-entra-com-o-pe-direito-na-i-copa-de-integracao-de-futebol-amador-das-associacoes-comunitarias-de-baixa-grande\\\/\"},\"author\":{\"name\":\"Ediom\u00e1rio Catureba\",\"@id\":\"https:\\\/\\\/www.catureba.com.br\\\/baciadojacuipe\\\/#\\\/schema\\\/person\\\/ffc8c3b98b65cb69355d29afa2355ba3\"},\"headline\":\"K4 entra com o p\u00e9 direito na I Copa de Integra\u00e7\u00e3o de Futebol Amador das Associa\u00e7\u00f5es Comunit\u00e1rias de Baixa Grande\",\"datePublished\":\"2009-11-14T11:04:45+00:00\",\"dateModified\":\"2026-01-21T11:06:33+00:00\",\"mainEntityOfPage\":{\"@id\":\"https:\\\/\\\/www.catureba.com.br\\\/baciadojacuipe\\\/2009\\\/11\\\/14\\\/k4-entra-com-o-pe-direito-na-i-copa-de-integracao-de-futebol-amador-das-associacoes-comunitarias-de-baixa-grande\\\/\"},\"wordCount\":231,\"publisher\":{\"@id\":\"https:\\\/\\\/www.catureba.com.br\\\/baciadojacuipe\\\/#organization\"},\"image\":{\"@id\":\"https:\\\/\\\/www.catureba.com.br\\\/baciadojacuipe\\\/2009\\\/11\\\/14\\\/k4-entra-com-o-pe-direito-na-i-copa-de-integracao-de-futebol-amador-das-associacoes-comunitarias-de-baixa-grande\\\/#primaryimage\"},\"thumbnailUrl\":\"https:\\\/\\\/www.catureba.com.br\\\/baciadojacuipe\\\/wp-content\\\/uploads\\\/2026\\\/01\\\/foto1-9.jpg\",\"articleSection\":[\"Baixa Grande\"],\"inLanguage\":\"pt-BR\"},{\"@type\":\"WebPage\",\"@id\":\"https:\\\/\\\/www.catureba.com.br\\\/baciadojacuipe\\\/2009\\\/11\\\/14\\\/k4-entra-com-o-pe-direito-na-i-copa-de-integracao-de-futebol-amador-das-associacoes-comunitarias-de-baixa-grande\\\/\",\"url\":\"https:\\\/\\\/www.catureba.com.br\\\/baciadojacuipe\\\/2009\\\/11\\\/14\\\/k4-entra-com-o-pe-direito-na-i-copa-de-integracao-de-futebol-amador-das-associacoes-comunitarias-de-baixa-grande\\\/\",\"name\":\"K4 entra com o p\u00e9 direito na I Copa de Integra\u00e7\u00e3o de Futebol Amador das Associa\u00e7\u00f5es Comunit\u00e1rias de Baixa Grande - Bacia do Jacu\u00edpe\",\"isPartOf\":{\"@id\":\"https:\\\/\\\/www.catureba.com.br\\\/baciadojacuipe\\\/#website\"},\"primaryImageOfPage\":{\"@id\":\"https:\\\/\\\/www.catureba.com.br\\\/baciadojacuipe\\\/2009\\\/11\\\/14\\\/k4-entra-com-o-pe-direito-na-i-copa-de-integracao-de-futebol-amador-das-associacoes-comunitarias-de-baixa-grande\\\/#primaryimage\"},\"image\":{\"@id\":\"https:\\\/\\\/www.catureba.com.br\\\/baciadojacuipe\\\/2009\\\/11\\\/14\\\/k4-entra-com-o-pe-direito-na-i-copa-de-integracao-de-futebol-amador-das-associacoes-comunitarias-de-baixa-grande\\\/#primaryimage\"},\"thumbnailUrl\":\"https:\\\/\\\/www.catureba.com.br\\\/baciadojacuipe\\\/wp-content\\\/uploads\\\/2026\\\/01\\\/foto1-9.jpg\",\"datePublished\":\"2009-11-14T11:04:45+00:00\",\"dateModified\":\"2026-01-21T11:06:33+00:00\",\"breadcrumb\":{\"@id\":\"https:\\\/\\\/www.catureba.com.br\\\/baciadojacuipe\\\/2009\\\/11\\\/14\\\/k4-entra-com-o-pe-direito-na-i-copa-de-integracao-de-futebol-amador-das-associacoes-comunitarias-de-baixa-grande\\\/#breadcrumb\"},\"inLanguage\":\"pt-BR\",\"potentialAction\":[{\"@type\":\"ReadAction\",\"target\":[\"https:\\\/\\\/www.catureba.com.br\\\/baciadojacuipe\\\/2009\\\/11\\\/14\\\/k4-entra-com-o-pe-direito-na-i-copa-de-integracao-de-futebol-amador-das-associacoes-comunitarias-de-baixa-grande\\\/\"]}]},{\"@type\":\"ImageObject\",\"inLanguage\":\"pt-BR\",\"@id\":\"https:\\\/\\\/www.catureba.com.br\\\/baciadojacuipe\\\/2009\\\/11\\\/14\\\/k4-entra-com-o-pe-direito-na-i-copa-de-integracao-de-futebol-amador-das-associacoes-comunitarias-de-baixa-grande\\\/#primaryimage\",\"url\":\"https:\\\/\\\/www.catureba.com.br\\\/baciadojacuipe\\\/wp-content\\\/uploads\\\/2026\\\/01\\\/foto1-9.jpg\",\"contentUrl\":\"https:\\\/\\\/www.catureba.com.br\\\/baciadojacuipe\\\/wp-content\\\/uploads\\\/2026\\\/01\\\/foto1-9.jpg\",\"width\":379,\"height\":283},{\"@type\":\"BreadcrumbList\",\"@id\":\"https:\\\/\\\/www.catureba.com.br\\\/baciadojacuipe\\\/2009\\\/11\\\/14\\\/k4-entra-com-o-pe-direito-na-i-copa-de-integracao-de-futebol-amador-das-associacoes-comunitarias-de-baixa-grande\\\/#breadcrumb\",\"itemListElement\":[{\"@type\":\"ListItem\",\"position\":1,\"name\":\"In\u00edcio\",\"item\":\"https:\\\/\\\/www.catureba.com.br\\\/baciadojacuipe\\\/\"},{\"@type\":\"ListItem\",\"position\":2,\"name\":\"K4 entra com o p\u00e9 direito na I Copa de Integra\u00e7\u00e3o de Futebol Amador das Associa\u00e7\u00f5es Comunit\u00e1rias de Baixa Grande\"}]},{\"@type\":\"WebSite\",\"@id\":\"https:\\\/\\\/www.catureba.com.br\\\/baciadojacuipe\\\/#website\",\"url\":\"https:\\\/\\\/www.catureba.com.br\\\/baciadojacuipe\\\/\",\"name\":\"Bacia do Jacu\u00edpe\",\"description\":\"15 Munic\u00edpios em um s\u00f3 Lugar\",\"publisher\":{\"@id\":\"https:\\\/\\\/www.catureba.com.br\\\/baciadojacuipe\\\/#organization\"},\"potentialAction\":[{\"@type\":\"SearchAction\",\"target\":{\"@type\":\"EntryPoint\",\"urlTemplate\":\"https:\\\/\\\/www.catureba.com.br\\\/baciadojacuipe\\\/?s={search_term_string}\"},\"query-input\":{\"@type\":\"PropertyValueSpecification\",\"valueRequired\":true,\"valueName\":\"search_term_string\"}}],\"inLanguage\":\"pt-BR\"},{\"@type\":\"Organization\",\"@id\":\"https:\\\/\\\/www.catureba.com.br\\\/baciadojacuipe\\\/#organization\",\"name\":\"Bacia do Jacu\u00edpe\",\"url\":\"https:\\\/\\\/www.catureba.com.br\\\/baciadojacuipe\\\/\",\"logo\":{\"@type\":\"ImageObject\",\"inLanguage\":\"pt-BR\",\"@id\":\"https:\\\/\\\/www.catureba.com.br\\\/baciadojacuipe\\\/#\\\/schema\\\/logo\\\/image\\\/\",\"url\":\"https:\\\/\\\/www.catureba.com.br\\\/baciadojacuipe\\\/wp-content\\\/uploads\\\/2025\\\/08\\\/cropped-logo.png\",\"contentUrl\":\"https:\\\/\\\/www.catureba.com.br\\\/baciadojacuipe\\\/wp-content\\\/uploads\\\/2025\\\/08\\\/cropped-logo.png\",\"width\":149,\"height\":150,\"caption\":\"Bacia do Jacu\u00edpe\"},\"image\":{\"@id\":\"https:\\\/\\\/www.catureba.com.br\\\/baciadojacuipe\\\/#\\\/schema\\\/logo\\\/image\\\/\"}},{\"@type\":\"Person\",\"@id\":\"https:\\\/\\\/www.catureba.com.br\\\/baciadojacuipe\\\/#\\\/schema\\\/person\\\/ffc8c3b98b65cb69355d29afa2355ba3\",\"name\":\"Ediom\u00e1rio Catureba\",\"image\":{\"@type\":\"ImageObject\",\"inLanguage\":\"pt-BR\",\"@id\":\"https:\\\/\\\/secure.gravatar.com\\\/avatar\\\/63c567ef6e64a56df9e100701cb374d725dbb66b635cd56b3f13f88e28ba235e?s=96&d=mm&r=g\",\"url\":\"https:\\\/\\\/secure.gravatar.com\\\/avatar\\\/63c567ef6e64a56df9e100701cb374d725dbb66b635cd56b3f13f88e28ba235e?s=96&d=mm&r=g\",\"contentUrl\":\"https:\\\/\\\/secure.gravatar.com\\\/avatar\\\/63c567ef6e64a56df9e100701cb374d725dbb66b635cd56b3f13f88e28ba235e?s=96&d=mm&r=g\",\"caption\":\"Ediom\u00e1rio Catureba\"},\"description\":\"Ediom\u00e1rio Catureba, nascido em 1976 em Baixa Grande, Bahia, \u00e9 jornalista e redator. Al\u00e9m de sua atua\u00e7\u00e3o no jornalismo, Ediom\u00e1rio \u00e9 conhecido por sua participa\u00e7\u00e3o em eventos culturais e sociais na regi\u00e3o. Ediom\u00e1rio tamb\u00e9m \u00e9 respons\u00e1vel pelo site Catureba.com.br, onde publica not\u00edcias e informa\u00e7\u00f5es sobre eventos locais, pol\u00edtica e cultura, contribuindo para a dissemina\u00e7\u00e3o de informa\u00e7\u00f5es na comunidade de Baixa Grande e arredores.\",\"sameAs\":[\"https:\\\/\\\/www.catureba.com.br\\\/baciadojacuipe\"],\"url\":\"https:\\\/\\\/www.catureba.com.br\\\/baciadojacuipe\\\/author\\\/edyomario\\\/\"}]}<\/script>\n<!-- \/ Yoast SEO plugin. -->","yoast_head_json":{"title":"K4 entra com o p\u00e9 direito na I Copa de Integra\u00e7\u00e3o de Futebol Amador das Associa\u00e7\u00f5es Comunit\u00e1rias de Baixa Grande - Bacia do Jacu\u00edpe","robots":{"index":"index","follow":"follow","max-snippet":"max-snippet:-1","max-image-preview":"max-image-preview:large","max-video-preview":"max-video-preview:-1"},"canonical":"https:\/\/www.catureba.com.br\/baciadojacuipe\/2009\/11\/14\/k4-entra-com-o-pe-direito-na-i-copa-de-integracao-de-futebol-amador-das-associacoes-comunitarias-de-baixa-grande\/","og_locale":"pt_BR","og_type":"article","og_title":"K4 entra com o p\u00e9 direito na I Copa de Integra\u00e7\u00e3o de Futebol Amador das Associa\u00e7\u00f5es Comunit\u00e1rias de Baixa Grande - Bacia do Jacu\u00edpe","og_description":"A rodada deste domingo, dia 08 de novembro, foi marcada por grandes jogos e belos","og_url":"https:\/\/www.catureba.com.br\/baciadojacuipe\/2009\/11\/14\/k4-entra-com-o-pe-direito-na-i-copa-de-integracao-de-futebol-amador-das-associacoes-comunitarias-de-baixa-grande\/","og_site_name":"Bacia do Jacu\u00edpe","article_published_time":"2009-11-14T11:04:45+00:00","article_modified_time":"2026-01-21T11:06:33+00:00","og_image":[{"width":379,"height":283,"url":"https:\/\/www.catureba.com.br\/baciadojacuipe\/wp-content\/uploads\/2026\/01\/foto1-9.jpg","type":"image\/jpeg"}],"author":"Ediom\u00e1rio Catureba","twitter_card":"summary_large_image","twitter_misc":{"Escrito por":"Ediom\u00e1rio Catureba","Est. tempo de leitura":"3 minutos"},"schema":{"@context":"https:\/\/schema.org","@graph":[{"@type":"Article","@id":"https:\/\/www.catureba.com.br\/baciadojacuipe\/2009\/11\/14\/k4-entra-com-o-pe-direito-na-i-copa-de-integracao-de-futebol-amador-das-associacoes-comunitarias-de-baixa-grande\/#article","isPartOf":{"@id":"https:\/\/www.catureba.com.br\/baciadojacuipe\/2009\/11\/14\/k4-entra-com-o-pe-direito-na-i-copa-de-integracao-de-futebol-amador-das-associacoes-comunitarias-de-baixa-grande\/"},"author":{"name":"Ediom\u00e1rio Catureba","@id":"https:\/\/www.catureba.com.br\/baciadojacuipe\/#\/schema\/person\/ffc8c3b98b65cb69355d29afa2355ba3"},"headline":"K4 entra com o p\u00e9 direito na I Copa de Integra\u00e7\u00e3o de Futebol Amador das Associa\u00e7\u00f5es Comunit\u00e1rias de Baixa Grande","datePublished":"2009-11-14T11:04:45+00:00","dateModified":"2026-01-21T11:06:33+00:00","mainEntityOfPage":{"@id":"https:\/\/www.catureba.com.br\/baciadojacuipe\/2009\/11\/14\/k4-entra-com-o-pe-direito-na-i-copa-de-integracao-de-futebol-amador-das-associacoes-comunitarias-de-baixa-grande\/"},"wordCount":231,"publisher":{"@id":"https:\/\/www.catureba.com.br\/baciadojacuipe\/#organization"},"image":{"@id":"https:\/\/www.catureba.com.br\/baciadojacuipe\/2009\/11\/14\/k4-entra-com-o-pe-direito-na-i-copa-de-integracao-de-futebol-amador-das-associacoes-comunitarias-de-baixa-grande\/#primaryimage"},"thumbnailUrl":"https:\/\/www.catureba.com.br\/baciadojacuipe\/wp-content\/uploads\/2026\/01\/foto1-9.jpg","articleSection":["Baixa Grande"],"inLanguage":"pt-BR"},{"@type":"WebPage","@id":"https:\/\/www.catureba.com.br\/baciadojacuipe\/2009\/11\/14\/k4-entra-com-o-pe-direito-na-i-copa-de-integracao-de-futebol-amador-das-associacoes-comunitarias-de-baixa-grande\/","url":"https:\/\/www.catureba.com.br\/baciadojacuipe\/2009\/11\/14\/k4-entra-com-o-pe-direito-na-i-copa-de-integracao-de-futebol-amador-das-associacoes-comunitarias-de-baixa-grande\/","name":"K4 entra com o p\u00e9 direito na I Copa de Integra\u00e7\u00e3o de Futebol Amador das Associa\u00e7\u00f5es Comunit\u00e1rias de Baixa Grande - Bacia do Jacu\u00edpe","isPartOf":{"@id":"https:\/\/www.catureba.com.br\/baciadojacuipe\/#website"},"primaryImageOfPage":{"@id":"https:\/\/www.catureba.com.br\/baciadojacuipe\/2009\/11\/14\/k4-entra-com-o-pe-direito-na-i-copa-de-integracao-de-futebol-amador-das-associacoes-comunitarias-de-baixa-grande\/#primaryimage"},"image":{"@id":"https:\/\/www.catureba.com.br\/baciadojacuipe\/2009\/11\/14\/k4-entra-com-o-pe-direito-na-i-copa-de-integracao-de-futebol-amador-das-associacoes-comunitarias-de-baixa-grande\/#primaryimage"},"thumbnailUrl":"https:\/\/www.catureba.com.br\/baciadojacuipe\/wp-content\/uploads\/2026\/01\/foto1-9.jpg","datePublished":"2009-11-14T11:04:45+00:00","dateModified":"2026-01-21T11:06:33+00:00","breadcrumb":{"@id":"https:\/\/www.catureba.com.br\/baciadojacuipe\/2009\/11\/14\/k4-entra-com-o-pe-direito-na-i-copa-de-integracao-de-futebol-amador-das-associacoes-comunitarias-de-baixa-grande\/#breadcrumb"},"inLanguage":"pt-BR","potentialAction":[{"@type":"ReadAction","target":["https:\/\/www.catureba.com.br\/baciadojacuipe\/2009\/11\/14\/k4-entra-com-o-pe-direito-na-i-copa-de-integracao-de-futebol-amador-das-associacoes-comunitarias-de-baixa-grande\/"]}]},{"@type":"ImageObject","inLanguage":"pt-BR","@id":"https:\/\/www.catureba.com.br\/baciadojacuipe\/2009\/11\/14\/k4-entra-com-o-pe-direito-na-i-copa-de-integracao-de-futebol-amador-das-associacoes-comunitarias-de-baixa-grande\/#primaryimage","url":"https:\/\/www.catureba.com.br\/baciadojacuipe\/wp-content\/uploads\/2026\/01\/foto1-9.jpg","contentUrl":"https:\/\/www.catureba.com.br\/baciadojacuipe\/wp-content\/uploads\/2026\/01\/foto1-9.jpg","width":379,"height":283},{"@type":"BreadcrumbList","@id":"https:\/\/www.catureba.com.br\/baciadojacuipe\/2009\/11\/14\/k4-entra-com-o-pe-direito-na-i-copa-de-integracao-de-futebol-amador-das-associacoes-comunitarias-de-baixa-grande\/#breadcrumb","itemListElement":[{"@type":"ListItem","position":1,"name":"In\u00edcio","item":"https:\/\/www.catureba.com.br\/baciadojacuipe\/"},{"@type":"ListItem","position":2,"name":"K4 entra com o p\u00e9 direito na I Copa de Integra\u00e7\u00e3o de Futebol Amador das Associa\u00e7\u00f5es Comunit\u00e1rias de Baixa Grande"}]},{"@type":"WebSite","@id":"https:\/\/www.catureba.com.br\/baciadojacuipe\/#website","url":"https:\/\/www.catureba.com.br\/baciadojacuipe\/","name":"Bacia do Jacu\u00edpe","description":"15 Munic\u00edpios em um s\u00f3 Lugar","publisher":{"@id":"https:\/\/www.catureba.com.br\/baciadojacuipe\/#organization"},"potentialAction":[{"@type":"SearchAction","target":{"@type":"EntryPoint","urlTemplate":"https:\/\/www.catureba.com.br\/baciadojacuipe\/?s={search_term_string}"},"query-input":{"@type":"PropertyValueSpecification","valueRequired":true,"valueName":"search_term_string"}}],"inLanguage":"pt-BR"},{"@type":"Organization","@id":"https:\/\/www.catureba.com.br\/baciadojacuipe\/#organization","name":"Bacia do Jacu\u00edpe","url":"https:\/\/www.catureba.com.br\/baciadojacuipe\/","logo":{"@type":"ImageObject","inLanguage":"pt-BR","@id":"https:\/\/www.catureba.com.br\/baciadojacuipe\/#\/schema\/logo\/image\/","url":"https:\/\/www.catureba.com.br\/baciadojacuipe\/wp-content\/uploads\/2025\/08\/cropped-logo.png","contentUrl":"https:\/\/www.catureba.com.br\/baciadojacuipe\/wp-content\/uploads\/2025\/08\/cropped-logo.png","width":149,"height":150,"caption":"Bacia do Jacu\u00edpe"},"image":{"@id":"https:\/\/www.catureba.com.br\/baciadojacuipe\/#\/schema\/logo\/image\/"}},{"@type":"Person","@id":"https:\/\/www.catureba.com.br\/baciadojacuipe\/#\/schema\/person\/ffc8c3b98b65cb69355d29afa2355ba3","name":"Ediom\u00e1rio Catureba","image":{"@type":"ImageObject","inLanguage":"pt-BR","@id":"https:\/\/secure.gravatar.com\/avatar\/63c567ef6e64a56df9e100701cb374d725dbb66b635cd56b3f13f88e28ba235e?s=96&d=mm&r=g","url":"https:\/\/secure.gravatar.com\/avatar\/63c567ef6e64a56df9e100701cb374d725dbb66b635cd56b3f13f88e28ba235e?s=96&d=mm&r=g","contentUrl":"https:\/\/secure.gravatar.com\/avatar\/63c567ef6e64a56df9e100701cb374d725dbb66b635cd56b3f13f88e28ba235e?s=96&d=mm&r=g","caption":"Ediom\u00e1rio Catureba"},"description":"Ediom\u00e1rio Catureba, nascido em 1976 em Baixa Grande, Bahia, \u00e9 jornalista e redator. Al\u00e9m de sua atua\u00e7\u00e3o no jornalismo, Ediom\u00e1rio \u00e9 conhecido por sua participa\u00e7\u00e3o em eventos culturais e sociais na regi\u00e3o. Ediom\u00e1rio tamb\u00e9m \u00e9 respons\u00e1vel pelo site Catureba.com.br, onde publica not\u00edcias e informa\u00e7\u00f5es sobre eventos locais, pol\u00edtica e cultura, contribuindo para a dissemina\u00e7\u00e3o de informa\u00e7\u00f5es na comunidade de Baixa Grande e arredores.","sameAs":["https:\/\/www.catureba.com.br\/baciadojacuipe"],"url":"https:\/\/www.catureba.com.br\/baciadojacuipe\/author\/edyomario\/"}]}},"uagb_featured_image_src":{"full":["https:\/\/www.catureba.com.br\/baciadojacuipe\/wp-content\/uploads\/2026\/01\/foto1-9.jpg",379,283,false],"thumbnail":["https:\/\/www.catureba.com.br\/baciadojacuipe\/wp-content\/uploads\/2026\/01\/foto1-9-150x150.jpg",150,150,true],"medium":["https:\/\/www.catureba.com.br\/baciadojacuipe\/wp-content\/uploads\/2026\/01\/foto1-9-300x224.jpg",300,224,true],"medium_large":["https:\/\/www.catureba.com.br\/baciadojacuipe\/wp-content\/uploads\/2026\/01\/foto1-9.jpg",379,283,false],"large":["https:\/\/www.catureba.com.br\/baciadojacuipe\/wp-content\/uploads\/2026\/01\/foto1-9.jpg",379,283,false],"1536x1536":["https:\/\/www.catureba.com.br\/baciadojacuipe\/wp-content\/uploads\/2026\/01\/foto1-9.jpg",379,283,false],"2048x2048":["https:\/\/www.catureba.com.br\/baciadojacuipe\/wp-content\/uploads\/2026\/01\/foto1-9.jpg",379,283,false],"cream-magazine-thumbnail-2":["https:\/\/www.catureba.com.br\/baciadojacuipe\/wp-content\/uploads\/2026\/01\/foto1-9.jpg",379,283,false],"cream-magazine-thumbnail-3":["https:\/\/www.catureba.com.br\/baciadojacuipe\/wp-content\/uploads\/2026\/01\/foto1-9.jpg",379,283,false],"cream-magazine-thumbnail-4":["https:\/\/www.catureba.com.br\/baciadojacuipe\/wp-content\/uploads\/2026\/01\/foto1-9.jpg",379,283,false]},"uagb_author_info":{"display_name":"Ediom\u00e1rio Catureba","author_link":"https:\/\/www.catureba.com.br\/baciadojacuipe\/author\/edyomario\/"},"uagb_comment_info":0,"uagb_excerpt":"A rodada deste domingo, dia 08 de novembro, foi marcada por grandes jogos e belos","_links":{"self":[{"href":"https:\/\/www.catureba.com.br\/baciadojacuipe\/wp-json\/wp\/v2\/posts\/704","targetHints":{"allow":["GET"]}}],"collection":[{"href":"https:\/\/www.catureba.com.br\/baciadojacuipe\/wp-json\/wp\/v2\/posts"}],"about":[{"href":"https:\/\/www.catureba.com.br\/baciadojacuipe\/wp-json\/wp\/v2\/types\/post"}],"author":[{"embeddable":true,"href":"https:\/\/www.catureba.com.br\/baciadojacuipe\/wp-json\/wp\/v2\/users\/1"}],"replies":[{"embeddable":true,"href":"https:\/\/www.catureba.com.br\/baciadojacuipe\/wp-json\/wp\/v2\/comments?post=704"}],"version-history":[{"count":1,"href":"https:\/\/www.catureba.com.br\/baciadojacuipe\/wp-json\/wp\/v2\/posts\/704\/revisions"}],"predecessor-version":[{"id":710,"href":"https:\/\/www.catureba.com.br\/baciadojacuipe\/wp-json\/wp\/v2\/posts\/704\/revisions\/710"}],"wp:featuredmedia":[{"embeddable":true,"href":"https:\/\/www.catureba.com.br\/baciadojacuipe\/wp-json\/wp\/v2\/media\/705"}],"wp:attachment":[{"href":"https:\/\/www.catureba.com.br\/baciadojacuipe\/wp-json\/wp\/v2\/media?parent=704"}],"wp:term":[{"taxonomy":"category","embeddable":true,"href":"https:\/\/www.catureba.com.br\/baciadojacuipe\/wp-json\/wp\/v2\/categories?post=704"},{"taxonomy":"post_tag","embeddable":true,"href":"https:\/\/www.catureba.com.br\/baciadojacuipe\/wp-json\/wp\/v2\/tags?post=704"}],"curies":[{"name":"wp","href":"https:\/\/api.w.org\/{rel}","templated":true}]}}