{"id":700,"date":"2009-11-12T07:56:13","date_gmt":"2009-11-12T10:56:13","guid":{"rendered":"https:\/\/www.catureba.com.br\/baciadojacuipe\/?p=700"},"modified":"2026-01-21T08:01:12","modified_gmt":"2026-01-21T11:01:12","slug":"audiencia-publica-discutiu-seguranca-na-bacia-do-jacuipe-e-familia-levou-caixao-para-o-local","status":"publish","type":"post","link":"https:\/\/www.catureba.com.br\/baciadojacuipe\/2009\/11\/12\/audiencia-publica-discutiu-seguranca-na-bacia-do-jacuipe-e-familia-levou-caixao-para-o-local\/","title":{"rendered":"Audi\u00eancia P\u00fablica discutiu Seguran\u00e7a na Bacia do Jacu\u00edpe e fam\u00edlia levou caix\u00e3o para o local"},"content":{"rendered":"<p style=\"text-align: justify;\">O encontro contou com a presen\u00e7a do secret\u00e1rio de Seguran\u00e7a P\u00fablica do Estado, C\u00e9sar Nunes e representantes dos 14 munic\u00edpios da bacia do jacu\u00edpe<br \/>\nSete prefeitos, dos quatorze munic\u00edpios pertencentes ao territ\u00f3rio do Jacuipe, al\u00e9m de representantes da sociedade civil, participaram ter\u00e7a-feira (10) de uma audi\u00eancia realizada no Centro de Forma\u00e7\u00e3o do Sindicato dos Trabalhadores Rurais de Riach\u00e3o do Jacuipe, promovida pelo Conselho de Desenvolvimento da Bacia do Jacu\u00edpe, para discutir Seguran\u00e7a P\u00fablica no Territ\u00f3rio.<br \/>\nO evento come\u00e7ou com 90 minutos de atraso por causa de uma mudan\u00e7a na agenda do secret\u00e1rio estadual de Seguran\u00e7a P\u00fablica C\u00e9sar Nunes, e discutiu por duas horas medidas para garantir a redu\u00e7\u00e3o da viol\u00eancia e formulou propostas de seguran\u00e7a na Bacia do Jacu\u00edpe.<\/p>\n<p>Para a deputada Neusa Cadore, uma das incentivadoras para realiza\u00e7\u00e3o da audi\u00eancia, a mobiliza\u00e7\u00e3o de todos os setores da sociedade \u00e9 fundamental para a discuss\u00e3o e elabora\u00e7\u00e3o de medidas efetivas de combate e preven\u00e7\u00e3o \u00e0 viol\u00eancia e para a constru\u00e7\u00e3o de pol\u00edticas p\u00fablicas de seguran\u00e7a na regi\u00e3o.<\/p>\n<p>Codes Jacuipe &#8211; Coordenado pelo prefeito de Pintadas Valcir Rios (PT), o territ\u00f3rio do Jacuipe \u00e9 composto por 14 munic\u00edpios e tem uma popula\u00e7\u00e3o de aproximadamente 240 mil habitantes, cuja renda principal \u00e9 a economia rural. Segundo Rios, o agricultor est\u00e1 com medo de permanecer no campo por causa da viol\u00eancia no meio rural e &#8220;se faz necess\u00e1rio a presen\u00e7a de uma pol\u00edcia especifica para esta regi\u00e3o&#8221;.<br \/>\nMostrando a gravidade do problema, o prefeito de Pintadas informou ao secret\u00e1rio que as feiras-livres est\u00e3o diminuindo em todas as cidades, pois as pessoas ficam com receio de deixar suas casas fechadas e quando retornarem encontrar arrombadas.<\/p>\n<p>O prefeito de Riach\u00e3o do Jacuipe, a segunda maior cidade do territ\u00f3rio, Lauro Falc\u00e3o (PMDB), lamentou a sa\u00edda da CAEL, conhecida por policia da caatinga, da regi\u00e3o e durante o pronunciamento, apelou para o secret\u00e1rio Nunes que autorizasse o seu retorno, pois a prefeitura continuaria dando todo apoio.<\/p>\n<p>Riach\u00e3o do Jacuipe tem uma \u00e1rea territorial de 1.199 km\u00b2, com uma popula\u00e7\u00e3o de aproximadamente 36 mil habitantes e conta apenas com um efetivo policial de 23 policiais militares, com duas viaturas e duas motos.<\/p>\n<p>A C\u00e2mara de Vereadores do munic\u00edpio, segundo informou o vereador Jos\u00e9 Nivaldo Cordeiro (PRB), conhecido por Ninho Moto Boy, se reuniu na sexta-feira e elaborou uma pauta de reivindica\u00e7\u00f5es que foi entregue ao secret\u00e1rio C\u00e9sar Nunes. Dentre as reivindica\u00e7\u00f5es, os vereadores solicitaram viatura para policia civil, aumento do efetivo da PM, o retorno da CAEL e a cria\u00e7\u00e3o do posto policial para o distrito de Barreiros.<\/p>\n<p>Para o juiz da comarca de Riach\u00e3o, Jos\u00e9 Ferreira Filho, a comunidade esta com um sentimento de desprote\u00e7\u00e3o e esta querendo uma solu\u00e7\u00e3o para aliviar o medo. H\u00e1 exemplo do prefeito Laurinho, o Juiz Ferreira Filho, falou sobre a import\u00e2ncia do retorno da CAEL. &#8220;O juiz como cidad\u00e3o tem o mesmo sentimento do povo&#8221;, assim concluiu o pronunciamento Dr. Ferreirinha.<\/p>\n<p>O prefeito de Baixa Grande, Gilvan Rios (PT) disse que a situa\u00e7\u00e3o em seu munic\u00edpio \u00e9 a pior de todas, pois de uma s\u00f3 vez foram assaltados os dois bancos e a comunidade aplaudiu os assaltantes e vaiaram a policia.<\/p>\n<p>Ele citou o caso de um frentista que foi vitima de assalto por dois menores que moram em frente ao posto de gasolina. &#8220;Eles foram presos, os produtos do roubo recuperado e agora, depois de solto, est\u00e3o amea\u00e7ando a mo\u00e7a de morte e ela quer sair da cidade&#8221;, contou o prefeito. Em Baixa Grande t\u00eam acontecido todos os tipos de delito, roubo as resid\u00eancias, motos, gado, &#8220;enfim, tudo que se pode imaginar e n\u00f3s solicitamos provid\u00eancias ao secret\u00e1rio para que o nosso povo tenha mais tranq\u00fcilidade&#8221;, concluiu Rios.<br \/>\nA situa\u00e7\u00e3o no munic\u00edpio de S\u00e3o Jos\u00e9 do Jacuipe, segundo o prefeito Antonio Roquiides Vilas Boas Almeida, n\u00e3o \u00e9 diferente. &#8220;S\u00f3 temos uma delegada e quatro PM e nosso munic\u00edpio \u00e9 grande, pois temos duas sedes, S\u00e3o Jos\u00e9 e Itatiaia, al\u00e9m de ficarmos pr\u00f3ximo a Capim Grosso e as margens da BR 324&#8221;, destacou Almeida. Ele disse que a prefeitura tem apoiado a manuten\u00e7\u00e3o da policia, mais faz necess\u00e1rio a presen\u00e7a efetiva do estado.<br \/>\nPara Jos\u00e9 Paulo, presidente da UNICAFS\/Nacional, que representou a sociedade civil, o governo tem que aparelhar mais as delegacias com computadores interligados \u00e0 internet e impressora. Ele lembrou a precariedade da delegacia de Santaluz, munic\u00edpio pertencente ao territ\u00f3rio do sisal. &#8220;N\u00e3o tem um computador bom, n\u00e3o tem viatura da policia civil, um agente de policia dar plant\u00e3o durante oito dias e tudo isto relatamos atrav\u00e9s de oficio ao secret\u00e1rio e esperamos que sejamos atendidos&#8221;, falou Z\u00e9 Paulo.<\/p>\n<p>O l\u00edder cooperativista reconhece que a solu\u00e7\u00e3o n\u00e3o \u00e9 apenas um trabalho de policia, mais de toda sociedade, principalmente da fam\u00edlia. &#8220;Agora, \u00e9 necess\u00e1rio um integra\u00e7\u00e3o entre as secretarias e deve acontecer uma integra\u00e7\u00e3o com a Secretaria de Ci\u00eancia e Tecnologia para tender a todas as delegacias com um sistema de inform\u00e1tica moderno&#8221;, concluiu.<\/p>\n<p><strong>Audi\u00eancia positiva<\/strong>\u00a0&#8211; Para o secret\u00e1rio C\u00e9sar Nunes, a audi\u00eancia foi muito positiva. Segundo ele, foi um momento para ouvir as bases e as comunidades e de concreto, &#8220;determinamos a presen\u00e7a da CAEL, n\u00e3o de forma permanente e sim atrav\u00e9s de a\u00e7\u00f5es, al\u00e9m da garantia que t\u00e3o logo seja licitada e adquirida os ve\u00edculos, ser\u00e3o enviados para todos os munic\u00edpios do territ\u00f3rio que ainda n\u00e3o possuam&#8221;.<\/p>\n<p>O Secret\u00e1rio disse que n\u00e3o \u00e9 favor de criar grupos na policia a exemplo da CAEL. &#8220;Sou a favor que seja fortalecido as companhias e os pelot\u00f5es de cada munic\u00edpio, pois o policial que trabalha permanente na cidade conhece o povo e sabe quem \u00e9 quem, al\u00e9m de ter uma intera\u00e7\u00e3o maior com a popula\u00e7\u00e3o e o que devemos \u00e9 fortalecer estas policias civil e militar&#8221;, finalizou.<\/p>\n<p>Familiares levaram o corpo para audi\u00eancia &#8211; O trabalhador rural Alo\u00edsio dos Santos Silva, 43 anos, conhecido por Nini, residente na Fazenda Abobora, 14 km de Riach\u00e3o do Jacuipe e no Km 69 da BR 324, foi vitima de agress\u00f5es a pauladas deferidas por dois homens de identidade desconhecida, quando tirava leite no curral da fazenda do empres\u00e1rio conhecido por Edmundo da Cresau, \u00e1s 05h da manh\u00e3 de quinta-feira (05).<\/p>\n<p>Segundo a sobrinha Ana Lima Santiago, o tio tinha problemas mentais, por\u00e9m n\u00e3o impedia trabalhar e costumava andar com muito dinheiro na carteira e no dia do crime, estima-se que ele estivesse com R$ 3.000,00.<\/p>\n<p>Ele foi encontrado ca\u00eddo dentro do curral por outro sobrinho e a policia j\u00e1 sabe que duas ou tr\u00eas pessoas participaram do latroc\u00ednio, pois testemunhas viram passar correndo e suas pris\u00f5es \u00e9 quest\u00e3o de tempo, garante o delegado de policia de Riach\u00e3o, Carlos Baqueiro.<\/p>\n<p>A vitima foi reanimado por uma irm\u00e3 com quem ele morava a cerca de 200 metros do local da agress\u00e3o, segundo ela, ele foi andando com ajuda dela e de um filho, mas n\u00e3o sabia contar o que tinha acontecido. &#8220;Ao chegar a casa sentou-se no sof\u00e1 e minutos depois come\u00e7ou a vomitar e sangrar pelo ouvido e nariz. Pediu para deitar um pouco e voltou a apresentar sangramento&#8221;, foi quando o levaram para o hospital em Riach\u00e3o do Jacu\u00edpe, e diante do agravamento do quadro de sa\u00fade foi transferido para o Hospital Geral, em Salvador, onde permaneceu internado por cindo dias, vindo a falecer na manh\u00e3 de segunda-feira.<\/p>\n<p>Antes do sepultamento, os familiares resolveram fazer um protesto e levaram o caix\u00e3o para a Prefeitura, F\u00f3rum e ao tomarem conhecimento da presen\u00e7a do secretario de Seguran\u00e7a P\u00fablica no Centro de Forma\u00e7\u00e3o do Sindicato, subiram para o primeiro andar, onde iria acontecer a audi\u00eancia e colocaram sobre a mesa dos trabalhos, onde ficariam as autoridades, sendo retirado depois de um pedido dos policiais, mesmo assim permaneceram em frente do local da audi\u00eancia. Decididos a permanecer at\u00e9 a chegada do Secret\u00e1rio C\u00e9sar Nunes, os familiares, que portavam faixas pedindo justi\u00e7a foram convencidos a continuar o cortejo f\u00fanebre, sepultar o agricultor e depois retornarem para o evento.<\/p>\n<p>O presidente do Sindicato dos Trabalhadores Rurais, Renivaldo Miranda,disse que &#8220;infelizmente aconteceu este caso e foi justo o movimento de reivindica\u00e7\u00e3o da fam\u00edlia&#8221;.<\/p>\n<p>Mimi era solteiro, recebia um sal\u00e1rio desde que sofreu uma queda e que ficou impossibilitado de trabalhar. Segundo os familiares, ele vinha sempre sendo advertido em evitar sair com dinheiro, e que tinha o bolso como local mais seguro para guardar.<\/p>\n<p style=\"text-align: justify;\">\n<h4 style=\"text-align: center;\">www.calilanoticias.com.br<br \/>\nPor: Valdem\u00ed de Assis<\/h4>\n<div class=\"pvc_clear\"><\/div>\n<p id=\"pvc_stats_700\" class=\"pvc_stats total_only  \" data-element-id=\"700\" style=\"\"><i class=\"pvc-stats-icon medium\" aria-hidden=\"true\"><svg aria-hidden=\"true\" focusable=\"false\" data-prefix=\"far\" data-icon=\"chart-bar\" role=\"img\" xmlns=\"http:\/\/www.w3.org\/2000\/svg\" viewBox=\"0 0 512 512\" class=\"svg-inline--fa fa-chart-bar fa-w-16 fa-2x\"><path fill=\"currentColor\" d=\"M396.8 352h22.4c6.4 0 12.8-6.4 12.8-12.8V108.8c0-6.4-6.4-12.8-12.8-12.8h-22.4c-6.4 0-12.8 6.4-12.8 12.8v230.4c0 6.4 6.4 12.8 12.8 12.8zm-192 0h22.4c6.4 0 12.8-6.4 12.8-12.8V140.8c0-6.4-6.4-12.8-12.8-12.8h-22.4c-6.4 0-12.8 6.4-12.8 12.8v198.4c0 6.4 6.4 12.8 12.8 12.8zm96 0h22.4c6.4 0 12.8-6.4 12.8-12.8V204.8c0-6.4-6.4-12.8-12.8-12.8h-22.4c-6.4 0-12.8 6.4-12.8 12.8v134.4c0 6.4 6.4 12.8 12.8 12.8zM496 400H48V80c0-8.84-7.16-16-16-16H16C7.16 64 0 71.16 0 80v336c0 17.67 14.33 32 32 32h464c8.84 0 16-7.16 16-16v-16c0-8.84-7.16-16-16-16zm-387.2-48h22.4c6.4 0 12.8-6.4 12.8-12.8v-70.4c0-6.4-6.4-12.8-12.8-12.8h-22.4c-6.4 0-12.8 6.4-12.8 12.8v70.4c0 6.4 6.4 12.8 12.8 12.8z\" class=\"\"><\/path><\/svg><\/i> <img loading=\"lazy\" decoding=\"async\" width=\"16\" height=\"16\" alt=\"Loading\" src=\"https:\/\/www.catureba.com.br\/baciadojacuipe\/wp-content\/plugins\/page-views-count\/ajax-loader-2x.gif\" border=0 \/><\/p>\n<div class=\"pvc_clear\"><\/div>\n","protected":false},"excerpt":{"rendered":"<p>O encontro contou com a presen\u00e7a do secret\u00e1rio de Seguran\u00e7a P\u00fablica do Estado, C\u00e9sar Nunes<\/p>\n<div class=\"pvc_clear\"><\/div>\n<p id=\"pvc_stats_700\" class=\"pvc_stats total_only  \" data-element-id=\"700\" style=\"\"><i class=\"pvc-stats-icon medium\" aria-hidden=\"true\"><svg aria-hidden=\"true\" focusable=\"false\" data-prefix=\"far\" data-icon=\"chart-bar\" role=\"img\" xmlns=\"http:\/\/www.w3.org\/2000\/svg\" viewBox=\"0 0 512 512\" class=\"svg-inline--fa fa-chart-bar fa-w-16 fa-2x\"><path fill=\"currentColor\" d=\"M396.8 352h22.4c6.4 0 12.8-6.4 12.8-12.8V108.8c0-6.4-6.4-12.8-12.8-12.8h-22.4c-6.4 0-12.8 6.4-12.8 12.8v230.4c0 6.4 6.4 12.8 12.8 12.8zm-192 0h22.4c6.4 0 12.8-6.4 12.8-12.8V140.8c0-6.4-6.4-12.8-12.8-12.8h-22.4c-6.4 0-12.8 6.4-12.8 12.8v198.4c0 6.4 6.4 12.8 12.8 12.8zm96 0h22.4c6.4 0 12.8-6.4 12.8-12.8V204.8c0-6.4-6.4-12.8-12.8-12.8h-22.4c-6.4 0-12.8 6.4-12.8 12.8v134.4c0 6.4 6.4 12.8 12.8 12.8zM496 400H48V80c0-8.84-7.16-16-16-16H16C7.16 64 0 71.16 0 80v336c0 17.67 14.33 32 32 32h464c8.84 0 16-7.16 16-16v-16c0-8.84-7.16-16-16-16zm-387.2-48h22.4c6.4 0 12.8-6.4 12.8-12.8v-70.4c0-6.4-6.4-12.8-12.8-12.8h-22.4c-6.4 0-12.8 6.4-12.8 12.8v70.4c0 6.4 6.4 12.8 12.8 12.8z\" class=\"\"><\/path><\/svg><\/i> <img loading=\"lazy\" decoding=\"async\" width=\"16\" height=\"16\" alt=\"Loading\" src=\"https:\/\/www.catureba.com.br\/baciadojacuipe\/wp-content\/plugins\/page-views-count\/ajax-loader-2x.gif\" border=0 \/><\/p>\n<div class=\"pvc_clear\"><\/div>\n","protected":false},"author":1,"featured_media":702,"comment_status":"closed","ping_status":"open","sticky":false,"template":"","format":"standard","meta":{"_uag_custom_page_level_css":"","footnotes":""},"categories":[10],"tags":[],"class_list":["post-700","post","type-post","status-publish","format-standard","has-post-thumbnail","hentry","category-riachao-do-jacuipe"],"a3_pvc":{"activated":true,"total_views":1349,"today_views":0},"yoast_head":"<!-- This site is optimized with the Yoast SEO plugin v27.4 - https:\/\/yoast.com\/product\/yoast-seo-wordpress\/ -->\n<title>Audi\u00eancia P\u00fablica discutiu Seguran\u00e7a na Bacia do Jacu\u00edpe e fam\u00edlia levou caix\u00e3o para o local - Bacia do Jacu\u00edpe<\/title>\n<meta name=\"robots\" content=\"index, follow, max-snippet:-1, max-image-preview:large, max-video-preview:-1\" \/>\n<link rel=\"canonical\" href=\"https:\/\/www.catureba.com.br\/baciadojacuipe\/2009\/11\/12\/audiencia-publica-discutiu-seguranca-na-bacia-do-jacuipe-e-familia-levou-caixao-para-o-local\/\" \/>\n<meta property=\"og:locale\" content=\"pt_BR\" \/>\n<meta property=\"og:type\" content=\"article\" \/>\n<meta property=\"og:title\" content=\"Audi\u00eancia P\u00fablica discutiu Seguran\u00e7a na Bacia do Jacu\u00edpe e fam\u00edlia levou caix\u00e3o para o local - Bacia do Jacu\u00edpe\" \/>\n<meta property=\"og:description\" content=\"O encontro contou com a presen\u00e7a do secret\u00e1rio de Seguran\u00e7a P\u00fablica do Estado, C\u00e9sar Nunes\" \/>\n<meta property=\"og:url\" content=\"https:\/\/www.catureba.com.br\/baciadojacuipe\/2009\/11\/12\/audiencia-publica-discutiu-seguranca-na-bacia-do-jacuipe-e-familia-levou-caixao-para-o-local\/\" \/>\n<meta property=\"og:site_name\" content=\"Bacia do Jacu\u00edpe\" \/>\n<meta property=\"article:published_time\" content=\"2009-11-12T10:56:13+00:00\" \/>\n<meta property=\"article:modified_time\" content=\"2026-01-21T11:01:12+00:00\" \/>\n<meta property=\"og:image\" content=\"https:\/\/www.catureba.com.br\/baciadojacuipe\/wp-content\/uploads\/2026\/01\/foto1-8.jpg\" \/>\n\t<meta property=\"og:image:width\" content=\"709\" \/>\n\t<meta property=\"og:image:height\" content=\"472\" \/>\n\t<meta property=\"og:image:type\" content=\"image\/jpeg\" \/>\n<meta name=\"author\" content=\"Ediom\u00e1rio Catureba\" \/>\n<meta name=\"twitter:card\" content=\"summary_large_image\" \/>\n<meta name=\"twitter:label1\" content=\"Escrito por\" \/>\n\t<meta name=\"twitter:data1\" content=\"Ediom\u00e1rio Catureba\" \/>\n\t<meta name=\"twitter:label2\" content=\"Est. tempo de leitura\" \/>\n\t<meta name=\"twitter:data2\" content=\"8 minutos\" \/>\n<script type=\"application\/ld+json\" class=\"yoast-schema-graph\">{\"@context\":\"https:\\\/\\\/schema.org\",\"@graph\":[{\"@type\":\"Article\",\"@id\":\"https:\\\/\\\/www.catureba.com.br\\\/baciadojacuipe\\\/2009\\\/11\\\/12\\\/audiencia-publica-discutiu-seguranca-na-bacia-do-jacuipe-e-familia-levou-caixao-para-o-local\\\/#article\",\"isPartOf\":{\"@id\":\"https:\\\/\\\/www.catureba.com.br\\\/baciadojacuipe\\\/2009\\\/11\\\/12\\\/audiencia-publica-discutiu-seguranca-na-bacia-do-jacuipe-e-familia-levou-caixao-para-o-local\\\/\"},\"author\":{\"name\":\"Ediom\u00e1rio Catureba\",\"@id\":\"https:\\\/\\\/www.catureba.com.br\\\/baciadojacuipe\\\/#\\\/schema\\\/person\\\/ffc8c3b98b65cb69355d29afa2355ba3\"},\"headline\":\"Audi\u00eancia P\u00fablica discutiu Seguran\u00e7a na Bacia do Jacu\u00edpe e fam\u00edlia levou caix\u00e3o para o local\",\"datePublished\":\"2009-11-12T10:56:13+00:00\",\"dateModified\":\"2026-01-21T11:01:12+00:00\",\"mainEntityOfPage\":{\"@id\":\"https:\\\/\\\/www.catureba.com.br\\\/baciadojacuipe\\\/2009\\\/11\\\/12\\\/audiencia-publica-discutiu-seguranca-na-bacia-do-jacuipe-e-familia-levou-caixao-para-o-local\\\/\"},\"wordCount\":1537,\"publisher\":{\"@id\":\"https:\\\/\\\/www.catureba.com.br\\\/baciadojacuipe\\\/#organization\"},\"image\":{\"@id\":\"https:\\\/\\\/www.catureba.com.br\\\/baciadojacuipe\\\/2009\\\/11\\\/12\\\/audiencia-publica-discutiu-seguranca-na-bacia-do-jacuipe-e-familia-levou-caixao-para-o-local\\\/#primaryimage\"},\"thumbnailUrl\":\"https:\\\/\\\/www.catureba.com.br\\\/baciadojacuipe\\\/wp-content\\\/uploads\\\/2026\\\/01\\\/foto1-8.jpg\",\"articleSection\":[\"Riach\u00e3o do Jacu\u00edpe\"],\"inLanguage\":\"pt-BR\"},{\"@type\":\"WebPage\",\"@id\":\"https:\\\/\\\/www.catureba.com.br\\\/baciadojacuipe\\\/2009\\\/11\\\/12\\\/audiencia-publica-discutiu-seguranca-na-bacia-do-jacuipe-e-familia-levou-caixao-para-o-local\\\/\",\"url\":\"https:\\\/\\\/www.catureba.com.br\\\/baciadojacuipe\\\/2009\\\/11\\\/12\\\/audiencia-publica-discutiu-seguranca-na-bacia-do-jacuipe-e-familia-levou-caixao-para-o-local\\\/\",\"name\":\"Audi\u00eancia P\u00fablica discutiu Seguran\u00e7a na Bacia do Jacu\u00edpe e fam\u00edlia levou caix\u00e3o para o local - Bacia do Jacu\u00edpe\",\"isPartOf\":{\"@id\":\"https:\\\/\\\/www.catureba.com.br\\\/baciadojacuipe\\\/#website\"},\"primaryImageOfPage\":{\"@id\":\"https:\\\/\\\/www.catureba.com.br\\\/baciadojacuipe\\\/2009\\\/11\\\/12\\\/audiencia-publica-discutiu-seguranca-na-bacia-do-jacuipe-e-familia-levou-caixao-para-o-local\\\/#primaryimage\"},\"image\":{\"@id\":\"https:\\\/\\\/www.catureba.com.br\\\/baciadojacuipe\\\/2009\\\/11\\\/12\\\/audiencia-publica-discutiu-seguranca-na-bacia-do-jacuipe-e-familia-levou-caixao-para-o-local\\\/#primaryimage\"},\"thumbnailUrl\":\"https:\\\/\\\/www.catureba.com.br\\\/baciadojacuipe\\\/wp-content\\\/uploads\\\/2026\\\/01\\\/foto1-8.jpg\",\"datePublished\":\"2009-11-12T10:56:13+00:00\",\"dateModified\":\"2026-01-21T11:01:12+00:00\",\"breadcrumb\":{\"@id\":\"https:\\\/\\\/www.catureba.com.br\\\/baciadojacuipe\\\/2009\\\/11\\\/12\\\/audiencia-publica-discutiu-seguranca-na-bacia-do-jacuipe-e-familia-levou-caixao-para-o-local\\\/#breadcrumb\"},\"inLanguage\":\"pt-BR\",\"potentialAction\":[{\"@type\":\"ReadAction\",\"target\":[\"https:\\\/\\\/www.catureba.com.br\\\/baciadojacuipe\\\/2009\\\/11\\\/12\\\/audiencia-publica-discutiu-seguranca-na-bacia-do-jacuipe-e-familia-levou-caixao-para-o-local\\\/\"]}]},{\"@type\":\"ImageObject\",\"inLanguage\":\"pt-BR\",\"@id\":\"https:\\\/\\\/www.catureba.com.br\\\/baciadojacuipe\\\/2009\\\/11\\\/12\\\/audiencia-publica-discutiu-seguranca-na-bacia-do-jacuipe-e-familia-levou-caixao-para-o-local\\\/#primaryimage\",\"url\":\"https:\\\/\\\/www.catureba.com.br\\\/baciadojacuipe\\\/wp-content\\\/uploads\\\/2026\\\/01\\\/foto1-8.jpg\",\"contentUrl\":\"https:\\\/\\\/www.catureba.com.br\\\/baciadojacuipe\\\/wp-content\\\/uploads\\\/2026\\\/01\\\/foto1-8.jpg\",\"width\":709,\"height\":472,\"caption\":\"SONY DSC\"},{\"@type\":\"BreadcrumbList\",\"@id\":\"https:\\\/\\\/www.catureba.com.br\\\/baciadojacuipe\\\/2009\\\/11\\\/12\\\/audiencia-publica-discutiu-seguranca-na-bacia-do-jacuipe-e-familia-levou-caixao-para-o-local\\\/#breadcrumb\",\"itemListElement\":[{\"@type\":\"ListItem\",\"position\":1,\"name\":\"In\u00edcio\",\"item\":\"https:\\\/\\\/www.catureba.com.br\\\/baciadojacuipe\\\/\"},{\"@type\":\"ListItem\",\"position\":2,\"name\":\"Audi\u00eancia P\u00fablica discutiu Seguran\u00e7a na Bacia do Jacu\u00edpe e fam\u00edlia levou caix\u00e3o para o local\"}]},{\"@type\":\"WebSite\",\"@id\":\"https:\\\/\\\/www.catureba.com.br\\\/baciadojacuipe\\\/#website\",\"url\":\"https:\\\/\\\/www.catureba.com.br\\\/baciadojacuipe\\\/\",\"name\":\"Bacia do Jacu\u00edpe\",\"description\":\"15 Munic\u00edpios em um s\u00f3 Lugar\",\"publisher\":{\"@id\":\"https:\\\/\\\/www.catureba.com.br\\\/baciadojacuipe\\\/#organization\"},\"potentialAction\":[{\"@type\":\"SearchAction\",\"target\":{\"@type\":\"EntryPoint\",\"urlTemplate\":\"https:\\\/\\\/www.catureba.com.br\\\/baciadojacuipe\\\/?s={search_term_string}\"},\"query-input\":{\"@type\":\"PropertyValueSpecification\",\"valueRequired\":true,\"valueName\":\"search_term_string\"}}],\"inLanguage\":\"pt-BR\"},{\"@type\":\"Organization\",\"@id\":\"https:\\\/\\\/www.catureba.com.br\\\/baciadojacuipe\\\/#organization\",\"name\":\"Bacia do Jacu\u00edpe\",\"url\":\"https:\\\/\\\/www.catureba.com.br\\\/baciadojacuipe\\\/\",\"logo\":{\"@type\":\"ImageObject\",\"inLanguage\":\"pt-BR\",\"@id\":\"https:\\\/\\\/www.catureba.com.br\\\/baciadojacuipe\\\/#\\\/schema\\\/logo\\\/image\\\/\",\"url\":\"https:\\\/\\\/www.catureba.com.br\\\/baciadojacuipe\\\/wp-content\\\/uploads\\\/2025\\\/08\\\/cropped-logo.png\",\"contentUrl\":\"https:\\\/\\\/www.catureba.com.br\\\/baciadojacuipe\\\/wp-content\\\/uploads\\\/2025\\\/08\\\/cropped-logo.png\",\"width\":149,\"height\":150,\"caption\":\"Bacia do Jacu\u00edpe\"},\"image\":{\"@id\":\"https:\\\/\\\/www.catureba.com.br\\\/baciadojacuipe\\\/#\\\/schema\\\/logo\\\/image\\\/\"}},{\"@type\":\"Person\",\"@id\":\"https:\\\/\\\/www.catureba.com.br\\\/baciadojacuipe\\\/#\\\/schema\\\/person\\\/ffc8c3b98b65cb69355d29afa2355ba3\",\"name\":\"Ediom\u00e1rio Catureba\",\"image\":{\"@type\":\"ImageObject\",\"inLanguage\":\"pt-BR\",\"@id\":\"https:\\\/\\\/secure.gravatar.com\\\/avatar\\\/63c567ef6e64a56df9e100701cb374d725dbb66b635cd56b3f13f88e28ba235e?s=96&d=mm&r=g\",\"url\":\"https:\\\/\\\/secure.gravatar.com\\\/avatar\\\/63c567ef6e64a56df9e100701cb374d725dbb66b635cd56b3f13f88e28ba235e?s=96&d=mm&r=g\",\"contentUrl\":\"https:\\\/\\\/secure.gravatar.com\\\/avatar\\\/63c567ef6e64a56df9e100701cb374d725dbb66b635cd56b3f13f88e28ba235e?s=96&d=mm&r=g\",\"caption\":\"Ediom\u00e1rio Catureba\"},\"description\":\"Ediom\u00e1rio Catureba, nascido em 1976 em Baixa Grande, Bahia, \u00e9 jornalista e redator. Al\u00e9m de sua atua\u00e7\u00e3o no jornalismo, Ediom\u00e1rio \u00e9 conhecido por sua participa\u00e7\u00e3o em eventos culturais e sociais na regi\u00e3o. Ediom\u00e1rio tamb\u00e9m \u00e9 respons\u00e1vel pelo site Catureba.com.br, onde publica not\u00edcias e informa\u00e7\u00f5es sobre eventos locais, pol\u00edtica e cultura, contribuindo para a dissemina\u00e7\u00e3o de informa\u00e7\u00f5es na comunidade de Baixa Grande e arredores.\",\"sameAs\":[\"https:\\\/\\\/www.catureba.com.br\\\/baciadojacuipe\"],\"url\":\"https:\\\/\\\/www.catureba.com.br\\\/baciadojacuipe\\\/author\\\/edyomario\\\/\"}]}<\/script>\n<!-- \/ Yoast SEO plugin. -->","yoast_head_json":{"title":"Audi\u00eancia P\u00fablica discutiu Seguran\u00e7a na Bacia do Jacu\u00edpe e fam\u00edlia levou caix\u00e3o para o local - Bacia do Jacu\u00edpe","robots":{"index":"index","follow":"follow","max-snippet":"max-snippet:-1","max-image-preview":"max-image-preview:large","max-video-preview":"max-video-preview:-1"},"canonical":"https:\/\/www.catureba.com.br\/baciadojacuipe\/2009\/11\/12\/audiencia-publica-discutiu-seguranca-na-bacia-do-jacuipe-e-familia-levou-caixao-para-o-local\/","og_locale":"pt_BR","og_type":"article","og_title":"Audi\u00eancia P\u00fablica discutiu Seguran\u00e7a na Bacia do Jacu\u00edpe e fam\u00edlia levou caix\u00e3o para o local - Bacia do Jacu\u00edpe","og_description":"O encontro contou com a presen\u00e7a do secret\u00e1rio de Seguran\u00e7a P\u00fablica do Estado, C\u00e9sar Nunes","og_url":"https:\/\/www.catureba.com.br\/baciadojacuipe\/2009\/11\/12\/audiencia-publica-discutiu-seguranca-na-bacia-do-jacuipe-e-familia-levou-caixao-para-o-local\/","og_site_name":"Bacia do Jacu\u00edpe","article_published_time":"2009-11-12T10:56:13+00:00","article_modified_time":"2026-01-21T11:01:12+00:00","og_image":[{"width":709,"height":472,"url":"https:\/\/www.catureba.com.br\/baciadojacuipe\/wp-content\/uploads\/2026\/01\/foto1-8.jpg","type":"image\/jpeg"}],"author":"Ediom\u00e1rio Catureba","twitter_card":"summary_large_image","twitter_misc":{"Escrito por":"Ediom\u00e1rio Catureba","Est. tempo de leitura":"8 minutos"},"schema":{"@context":"https:\/\/schema.org","@graph":[{"@type":"Article","@id":"https:\/\/www.catureba.com.br\/baciadojacuipe\/2009\/11\/12\/audiencia-publica-discutiu-seguranca-na-bacia-do-jacuipe-e-familia-levou-caixao-para-o-local\/#article","isPartOf":{"@id":"https:\/\/www.catureba.com.br\/baciadojacuipe\/2009\/11\/12\/audiencia-publica-discutiu-seguranca-na-bacia-do-jacuipe-e-familia-levou-caixao-para-o-local\/"},"author":{"name":"Ediom\u00e1rio Catureba","@id":"https:\/\/www.catureba.com.br\/baciadojacuipe\/#\/schema\/person\/ffc8c3b98b65cb69355d29afa2355ba3"},"headline":"Audi\u00eancia P\u00fablica discutiu Seguran\u00e7a na Bacia do Jacu\u00edpe e fam\u00edlia levou caix\u00e3o para o local","datePublished":"2009-11-12T10:56:13+00:00","dateModified":"2026-01-21T11:01:12+00:00","mainEntityOfPage":{"@id":"https:\/\/www.catureba.com.br\/baciadojacuipe\/2009\/11\/12\/audiencia-publica-discutiu-seguranca-na-bacia-do-jacuipe-e-familia-levou-caixao-para-o-local\/"},"wordCount":1537,"publisher":{"@id":"https:\/\/www.catureba.com.br\/baciadojacuipe\/#organization"},"image":{"@id":"https:\/\/www.catureba.com.br\/baciadojacuipe\/2009\/11\/12\/audiencia-publica-discutiu-seguranca-na-bacia-do-jacuipe-e-familia-levou-caixao-para-o-local\/#primaryimage"},"thumbnailUrl":"https:\/\/www.catureba.com.br\/baciadojacuipe\/wp-content\/uploads\/2026\/01\/foto1-8.jpg","articleSection":["Riach\u00e3o do Jacu\u00edpe"],"inLanguage":"pt-BR"},{"@type":"WebPage","@id":"https:\/\/www.catureba.com.br\/baciadojacuipe\/2009\/11\/12\/audiencia-publica-discutiu-seguranca-na-bacia-do-jacuipe-e-familia-levou-caixao-para-o-local\/","url":"https:\/\/www.catureba.com.br\/baciadojacuipe\/2009\/11\/12\/audiencia-publica-discutiu-seguranca-na-bacia-do-jacuipe-e-familia-levou-caixao-para-o-local\/","name":"Audi\u00eancia P\u00fablica discutiu Seguran\u00e7a na Bacia do Jacu\u00edpe e fam\u00edlia levou caix\u00e3o para o local - Bacia do Jacu\u00edpe","isPartOf":{"@id":"https:\/\/www.catureba.com.br\/baciadojacuipe\/#website"},"primaryImageOfPage":{"@id":"https:\/\/www.catureba.com.br\/baciadojacuipe\/2009\/11\/12\/audiencia-publica-discutiu-seguranca-na-bacia-do-jacuipe-e-familia-levou-caixao-para-o-local\/#primaryimage"},"image":{"@id":"https:\/\/www.catureba.com.br\/baciadojacuipe\/2009\/11\/12\/audiencia-publica-discutiu-seguranca-na-bacia-do-jacuipe-e-familia-levou-caixao-para-o-local\/#primaryimage"},"thumbnailUrl":"https:\/\/www.catureba.com.br\/baciadojacuipe\/wp-content\/uploads\/2026\/01\/foto1-8.jpg","datePublished":"2009-11-12T10:56:13+00:00","dateModified":"2026-01-21T11:01:12+00:00","breadcrumb":{"@id":"https:\/\/www.catureba.com.br\/baciadojacuipe\/2009\/11\/12\/audiencia-publica-discutiu-seguranca-na-bacia-do-jacuipe-e-familia-levou-caixao-para-o-local\/#breadcrumb"},"inLanguage":"pt-BR","potentialAction":[{"@type":"ReadAction","target":["https:\/\/www.catureba.com.br\/baciadojacuipe\/2009\/11\/12\/audiencia-publica-discutiu-seguranca-na-bacia-do-jacuipe-e-familia-levou-caixao-para-o-local\/"]}]},{"@type":"ImageObject","inLanguage":"pt-BR","@id":"https:\/\/www.catureba.com.br\/baciadojacuipe\/2009\/11\/12\/audiencia-publica-discutiu-seguranca-na-bacia-do-jacuipe-e-familia-levou-caixao-para-o-local\/#primaryimage","url":"https:\/\/www.catureba.com.br\/baciadojacuipe\/wp-content\/uploads\/2026\/01\/foto1-8.jpg","contentUrl":"https:\/\/www.catureba.com.br\/baciadojacuipe\/wp-content\/uploads\/2026\/01\/foto1-8.jpg","width":709,"height":472,"caption":"SONY DSC"},{"@type":"BreadcrumbList","@id":"https:\/\/www.catureba.com.br\/baciadojacuipe\/2009\/11\/12\/audiencia-publica-discutiu-seguranca-na-bacia-do-jacuipe-e-familia-levou-caixao-para-o-local\/#breadcrumb","itemListElement":[{"@type":"ListItem","position":1,"name":"In\u00edcio","item":"https:\/\/www.catureba.com.br\/baciadojacuipe\/"},{"@type":"ListItem","position":2,"name":"Audi\u00eancia P\u00fablica discutiu Seguran\u00e7a na Bacia do Jacu\u00edpe e fam\u00edlia levou caix\u00e3o para o local"}]},{"@type":"WebSite","@id":"https:\/\/www.catureba.com.br\/baciadojacuipe\/#website","url":"https:\/\/www.catureba.com.br\/baciadojacuipe\/","name":"Bacia do Jacu\u00edpe","description":"15 Munic\u00edpios em um s\u00f3 Lugar","publisher":{"@id":"https:\/\/www.catureba.com.br\/baciadojacuipe\/#organization"},"potentialAction":[{"@type":"SearchAction","target":{"@type":"EntryPoint","urlTemplate":"https:\/\/www.catureba.com.br\/baciadojacuipe\/?s={search_term_string}"},"query-input":{"@type":"PropertyValueSpecification","valueRequired":true,"valueName":"search_term_string"}}],"inLanguage":"pt-BR"},{"@type":"Organization","@id":"https:\/\/www.catureba.com.br\/baciadojacuipe\/#organization","name":"Bacia do Jacu\u00edpe","url":"https:\/\/www.catureba.com.br\/baciadojacuipe\/","logo":{"@type":"ImageObject","inLanguage":"pt-BR","@id":"https:\/\/www.catureba.com.br\/baciadojacuipe\/#\/schema\/logo\/image\/","url":"https:\/\/www.catureba.com.br\/baciadojacuipe\/wp-content\/uploads\/2025\/08\/cropped-logo.png","contentUrl":"https:\/\/www.catureba.com.br\/baciadojacuipe\/wp-content\/uploads\/2025\/08\/cropped-logo.png","width":149,"height":150,"caption":"Bacia do Jacu\u00edpe"},"image":{"@id":"https:\/\/www.catureba.com.br\/baciadojacuipe\/#\/schema\/logo\/image\/"}},{"@type":"Person","@id":"https:\/\/www.catureba.com.br\/baciadojacuipe\/#\/schema\/person\/ffc8c3b98b65cb69355d29afa2355ba3","name":"Ediom\u00e1rio Catureba","image":{"@type":"ImageObject","inLanguage":"pt-BR","@id":"https:\/\/secure.gravatar.com\/avatar\/63c567ef6e64a56df9e100701cb374d725dbb66b635cd56b3f13f88e28ba235e?s=96&d=mm&r=g","url":"https:\/\/secure.gravatar.com\/avatar\/63c567ef6e64a56df9e100701cb374d725dbb66b635cd56b3f13f88e28ba235e?s=96&d=mm&r=g","contentUrl":"https:\/\/secure.gravatar.com\/avatar\/63c567ef6e64a56df9e100701cb374d725dbb66b635cd56b3f13f88e28ba235e?s=96&d=mm&r=g","caption":"Ediom\u00e1rio Catureba"},"description":"Ediom\u00e1rio Catureba, nascido em 1976 em Baixa Grande, Bahia, \u00e9 jornalista e redator. Al\u00e9m de sua atua\u00e7\u00e3o no jornalismo, Ediom\u00e1rio \u00e9 conhecido por sua participa\u00e7\u00e3o em eventos culturais e sociais na regi\u00e3o. Ediom\u00e1rio tamb\u00e9m \u00e9 respons\u00e1vel pelo site Catureba.com.br, onde publica not\u00edcias e informa\u00e7\u00f5es sobre eventos locais, pol\u00edtica e cultura, contribuindo para a dissemina\u00e7\u00e3o de informa\u00e7\u00f5es na comunidade de Baixa Grande e arredores.","sameAs":["https:\/\/www.catureba.com.br\/baciadojacuipe"],"url":"https:\/\/www.catureba.com.br\/baciadojacuipe\/author\/edyomario\/"}]}},"uagb_featured_image_src":{"full":["https:\/\/www.catureba.com.br\/baciadojacuipe\/wp-content\/uploads\/2026\/01\/foto1-8.jpg",709,472,false],"thumbnail":["https:\/\/www.catureba.com.br\/baciadojacuipe\/wp-content\/uploads\/2026\/01\/foto1-8-150x150.jpg",150,150,true],"medium":["https:\/\/www.catureba.com.br\/baciadojacuipe\/wp-content\/uploads\/2026\/01\/foto1-8-300x200.jpg",300,200,true],"medium_large":["https:\/\/www.catureba.com.br\/baciadojacuipe\/wp-content\/uploads\/2026\/01\/foto1-8.jpg",640,426,false],"large":["https:\/\/www.catureba.com.br\/baciadojacuipe\/wp-content\/uploads\/2026\/01\/foto1-8.jpg",640,426,false],"1536x1536":["https:\/\/www.catureba.com.br\/baciadojacuipe\/wp-content\/uploads\/2026\/01\/foto1-8.jpg",709,472,false],"2048x2048":["https:\/\/www.catureba.com.br\/baciadojacuipe\/wp-content\/uploads\/2026\/01\/foto1-8.jpg",709,472,false],"cream-magazine-thumbnail-2":["https:\/\/www.catureba.com.br\/baciadojacuipe\/wp-content\/uploads\/2026\/01\/foto1-8.jpg",676,450,false],"cream-magazine-thumbnail-3":["https:\/\/www.catureba.com.br\/baciadojacuipe\/wp-content\/uploads\/2026\/01\/foto1-8.jpg",709,472,false],"cream-magazine-thumbnail-4":["https:\/\/www.catureba.com.br\/baciadojacuipe\/wp-content\/uploads\/2026\/01\/foto1-8.jpg",450,300,false]},"uagb_author_info":{"display_name":"Ediom\u00e1rio Catureba","author_link":"https:\/\/www.catureba.com.br\/baciadojacuipe\/author\/edyomario\/"},"uagb_comment_info":0,"uagb_excerpt":"O encontro contou com a presen\u00e7a do secret\u00e1rio de Seguran\u00e7a P\u00fablica do Estado, C\u00e9sar Nunes","_links":{"self":[{"href":"https:\/\/www.catureba.com.br\/baciadojacuipe\/wp-json\/wp\/v2\/posts\/700","targetHints":{"allow":["GET"]}}],"collection":[{"href":"https:\/\/www.catureba.com.br\/baciadojacuipe\/wp-json\/wp\/v2\/posts"}],"about":[{"href":"https:\/\/www.catureba.com.br\/baciadojacuipe\/wp-json\/wp\/v2\/types\/post"}],"author":[{"embeddable":true,"href":"https:\/\/www.catureba.com.br\/baciadojacuipe\/wp-json\/wp\/v2\/users\/1"}],"replies":[{"embeddable":true,"href":"https:\/\/www.catureba.com.br\/baciadojacuipe\/wp-json\/wp\/v2\/comments?post=700"}],"version-history":[{"count":1,"href":"https:\/\/www.catureba.com.br\/baciadojacuipe\/wp-json\/wp\/v2\/posts\/700\/revisions"}],"predecessor-version":[{"id":703,"href":"https:\/\/www.catureba.com.br\/baciadojacuipe\/wp-json\/wp\/v2\/posts\/700\/revisions\/703"}],"wp:featuredmedia":[{"embeddable":true,"href":"https:\/\/www.catureba.com.br\/baciadojacuipe\/wp-json\/wp\/v2\/media\/702"}],"wp:attachment":[{"href":"https:\/\/www.catureba.com.br\/baciadojacuipe\/wp-json\/wp\/v2\/media?parent=700"}],"wp:term":[{"taxonomy":"category","embeddable":true,"href":"https:\/\/www.catureba.com.br\/baciadojacuipe\/wp-json\/wp\/v2\/categories?post=700"},{"taxonomy":"post_tag","embeddable":true,"href":"https:\/\/www.catureba.com.br\/baciadojacuipe\/wp-json\/wp\/v2\/tags?post=700"}],"curies":[{"name":"wp","href":"https:\/\/api.w.org\/{rel}","templated":true}]}}