{"id":602,"date":"2009-11-03T06:05:50","date_gmt":"2009-11-03T09:05:50","guid":{"rendered":"https:\/\/www.catureba.com.br\/baciadojacuipe\/?p=602"},"modified":"2025-11-22T06:07:29","modified_gmt":"2025-11-22T09:07:29","slug":"i-copa-de-futebol-amador-das-associacoes-comunitarias-de-baixa-grande","status":"publish","type":"post","link":"https:\/\/www.catureba.com.br\/baciadojacuipe\/2009\/11\/03\/i-copa-de-futebol-amador-das-associacoes-comunitarias-de-baixa-grande\/","title":{"rendered":"I Copa de Futebol Amador das Associa\u00e7\u00f5es Comunit\u00e1rias de Baixa Grande"},"content":{"rendered":"<p style=\"text-align: justify;\">A segunda rodada da Copa de Futebol Amador, realizada neste domingo, 1\u00ba de novembro, foi marcada por jogos movimentados e grande participa\u00e7\u00e3o do p\u00fablico amante do esporte. O bom tempo contribuiu para o espet\u00e1culo dentro de campo, que teve como principal destaque a goleada do time de <strong>Vira\u00e7\u00e3o<\/strong>, que venceu <strong>Umbuzeiro<\/strong> por 5 a 0 jogando em casa.<\/p>\n<p style=\"text-align: justify;\">A competi\u00e7\u00e3o tem se consolidado como um importante momento de lazer e integra\u00e7\u00e3o para os moradores de Baixa Grande, al\u00e9m de gerar movimenta\u00e7\u00e3o econ\u00f4mica nas comunidades que recebem as rodadas. A Copa fortalece o esp\u00edrito comunit\u00e1rio e proporciona \u00f3timos confrontos ao p\u00fablico.<\/p>\n<p style=\"text-align: justify;\"><strong>Resultados da II Rodada \u2013 01\/11<\/strong><\/p>\n<ul style=\"text-align: justify;\">\n<li><strong>Vira\u00e7\u00e3o 5 x 0 Umbuzeiro<\/strong> (em Vira\u00e7\u00e3o)<\/li>\n<li><strong>Ma\u00e7aranduba 1 x 0 Lagoa Queimada<\/strong><\/li>\n<li><strong>Vit\u00f3ria 0 x 2 Tamburi<\/strong><\/li>\n<\/ul>\n<p style=\"text-align: justify;\"><strong>Pr\u00f3xima Rodada \u2013 08\/11\/2009, \u00e0s 15h<\/strong><\/p>\n<ul style=\"text-align: justify;\">\n<li><strong>Umbuzeiro x Brejo<\/strong> (no Umbuzeiro)<\/li>\n<li><strong>Lagoa do Cip\u00f3 x KM 04<\/strong> (na Lagoa do Cip\u00f3)<\/li>\n<li><strong>Tamburi x Recurso<\/strong> (no Tamburi)<\/li>\n<\/ul>\n<p style=\"text-align: right;\"><a href=\"http:\/\/www.baciadojacuipe.com.br\">www.baciadojacuipe.com.br<\/a><br \/>\nPor: Ediom\u00e1rio Catureba<\/p>\n<p><img loading=\"lazy\" decoding=\"async\" class=\"aligncenter size-full wp-image-604\" src=\"https:\/\/www.catureba.com.br\/baciadojacuipe\/wp-content\/uploads\/2025\/11\/foto2-1.jpg\" alt=\"\" width=\"379\" height=\"283\" srcset=\"https:\/\/www.catureba.com.br\/baciadojacuipe\/wp-content\/uploads\/2025\/11\/foto2-1.jpg 379w, https:\/\/www.catureba.com.br\/baciadojacuipe\/wp-content\/uploads\/2025\/11\/foto2-1-300x224.jpg 300w\" sizes=\"auto, (max-width: 379px) 100vw, 379px\" \/> <img loading=\"lazy\" decoding=\"async\" class=\"aligncenter size-full wp-image-603\" src=\"https:\/\/www.catureba.com.br\/baciadojacuipe\/wp-content\/uploads\/2025\/11\/foto1-2.jpg\" alt=\"\" width=\"379\" height=\"283\" srcset=\"https:\/\/www.catureba.com.br\/baciadojacuipe\/wp-content\/uploads\/2025\/11\/foto1-2.jpg 379w, https:\/\/www.catureba.com.br\/baciadojacuipe\/wp-content\/uploads\/2025\/11\/foto1-2-300x224.jpg 300w\" sizes=\"auto, (max-width: 379px) 100vw, 379px\" \/><img loading=\"lazy\" decoding=\"async\" class=\"aligncenter size-full wp-image-606\" src=\"https:\/\/www.catureba.com.br\/baciadojacuipe\/wp-content\/uploads\/2025\/11\/foto4.jpg\" alt=\"\" width=\"379\" height=\"283\" srcset=\"https:\/\/www.catureba.com.br\/baciadojacuipe\/wp-content\/uploads\/2025\/11\/foto4.jpg 379w, https:\/\/www.catureba.com.br\/baciadojacuipe\/wp-content\/uploads\/2025\/11\/foto4-300x224.jpg 300w\" sizes=\"auto, (max-width: 379px) 100vw, 379px\" \/> <img loading=\"lazy\" decoding=\"async\" class=\"aligncenter size-full wp-image-607\" src=\"https:\/\/www.catureba.com.br\/baciadojacuipe\/wp-content\/uploads\/2025\/11\/foto5.jpg\" alt=\"\" width=\"379\" height=\"283\" srcset=\"https:\/\/www.catureba.com.br\/baciadojacuipe\/wp-content\/uploads\/2025\/11\/foto5.jpg 379w, https:\/\/www.catureba.com.br\/baciadojacuipe\/wp-content\/uploads\/2025\/11\/foto5-300x224.jpg 300w\" sizes=\"auto, (max-width: 379px) 100vw, 379px\" \/> <img loading=\"lazy\" decoding=\"async\" class=\"aligncenter size-full wp-image-608\" src=\"https:\/\/www.catureba.com.br\/baciadojacuipe\/wp-content\/uploads\/2025\/11\/foto6.jpg\" alt=\"\" width=\"379\" height=\"283\" srcset=\"https:\/\/www.catureba.com.br\/baciadojacuipe\/wp-content\/uploads\/2025\/11\/foto6.jpg 379w, https:\/\/www.catureba.com.br\/baciadojacuipe\/wp-content\/uploads\/2025\/11\/foto6-300x224.jpg 300w\" sizes=\"auto, (max-width: 379px) 100vw, 379px\" \/> <img loading=\"lazy\" decoding=\"async\" class=\"aligncenter size-full wp-image-609\" src=\"https:\/\/www.catureba.com.br\/baciadojacuipe\/wp-content\/uploads\/2025\/11\/foto7.jpg\" alt=\"\" width=\"379\" height=\"283\" srcset=\"https:\/\/www.catureba.com.br\/baciadojacuipe\/wp-content\/uploads\/2025\/11\/foto7.jpg 379w, https:\/\/www.catureba.com.br\/baciadojacuipe\/wp-content\/uploads\/2025\/11\/foto7-300x224.jpg 300w\" sizes=\"auto, (max-width: 379px) 100vw, 379px\" \/> <img loading=\"lazy\" decoding=\"async\" class=\"aligncenter size-full wp-image-610\" src=\"https:\/\/www.catureba.com.br\/baciadojacuipe\/wp-content\/uploads\/2025\/11\/foto8.jpg\" alt=\"\" width=\"379\" height=\"283\" srcset=\"https:\/\/www.catureba.com.br\/baciadojacuipe\/wp-content\/uploads\/2025\/11\/foto8.jpg 379w, https:\/\/www.catureba.com.br\/baciadojacuipe\/wp-content\/uploads\/2025\/11\/foto8-300x224.jpg 300w\" sizes=\"auto, (max-width: 379px) 100vw, 379px\" \/><\/p>\n<div class=\"pvc_clear\"><\/div>\n<p id=\"pvc_stats_602\" class=\"pvc_stats total_only  \" data-element-id=\"602\" style=\"\"><i class=\"pvc-stats-icon medium\" aria-hidden=\"true\"><svg aria-hidden=\"true\" focusable=\"false\" data-prefix=\"far\" data-icon=\"chart-bar\" role=\"img\" xmlns=\"http:\/\/www.w3.org\/2000\/svg\" viewBox=\"0 0 512 512\" class=\"svg-inline--fa fa-chart-bar fa-w-16 fa-2x\"><path fill=\"currentColor\" d=\"M396.8 352h22.4c6.4 0 12.8-6.4 12.8-12.8V108.8c0-6.4-6.4-12.8-12.8-12.8h-22.4c-6.4 0-12.8 6.4-12.8 12.8v230.4c0 6.4 6.4 12.8 12.8 12.8zm-192 0h22.4c6.4 0 12.8-6.4 12.8-12.8V140.8c0-6.4-6.4-12.8-12.8-12.8h-22.4c-6.4 0-12.8 6.4-12.8 12.8v198.4c0 6.4 6.4 12.8 12.8 12.8zm96 0h22.4c6.4 0 12.8-6.4 12.8-12.8V204.8c0-6.4-6.4-12.8-12.8-12.8h-22.4c-6.4 0-12.8 6.4-12.8 12.8v134.4c0 6.4 6.4 12.8 12.8 12.8zM496 400H48V80c0-8.84-7.16-16-16-16H16C7.16 64 0 71.16 0 80v336c0 17.67 14.33 32 32 32h464c8.84 0 16-7.16 16-16v-16c0-8.84-7.16-16-16-16zm-387.2-48h22.4c6.4 0 12.8-6.4 12.8-12.8v-70.4c0-6.4-6.4-12.8-12.8-12.8h-22.4c-6.4 0-12.8 6.4-12.8 12.8v70.4c0 6.4 6.4 12.8 12.8 12.8z\" class=\"\"><\/path><\/svg><\/i> <img loading=\"lazy\" decoding=\"async\" width=\"16\" height=\"16\" alt=\"Loading\" src=\"https:\/\/www.catureba.com.br\/baciadojacuipe\/wp-content\/plugins\/page-views-count\/ajax-loader-2x.gif\" border=0 \/><\/p>\n<div class=\"pvc_clear\"><\/div>\n","protected":false},"excerpt":{"rendered":"<p>A segunda rodada da Copa de Futebol Amador, realizada neste domingo, 1\u00ba de novembro, foi<\/p>\n<div class=\"pvc_clear\"><\/div>\n<p id=\"pvc_stats_602\" class=\"pvc_stats total_only  \" data-element-id=\"602\" style=\"\"><i class=\"pvc-stats-icon medium\" aria-hidden=\"true\"><svg aria-hidden=\"true\" focusable=\"false\" data-prefix=\"far\" data-icon=\"chart-bar\" role=\"img\" xmlns=\"http:\/\/www.w3.org\/2000\/svg\" viewBox=\"0 0 512 512\" class=\"svg-inline--fa fa-chart-bar fa-w-16 fa-2x\"><path fill=\"currentColor\" d=\"M396.8 352h22.4c6.4 0 12.8-6.4 12.8-12.8V108.8c0-6.4-6.4-12.8-12.8-12.8h-22.4c-6.4 0-12.8 6.4-12.8 12.8v230.4c0 6.4 6.4 12.8 12.8 12.8zm-192 0h22.4c6.4 0 12.8-6.4 12.8-12.8V140.8c0-6.4-6.4-12.8-12.8-12.8h-22.4c-6.4 0-12.8 6.4-12.8 12.8v198.4c0 6.4 6.4 12.8 12.8 12.8zm96 0h22.4c6.4 0 12.8-6.4 12.8-12.8V204.8c0-6.4-6.4-12.8-12.8-12.8h-22.4c-6.4 0-12.8 6.4-12.8 12.8v134.4c0 6.4 6.4 12.8 12.8 12.8zM496 400H48V80c0-8.84-7.16-16-16-16H16C7.16 64 0 71.16 0 80v336c0 17.67 14.33 32 32 32h464c8.84 0 16-7.16 16-16v-16c0-8.84-7.16-16-16-16zm-387.2-48h22.4c6.4 0 12.8-6.4 12.8-12.8v-70.4c0-6.4-6.4-12.8-12.8-12.8h-22.4c-6.4 0-12.8 6.4-12.8 12.8v70.4c0 6.4 6.4 12.8 12.8 12.8z\" class=\"\"><\/path><\/svg><\/i> <img loading=\"lazy\" decoding=\"async\" width=\"16\" height=\"16\" alt=\"Loading\" src=\"https:\/\/www.catureba.com.br\/baciadojacuipe\/wp-content\/plugins\/page-views-count\/ajax-loader-2x.gif\" border=0 \/><\/p>\n<div class=\"pvc_clear\"><\/div>\n","protected":false},"author":1,"featured_media":605,"comment_status":"closed","ping_status":"open","sticky":false,"template":"","format":"standard","meta":{"_uag_custom_page_level_css":"","footnotes":""},"categories":[6],"tags":[],"class_list":["post-602","post","type-post","status-publish","format-standard","has-post-thumbnail","hentry","category-baixa-grande"],"a3_pvc":{"activated":true,"total_views":26,"today_views":0},"yoast_head":"<!-- This site is optimized with the Yoast SEO plugin v27.4 - https:\/\/yoast.com\/product\/yoast-seo-wordpress\/ -->\n<title>I Copa de Futebol Amador das Associa\u00e7\u00f5es Comunit\u00e1rias de Baixa Grande - Bacia do Jacu\u00edpe<\/title>\n<meta name=\"robots\" content=\"index, follow, max-snippet:-1, max-image-preview:large, max-video-preview:-1\" \/>\n<link rel=\"canonical\" href=\"https:\/\/www.catureba.com.br\/baciadojacuipe\/2009\/11\/03\/i-copa-de-futebol-amador-das-associacoes-comunitarias-de-baixa-grande\/\" \/>\n<meta property=\"og:locale\" content=\"pt_BR\" \/>\n<meta property=\"og:type\" content=\"article\" \/>\n<meta property=\"og:title\" content=\"I Copa de Futebol Amador das Associa\u00e7\u00f5es Comunit\u00e1rias de Baixa Grande - Bacia do Jacu\u00edpe\" \/>\n<meta property=\"og:description\" content=\"A segunda rodada da Copa de Futebol Amador, realizada neste domingo, 1\u00ba de novembro, foi\" \/>\n<meta property=\"og:url\" content=\"https:\/\/www.catureba.com.br\/baciadojacuipe\/2009\/11\/03\/i-copa-de-futebol-amador-das-associacoes-comunitarias-de-baixa-grande\/\" \/>\n<meta property=\"og:site_name\" content=\"Bacia do Jacu\u00edpe\" \/>\n<meta property=\"article:published_time\" content=\"2009-11-03T09:05:50+00:00\" \/>\n<meta property=\"article:modified_time\" content=\"2025-11-22T09:07:29+00:00\" \/>\n<meta property=\"og:image\" content=\"https:\/\/www.catureba.com.br\/baciadojacuipe\/wp-content\/uploads\/2025\/11\/foto3-1.jpg\" \/>\n\t<meta property=\"og:image:width\" content=\"379\" \/>\n\t<meta property=\"og:image:height\" content=\"283\" \/>\n\t<meta property=\"og:image:type\" content=\"image\/jpeg\" \/>\n<meta name=\"author\" content=\"Ediom\u00e1rio Catureba\" \/>\n<meta name=\"twitter:card\" content=\"summary_large_image\" \/>\n<meta name=\"twitter:label1\" content=\"Escrito por\" \/>\n\t<meta name=\"twitter:data1\" content=\"Ediom\u00e1rio Catureba\" \/>\n\t<meta name=\"twitter:label2\" content=\"Est. tempo de leitura\" \/>\n\t<meta name=\"twitter:data2\" content=\"3 minutos\" \/>\n<script type=\"application\/ld+json\" class=\"yoast-schema-graph\">{\"@context\":\"https:\\\/\\\/schema.org\",\"@graph\":[{\"@type\":\"Article\",\"@id\":\"https:\\\/\\\/www.catureba.com.br\\\/baciadojacuipe\\\/2009\\\/11\\\/03\\\/i-copa-de-futebol-amador-das-associacoes-comunitarias-de-baixa-grande\\\/#article\",\"isPartOf\":{\"@id\":\"https:\\\/\\\/www.catureba.com.br\\\/baciadojacuipe\\\/2009\\\/11\\\/03\\\/i-copa-de-futebol-amador-das-associacoes-comunitarias-de-baixa-grande\\\/\"},\"author\":{\"name\":\"Ediom\u00e1rio Catureba\",\"@id\":\"https:\\\/\\\/www.catureba.com.br\\\/baciadojacuipe\\\/#\\\/schema\\\/person\\\/ffc8c3b98b65cb69355d29afa2355ba3\"},\"headline\":\"I Copa de Futebol Amador das Associa\u00e7\u00f5es Comunit\u00e1rias de Baixa Grande\",\"datePublished\":\"2009-11-03T09:05:50+00:00\",\"dateModified\":\"2025-11-22T09:07:29+00:00\",\"mainEntityOfPage\":{\"@id\":\"https:\\\/\\\/www.catureba.com.br\\\/baciadojacuipe\\\/2009\\\/11\\\/03\\\/i-copa-de-futebol-amador-das-associacoes-comunitarias-de-baixa-grande\\\/\"},\"wordCount\":174,\"publisher\":{\"@id\":\"https:\\\/\\\/www.catureba.com.br\\\/baciadojacuipe\\\/#organization\"},\"image\":{\"@id\":\"https:\\\/\\\/www.catureba.com.br\\\/baciadojacuipe\\\/2009\\\/11\\\/03\\\/i-copa-de-futebol-amador-das-associacoes-comunitarias-de-baixa-grande\\\/#primaryimage\"},\"thumbnailUrl\":\"https:\\\/\\\/www.catureba.com.br\\\/baciadojacuipe\\\/wp-content\\\/uploads\\\/2025\\\/11\\\/foto3-1.jpg\",\"articleSection\":[\"Baixa Grande\"],\"inLanguage\":\"pt-BR\"},{\"@type\":\"WebPage\",\"@id\":\"https:\\\/\\\/www.catureba.com.br\\\/baciadojacuipe\\\/2009\\\/11\\\/03\\\/i-copa-de-futebol-amador-das-associacoes-comunitarias-de-baixa-grande\\\/\",\"url\":\"https:\\\/\\\/www.catureba.com.br\\\/baciadojacuipe\\\/2009\\\/11\\\/03\\\/i-copa-de-futebol-amador-das-associacoes-comunitarias-de-baixa-grande\\\/\",\"name\":\"I Copa de Futebol Amador das Associa\u00e7\u00f5es Comunit\u00e1rias de Baixa Grande - Bacia do Jacu\u00edpe\",\"isPartOf\":{\"@id\":\"https:\\\/\\\/www.catureba.com.br\\\/baciadojacuipe\\\/#website\"},\"primaryImageOfPage\":{\"@id\":\"https:\\\/\\\/www.catureba.com.br\\\/baciadojacuipe\\\/2009\\\/11\\\/03\\\/i-copa-de-futebol-amador-das-associacoes-comunitarias-de-baixa-grande\\\/#primaryimage\"},\"image\":{\"@id\":\"https:\\\/\\\/www.catureba.com.br\\\/baciadojacuipe\\\/2009\\\/11\\\/03\\\/i-copa-de-futebol-amador-das-associacoes-comunitarias-de-baixa-grande\\\/#primaryimage\"},\"thumbnailUrl\":\"https:\\\/\\\/www.catureba.com.br\\\/baciadojacuipe\\\/wp-content\\\/uploads\\\/2025\\\/11\\\/foto3-1.jpg\",\"datePublished\":\"2009-11-03T09:05:50+00:00\",\"dateModified\":\"2025-11-22T09:07:29+00:00\",\"breadcrumb\":{\"@id\":\"https:\\\/\\\/www.catureba.com.br\\\/baciadojacuipe\\\/2009\\\/11\\\/03\\\/i-copa-de-futebol-amador-das-associacoes-comunitarias-de-baixa-grande\\\/#breadcrumb\"},\"inLanguage\":\"pt-BR\",\"potentialAction\":[{\"@type\":\"ReadAction\",\"target\":[\"https:\\\/\\\/www.catureba.com.br\\\/baciadojacuipe\\\/2009\\\/11\\\/03\\\/i-copa-de-futebol-amador-das-associacoes-comunitarias-de-baixa-grande\\\/\"]}]},{\"@type\":\"ImageObject\",\"inLanguage\":\"pt-BR\",\"@id\":\"https:\\\/\\\/www.catureba.com.br\\\/baciadojacuipe\\\/2009\\\/11\\\/03\\\/i-copa-de-futebol-amador-das-associacoes-comunitarias-de-baixa-grande\\\/#primaryimage\",\"url\":\"https:\\\/\\\/www.catureba.com.br\\\/baciadojacuipe\\\/wp-content\\\/uploads\\\/2025\\\/11\\\/foto3-1.jpg\",\"contentUrl\":\"https:\\\/\\\/www.catureba.com.br\\\/baciadojacuipe\\\/wp-content\\\/uploads\\\/2025\\\/11\\\/foto3-1.jpg\",\"width\":379,\"height\":283},{\"@type\":\"BreadcrumbList\",\"@id\":\"https:\\\/\\\/www.catureba.com.br\\\/baciadojacuipe\\\/2009\\\/11\\\/03\\\/i-copa-de-futebol-amador-das-associacoes-comunitarias-de-baixa-grande\\\/#breadcrumb\",\"itemListElement\":[{\"@type\":\"ListItem\",\"position\":1,\"name\":\"In\u00edcio\",\"item\":\"https:\\\/\\\/www.catureba.com.br\\\/baciadojacuipe\\\/\"},{\"@type\":\"ListItem\",\"position\":2,\"name\":\"I Copa de Futebol Amador das Associa\u00e7\u00f5es Comunit\u00e1rias de Baixa Grande\"}]},{\"@type\":\"WebSite\",\"@id\":\"https:\\\/\\\/www.catureba.com.br\\\/baciadojacuipe\\\/#website\",\"url\":\"https:\\\/\\\/www.catureba.com.br\\\/baciadojacuipe\\\/\",\"name\":\"Bacia do Jacu\u00edpe\",\"description\":\"15 Munic\u00edpios em um s\u00f3 Lugar\",\"publisher\":{\"@id\":\"https:\\\/\\\/www.catureba.com.br\\\/baciadojacuipe\\\/#organization\"},\"potentialAction\":[{\"@type\":\"SearchAction\",\"target\":{\"@type\":\"EntryPoint\",\"urlTemplate\":\"https:\\\/\\\/www.catureba.com.br\\\/baciadojacuipe\\\/?s={search_term_string}\"},\"query-input\":{\"@type\":\"PropertyValueSpecification\",\"valueRequired\":true,\"valueName\":\"search_term_string\"}}],\"inLanguage\":\"pt-BR\"},{\"@type\":\"Organization\",\"@id\":\"https:\\\/\\\/www.catureba.com.br\\\/baciadojacuipe\\\/#organization\",\"name\":\"Bacia do Jacu\u00edpe\",\"url\":\"https:\\\/\\\/www.catureba.com.br\\\/baciadojacuipe\\\/\",\"logo\":{\"@type\":\"ImageObject\",\"inLanguage\":\"pt-BR\",\"@id\":\"https:\\\/\\\/www.catureba.com.br\\\/baciadojacuipe\\\/#\\\/schema\\\/logo\\\/image\\\/\",\"url\":\"https:\\\/\\\/www.catureba.com.br\\\/baciadojacuipe\\\/wp-content\\\/uploads\\\/2025\\\/08\\\/cropped-logo.png\",\"contentUrl\":\"https:\\\/\\\/www.catureba.com.br\\\/baciadojacuipe\\\/wp-content\\\/uploads\\\/2025\\\/08\\\/cropped-logo.png\",\"width\":149,\"height\":150,\"caption\":\"Bacia do Jacu\u00edpe\"},\"image\":{\"@id\":\"https:\\\/\\\/www.catureba.com.br\\\/baciadojacuipe\\\/#\\\/schema\\\/logo\\\/image\\\/\"}},{\"@type\":\"Person\",\"@id\":\"https:\\\/\\\/www.catureba.com.br\\\/baciadojacuipe\\\/#\\\/schema\\\/person\\\/ffc8c3b98b65cb69355d29afa2355ba3\",\"name\":\"Ediom\u00e1rio Catureba\",\"image\":{\"@type\":\"ImageObject\",\"inLanguage\":\"pt-BR\",\"@id\":\"https:\\\/\\\/secure.gravatar.com\\\/avatar\\\/63c567ef6e64a56df9e100701cb374d725dbb66b635cd56b3f13f88e28ba235e?s=96&d=mm&r=g\",\"url\":\"https:\\\/\\\/secure.gravatar.com\\\/avatar\\\/63c567ef6e64a56df9e100701cb374d725dbb66b635cd56b3f13f88e28ba235e?s=96&d=mm&r=g\",\"contentUrl\":\"https:\\\/\\\/secure.gravatar.com\\\/avatar\\\/63c567ef6e64a56df9e100701cb374d725dbb66b635cd56b3f13f88e28ba235e?s=96&d=mm&r=g\",\"caption\":\"Ediom\u00e1rio Catureba\"},\"description\":\"Ediom\u00e1rio Catureba, nascido em 1976 em Baixa Grande, Bahia, \u00e9 jornalista e redator. Al\u00e9m de sua atua\u00e7\u00e3o no jornalismo, Ediom\u00e1rio \u00e9 conhecido por sua participa\u00e7\u00e3o em eventos culturais e sociais na regi\u00e3o. Ediom\u00e1rio tamb\u00e9m \u00e9 respons\u00e1vel pelo site Catureba.com.br, onde publica not\u00edcias e informa\u00e7\u00f5es sobre eventos locais, pol\u00edtica e cultura, contribuindo para a dissemina\u00e7\u00e3o de informa\u00e7\u00f5es na comunidade de Baixa Grande e arredores.\",\"sameAs\":[\"https:\\\/\\\/www.catureba.com.br\\\/baciadojacuipe\"],\"url\":\"https:\\\/\\\/www.catureba.com.br\\\/baciadojacuipe\\\/author\\\/edyomario\\\/\"}]}<\/script>\n<!-- \/ Yoast SEO plugin. -->","yoast_head_json":{"title":"I Copa de Futebol Amador das Associa\u00e7\u00f5es Comunit\u00e1rias de Baixa Grande - Bacia do Jacu\u00edpe","robots":{"index":"index","follow":"follow","max-snippet":"max-snippet:-1","max-image-preview":"max-image-preview:large","max-video-preview":"max-video-preview:-1"},"canonical":"https:\/\/www.catureba.com.br\/baciadojacuipe\/2009\/11\/03\/i-copa-de-futebol-amador-das-associacoes-comunitarias-de-baixa-grande\/","og_locale":"pt_BR","og_type":"article","og_title":"I Copa de Futebol Amador das Associa\u00e7\u00f5es Comunit\u00e1rias de Baixa Grande - Bacia do Jacu\u00edpe","og_description":"A segunda rodada da Copa de Futebol Amador, realizada neste domingo, 1\u00ba de novembro, foi","og_url":"https:\/\/www.catureba.com.br\/baciadojacuipe\/2009\/11\/03\/i-copa-de-futebol-amador-das-associacoes-comunitarias-de-baixa-grande\/","og_site_name":"Bacia do Jacu\u00edpe","article_published_time":"2009-11-03T09:05:50+00:00","article_modified_time":"2025-11-22T09:07:29+00:00","og_image":[{"width":379,"height":283,"url":"https:\/\/www.catureba.com.br\/baciadojacuipe\/wp-content\/uploads\/2025\/11\/foto3-1.jpg","type":"image\/jpeg"}],"author":"Ediom\u00e1rio Catureba","twitter_card":"summary_large_image","twitter_misc":{"Escrito por":"Ediom\u00e1rio Catureba","Est. tempo de leitura":"3 minutos"},"schema":{"@context":"https:\/\/schema.org","@graph":[{"@type":"Article","@id":"https:\/\/www.catureba.com.br\/baciadojacuipe\/2009\/11\/03\/i-copa-de-futebol-amador-das-associacoes-comunitarias-de-baixa-grande\/#article","isPartOf":{"@id":"https:\/\/www.catureba.com.br\/baciadojacuipe\/2009\/11\/03\/i-copa-de-futebol-amador-das-associacoes-comunitarias-de-baixa-grande\/"},"author":{"name":"Ediom\u00e1rio Catureba","@id":"https:\/\/www.catureba.com.br\/baciadojacuipe\/#\/schema\/person\/ffc8c3b98b65cb69355d29afa2355ba3"},"headline":"I Copa de Futebol Amador das Associa\u00e7\u00f5es Comunit\u00e1rias de Baixa Grande","datePublished":"2009-11-03T09:05:50+00:00","dateModified":"2025-11-22T09:07:29+00:00","mainEntityOfPage":{"@id":"https:\/\/www.catureba.com.br\/baciadojacuipe\/2009\/11\/03\/i-copa-de-futebol-amador-das-associacoes-comunitarias-de-baixa-grande\/"},"wordCount":174,"publisher":{"@id":"https:\/\/www.catureba.com.br\/baciadojacuipe\/#organization"},"image":{"@id":"https:\/\/www.catureba.com.br\/baciadojacuipe\/2009\/11\/03\/i-copa-de-futebol-amador-das-associacoes-comunitarias-de-baixa-grande\/#primaryimage"},"thumbnailUrl":"https:\/\/www.catureba.com.br\/baciadojacuipe\/wp-content\/uploads\/2025\/11\/foto3-1.jpg","articleSection":["Baixa Grande"],"inLanguage":"pt-BR"},{"@type":"WebPage","@id":"https:\/\/www.catureba.com.br\/baciadojacuipe\/2009\/11\/03\/i-copa-de-futebol-amador-das-associacoes-comunitarias-de-baixa-grande\/","url":"https:\/\/www.catureba.com.br\/baciadojacuipe\/2009\/11\/03\/i-copa-de-futebol-amador-das-associacoes-comunitarias-de-baixa-grande\/","name":"I Copa de Futebol Amador das Associa\u00e7\u00f5es Comunit\u00e1rias de Baixa Grande - Bacia do Jacu\u00edpe","isPartOf":{"@id":"https:\/\/www.catureba.com.br\/baciadojacuipe\/#website"},"primaryImageOfPage":{"@id":"https:\/\/www.catureba.com.br\/baciadojacuipe\/2009\/11\/03\/i-copa-de-futebol-amador-das-associacoes-comunitarias-de-baixa-grande\/#primaryimage"},"image":{"@id":"https:\/\/www.catureba.com.br\/baciadojacuipe\/2009\/11\/03\/i-copa-de-futebol-amador-das-associacoes-comunitarias-de-baixa-grande\/#primaryimage"},"thumbnailUrl":"https:\/\/www.catureba.com.br\/baciadojacuipe\/wp-content\/uploads\/2025\/11\/foto3-1.jpg","datePublished":"2009-11-03T09:05:50+00:00","dateModified":"2025-11-22T09:07:29+00:00","breadcrumb":{"@id":"https:\/\/www.catureba.com.br\/baciadojacuipe\/2009\/11\/03\/i-copa-de-futebol-amador-das-associacoes-comunitarias-de-baixa-grande\/#breadcrumb"},"inLanguage":"pt-BR","potentialAction":[{"@type":"ReadAction","target":["https:\/\/www.catureba.com.br\/baciadojacuipe\/2009\/11\/03\/i-copa-de-futebol-amador-das-associacoes-comunitarias-de-baixa-grande\/"]}]},{"@type":"ImageObject","inLanguage":"pt-BR","@id":"https:\/\/www.catureba.com.br\/baciadojacuipe\/2009\/11\/03\/i-copa-de-futebol-amador-das-associacoes-comunitarias-de-baixa-grande\/#primaryimage","url":"https:\/\/www.catureba.com.br\/baciadojacuipe\/wp-content\/uploads\/2025\/11\/foto3-1.jpg","contentUrl":"https:\/\/www.catureba.com.br\/baciadojacuipe\/wp-content\/uploads\/2025\/11\/foto3-1.jpg","width":379,"height":283},{"@type":"BreadcrumbList","@id":"https:\/\/www.catureba.com.br\/baciadojacuipe\/2009\/11\/03\/i-copa-de-futebol-amador-das-associacoes-comunitarias-de-baixa-grande\/#breadcrumb","itemListElement":[{"@type":"ListItem","position":1,"name":"In\u00edcio","item":"https:\/\/www.catureba.com.br\/baciadojacuipe\/"},{"@type":"ListItem","position":2,"name":"I Copa de Futebol Amador das Associa\u00e7\u00f5es Comunit\u00e1rias de Baixa Grande"}]},{"@type":"WebSite","@id":"https:\/\/www.catureba.com.br\/baciadojacuipe\/#website","url":"https:\/\/www.catureba.com.br\/baciadojacuipe\/","name":"Bacia do Jacu\u00edpe","description":"15 Munic\u00edpios em um s\u00f3 Lugar","publisher":{"@id":"https:\/\/www.catureba.com.br\/baciadojacuipe\/#organization"},"potentialAction":[{"@type":"SearchAction","target":{"@type":"EntryPoint","urlTemplate":"https:\/\/www.catureba.com.br\/baciadojacuipe\/?s={search_term_string}"},"query-input":{"@type":"PropertyValueSpecification","valueRequired":true,"valueName":"search_term_string"}}],"inLanguage":"pt-BR"},{"@type":"Organization","@id":"https:\/\/www.catureba.com.br\/baciadojacuipe\/#organization","name":"Bacia do Jacu\u00edpe","url":"https:\/\/www.catureba.com.br\/baciadojacuipe\/","logo":{"@type":"ImageObject","inLanguage":"pt-BR","@id":"https:\/\/www.catureba.com.br\/baciadojacuipe\/#\/schema\/logo\/image\/","url":"https:\/\/www.catureba.com.br\/baciadojacuipe\/wp-content\/uploads\/2025\/08\/cropped-logo.png","contentUrl":"https:\/\/www.catureba.com.br\/baciadojacuipe\/wp-content\/uploads\/2025\/08\/cropped-logo.png","width":149,"height":150,"caption":"Bacia do Jacu\u00edpe"},"image":{"@id":"https:\/\/www.catureba.com.br\/baciadojacuipe\/#\/schema\/logo\/image\/"}},{"@type":"Person","@id":"https:\/\/www.catureba.com.br\/baciadojacuipe\/#\/schema\/person\/ffc8c3b98b65cb69355d29afa2355ba3","name":"Ediom\u00e1rio Catureba","image":{"@type":"ImageObject","inLanguage":"pt-BR","@id":"https:\/\/secure.gravatar.com\/avatar\/63c567ef6e64a56df9e100701cb374d725dbb66b635cd56b3f13f88e28ba235e?s=96&d=mm&r=g","url":"https:\/\/secure.gravatar.com\/avatar\/63c567ef6e64a56df9e100701cb374d725dbb66b635cd56b3f13f88e28ba235e?s=96&d=mm&r=g","contentUrl":"https:\/\/secure.gravatar.com\/avatar\/63c567ef6e64a56df9e100701cb374d725dbb66b635cd56b3f13f88e28ba235e?s=96&d=mm&r=g","caption":"Ediom\u00e1rio Catureba"},"description":"Ediom\u00e1rio Catureba, nascido em 1976 em Baixa Grande, Bahia, \u00e9 jornalista e redator. Al\u00e9m de sua atua\u00e7\u00e3o no jornalismo, Ediom\u00e1rio \u00e9 conhecido por sua participa\u00e7\u00e3o em eventos culturais e sociais na regi\u00e3o. Ediom\u00e1rio tamb\u00e9m \u00e9 respons\u00e1vel pelo site Catureba.com.br, onde publica not\u00edcias e informa\u00e7\u00f5es sobre eventos locais, pol\u00edtica e cultura, contribuindo para a dissemina\u00e7\u00e3o de informa\u00e7\u00f5es na comunidade de Baixa Grande e arredores.","sameAs":["https:\/\/www.catureba.com.br\/baciadojacuipe"],"url":"https:\/\/www.catureba.com.br\/baciadojacuipe\/author\/edyomario\/"}]}},"uagb_featured_image_src":{"full":["https:\/\/www.catureba.com.br\/baciadojacuipe\/wp-content\/uploads\/2025\/11\/foto3-1.jpg",379,283,false],"thumbnail":["https:\/\/www.catureba.com.br\/baciadojacuipe\/wp-content\/uploads\/2025\/11\/foto3-1-150x150.jpg",150,150,true],"medium":["https:\/\/www.catureba.com.br\/baciadojacuipe\/wp-content\/uploads\/2025\/11\/foto3-1-300x224.jpg",300,224,true],"medium_large":["https:\/\/www.catureba.com.br\/baciadojacuipe\/wp-content\/uploads\/2025\/11\/foto3-1.jpg",379,283,false],"large":["https:\/\/www.catureba.com.br\/baciadojacuipe\/wp-content\/uploads\/2025\/11\/foto3-1.jpg",379,283,false],"1536x1536":["https:\/\/www.catureba.com.br\/baciadojacuipe\/wp-content\/uploads\/2025\/11\/foto3-1.jpg",379,283,false],"2048x2048":["https:\/\/www.catureba.com.br\/baciadojacuipe\/wp-content\/uploads\/2025\/11\/foto3-1.jpg",379,283,false],"cream-magazine-thumbnail-2":["https:\/\/www.catureba.com.br\/baciadojacuipe\/wp-content\/uploads\/2025\/11\/foto3-1.jpg",379,283,false],"cream-magazine-thumbnail-3":["https:\/\/www.catureba.com.br\/baciadojacuipe\/wp-content\/uploads\/2025\/11\/foto3-1.jpg",379,283,false],"cream-magazine-thumbnail-4":["https:\/\/www.catureba.com.br\/baciadojacuipe\/wp-content\/uploads\/2025\/11\/foto3-1.jpg",379,283,false]},"uagb_author_info":{"display_name":"Ediom\u00e1rio Catureba","author_link":"https:\/\/www.catureba.com.br\/baciadojacuipe\/author\/edyomario\/"},"uagb_comment_info":0,"uagb_excerpt":"A segunda rodada da Copa de Futebol Amador, realizada neste domingo, 1\u00ba de novembro, foi","_links":{"self":[{"href":"https:\/\/www.catureba.com.br\/baciadojacuipe\/wp-json\/wp\/v2\/posts\/602","targetHints":{"allow":["GET"]}}],"collection":[{"href":"https:\/\/www.catureba.com.br\/baciadojacuipe\/wp-json\/wp\/v2\/posts"}],"about":[{"href":"https:\/\/www.catureba.com.br\/baciadojacuipe\/wp-json\/wp\/v2\/types\/post"}],"author":[{"embeddable":true,"href":"https:\/\/www.catureba.com.br\/baciadojacuipe\/wp-json\/wp\/v2\/users\/1"}],"replies":[{"embeddable":true,"href":"https:\/\/www.catureba.com.br\/baciadojacuipe\/wp-json\/wp\/v2\/comments?post=602"}],"version-history":[{"count":1,"href":"https:\/\/www.catureba.com.br\/baciadojacuipe\/wp-json\/wp\/v2\/posts\/602\/revisions"}],"predecessor-version":[{"id":611,"href":"https:\/\/www.catureba.com.br\/baciadojacuipe\/wp-json\/wp\/v2\/posts\/602\/revisions\/611"}],"wp:featuredmedia":[{"embeddable":true,"href":"https:\/\/www.catureba.com.br\/baciadojacuipe\/wp-json\/wp\/v2\/media\/605"}],"wp:attachment":[{"href":"https:\/\/www.catureba.com.br\/baciadojacuipe\/wp-json\/wp\/v2\/media?parent=602"}],"wp:term":[{"taxonomy":"category","embeddable":true,"href":"https:\/\/www.catureba.com.br\/baciadojacuipe\/wp-json\/wp\/v2\/categories?post=602"},{"taxonomy":"post_tag","embeddable":true,"href":"https:\/\/www.catureba.com.br\/baciadojacuipe\/wp-json\/wp\/v2\/tags?post=602"}],"curies":[{"name":"wp","href":"https:\/\/api.w.org\/{rel}","templated":true}]}}