{"id":597,"date":"2009-11-02T06:01:54","date_gmt":"2009-11-02T09:01:54","guid":{"rendered":"https:\/\/www.catureba.com.br\/baciadojacuipe\/?p=597"},"modified":"2025-11-22T06:03:12","modified_gmt":"2025-11-22T09:03:12","slug":"2o-encontro-de-integracao-da-rede-de-protecao-e-garantia-de-direitos-em-ipira","status":"publish","type":"post","link":"https:\/\/www.catureba.com.br\/baciadojacuipe\/2009\/11\/02\/2o-encontro-de-integracao-da-rede-de-protecao-e-garantia-de-direitos-em-ipira\/","title":{"rendered":"2\u00ba Encontro de Integra\u00e7\u00e3o da Rede de Prote\u00e7\u00e3o e Garantia de Direitos em Ipir\u00e1"},"content":{"rendered":"<p style=\"text-align: justify;\">O CREAS \u2013 Centro de Refer\u00eancia Especializada da Assist\u00eancia Social, em Ipir\u00e1-BA, realizou um encontro no audit\u00f3rio da C\u00e2mara Municipal de Vereadores, na quinta-feira (29).<\/p>\n<p>O evento promove o encontro de conselheiros tutelares, conselheiros municipais dos direitos da crian\u00e7a e do adolescente, al\u00e9m de educadores, membros do Judici\u00e1rio e do Minist\u00e9rio P\u00fablico.<\/p>\n<p>O encontro contou, com a presen\u00e7a da Coordenadora \/ CREAS, Jacineide Cintra; Secret\u00e1ria Municipal da Assist\u00eancia Social, Landecy Barbosa Passos; Promotor, Dr. Fabr\u00edcio Roberto Paturi; Del. De Pol\u00edcia Civil, Dr. Caryl C. Ribeiro de Oliveira; Professores, Diretores, convidados, entre outras autoridades.<br \/>\n<img loading=\"lazy\" decoding=\"async\" class=\"aligncenter size-full wp-image-599\" src=\"https:\/\/www.catureba.com.br\/baciadojacuipe\/wp-content\/uploads\/2025\/11\/foto2.jpg\" alt=\"\" width=\"417\" height=\"333\" srcset=\"https:\/\/www.catureba.com.br\/baciadojacuipe\/wp-content\/uploads\/2025\/11\/foto2.jpg 417w, https:\/\/www.catureba.com.br\/baciadojacuipe\/wp-content\/uploads\/2025\/11\/foto2-300x240.jpg 300w\" sizes=\"auto, (max-width: 417px) 100vw, 417px\" \/><br \/>\nO principal objetivo do encontro \u00e9 reunir o poder p\u00fablico e sociedade civil em torno de um objetivo comum, para que conselheiros e autoridades do munic\u00edpio possam compartilhar experi\u00eancias, discutir formas e meios para formar redes, abrangentes, integradas e eficientes de lutas por pol\u00edticas p\u00fablicas voltadas para o bem-estar infanto-juvenil. Fiscalizar sua aplica\u00e7\u00e3o, articulando a\u00e7\u00f5es para o enfrentamento de quest\u00f5es sociais e a busca da garantia de defesa dos direitos das crian\u00e7as e adolescentes.<\/p>\n<p><img loading=\"lazy\" decoding=\"async\" class=\"size-full wp-image-600 alignleft\" src=\"https:\/\/www.catureba.com.br\/baciadojacuipe\/wp-content\/uploads\/2025\/11\/foto3.jpg\" alt=\"\" width=\"379\" height=\"283\" srcset=\"https:\/\/www.catureba.com.br\/baciadojacuipe\/wp-content\/uploads\/2025\/11\/foto3.jpg 379w, https:\/\/www.catureba.com.br\/baciadojacuipe\/wp-content\/uploads\/2025\/11\/foto3-300x224.jpg 300w\" sizes=\"auto, (max-width: 379px) 100vw, 379px\" \/>Para Dr. Fabr\u00edcio Roberto, Promotor,\u201ca rede \u00e9 uma proposta democr\u00e1tica de realiza\u00e7\u00e3o do trabalho coletivo e de circula\u00e7\u00e3o do fluxo de informa\u00e7\u00f5es, elementos essenciais para o processo cotidiano de transforma\u00e7\u00e3o social. Reunir-se, debater e buscar alternativas, n\u00e3o \u00e9 solu\u00e7\u00e3o, mas j\u00e1 \u00e9 o come\u00e7o\u201d, reafirmou.<\/p>\n<p>Para Jacineide Cintra, Coordenadora \u2013 CREAS, \u201ca busca de defesa dos direitos das crian\u00e7as e adolescentes e a import\u00e2ncia de unifica\u00e7\u00e3o destes programas, n\u00e3o \u00e9 um problema da seguran\u00e7a p\u00fablica, da assist\u00eancia, da educa\u00e7\u00e3o. \u00c9 um problema de todos n\u00f3s\u201d, reafirmou.<\/p>\n<p>Ap\u00f3s as falas, houve um debate com o p\u00fablico, que trouxe quest\u00f5es como os desafios de se formar e trabalhar em rede, a responsabilidade sexual de crian\u00e7as e adolescentes, problemas de transporte escolar, fiscaliza\u00e7\u00e3o de direitos b\u00e1sicos e o questionamento da vulnerabilidade da crian\u00e7a.<\/p>\n<p style=\"text-align: justify;\">\n<h4 style=\"text-align: justify;\">www.ipiranegocios.com.br<\/h4>\n<h4 style=\"text-align: justify;\">Por: Orlando Santiago Mascarenhas<\/h4>\n<div class=\"pvc_clear\"><\/div>\n<p id=\"pvc_stats_597\" class=\"pvc_stats total_only  \" data-element-id=\"597\" style=\"\"><i class=\"pvc-stats-icon medium\" aria-hidden=\"true\"><svg aria-hidden=\"true\" focusable=\"false\" data-prefix=\"far\" data-icon=\"chart-bar\" role=\"img\" xmlns=\"http:\/\/www.w3.org\/2000\/svg\" viewBox=\"0 0 512 512\" class=\"svg-inline--fa fa-chart-bar fa-w-16 fa-2x\"><path fill=\"currentColor\" d=\"M396.8 352h22.4c6.4 0 12.8-6.4 12.8-12.8V108.8c0-6.4-6.4-12.8-12.8-12.8h-22.4c-6.4 0-12.8 6.4-12.8 12.8v230.4c0 6.4 6.4 12.8 12.8 12.8zm-192 0h22.4c6.4 0 12.8-6.4 12.8-12.8V140.8c0-6.4-6.4-12.8-12.8-12.8h-22.4c-6.4 0-12.8 6.4-12.8 12.8v198.4c0 6.4 6.4 12.8 12.8 12.8zm96 0h22.4c6.4 0 12.8-6.4 12.8-12.8V204.8c0-6.4-6.4-12.8-12.8-12.8h-22.4c-6.4 0-12.8 6.4-12.8 12.8v134.4c0 6.4 6.4 12.8 12.8 12.8zM496 400H48V80c0-8.84-7.16-16-16-16H16C7.16 64 0 71.16 0 80v336c0 17.67 14.33 32 32 32h464c8.84 0 16-7.16 16-16v-16c0-8.84-7.16-16-16-16zm-387.2-48h22.4c6.4 0 12.8-6.4 12.8-12.8v-70.4c0-6.4-6.4-12.8-12.8-12.8h-22.4c-6.4 0-12.8 6.4-12.8 12.8v70.4c0 6.4 6.4 12.8 12.8 12.8z\" class=\"\"><\/path><\/svg><\/i> <img loading=\"lazy\" decoding=\"async\" width=\"16\" height=\"16\" alt=\"Loading\" src=\"https:\/\/www.catureba.com.br\/baciadojacuipe\/wp-content\/plugins\/page-views-count\/ajax-loader-2x.gif\" border=0 \/><\/p>\n<div class=\"pvc_clear\"><\/div>\n","protected":false},"excerpt":{"rendered":"<p>O CREAS \u2013 Centro de Refer\u00eancia Especializada da Assist\u00eancia Social, em Ipir\u00e1-BA, realizou um encontro<\/p>\n<div class=\"pvc_clear\"><\/div>\n<p id=\"pvc_stats_597\" class=\"pvc_stats total_only  \" data-element-id=\"597\" style=\"\"><i class=\"pvc-stats-icon medium\" aria-hidden=\"true\"><svg aria-hidden=\"true\" focusable=\"false\" data-prefix=\"far\" data-icon=\"chart-bar\" role=\"img\" xmlns=\"http:\/\/www.w3.org\/2000\/svg\" viewBox=\"0 0 512 512\" class=\"svg-inline--fa fa-chart-bar fa-w-16 fa-2x\"><path fill=\"currentColor\" d=\"M396.8 352h22.4c6.4 0 12.8-6.4 12.8-12.8V108.8c0-6.4-6.4-12.8-12.8-12.8h-22.4c-6.4 0-12.8 6.4-12.8 12.8v230.4c0 6.4 6.4 12.8 12.8 12.8zm-192 0h22.4c6.4 0 12.8-6.4 12.8-12.8V140.8c0-6.4-6.4-12.8-12.8-12.8h-22.4c-6.4 0-12.8 6.4-12.8 12.8v198.4c0 6.4 6.4 12.8 12.8 12.8zm96 0h22.4c6.4 0 12.8-6.4 12.8-12.8V204.8c0-6.4-6.4-12.8-12.8-12.8h-22.4c-6.4 0-12.8 6.4-12.8 12.8v134.4c0 6.4 6.4 12.8 12.8 12.8zM496 400H48V80c0-8.84-7.16-16-16-16H16C7.16 64 0 71.16 0 80v336c0 17.67 14.33 32 32 32h464c8.84 0 16-7.16 16-16v-16c0-8.84-7.16-16-16-16zm-387.2-48h22.4c6.4 0 12.8-6.4 12.8-12.8v-70.4c0-6.4-6.4-12.8-12.8-12.8h-22.4c-6.4 0-12.8 6.4-12.8 12.8v70.4c0 6.4 6.4 12.8 12.8 12.8z\" class=\"\"><\/path><\/svg><\/i> <img loading=\"lazy\" decoding=\"async\" width=\"16\" height=\"16\" alt=\"Loading\" src=\"https:\/\/www.catureba.com.br\/baciadojacuipe\/wp-content\/plugins\/page-views-count\/ajax-loader-2x.gif\" border=0 \/><\/p>\n<div class=\"pvc_clear\"><\/div>\n","protected":false},"author":1,"featured_media":598,"comment_status":"closed","ping_status":"open","sticky":false,"template":"","format":"standard","meta":{"_uag_custom_page_level_css":"","footnotes":""},"categories":[1],"tags":[],"class_list":["post-597","post","type-post","status-publish","format-standard","has-post-thumbnail","hentry","category-gaviao"],"a3_pvc":{"activated":true,"total_views":14,"today_views":0},"yoast_head":"<!-- This site is optimized with the Yoast SEO plugin v27.4 - https:\/\/yoast.com\/product\/yoast-seo-wordpress\/ -->\n<title>2\u00ba Encontro de Integra\u00e7\u00e3o da Rede de Prote\u00e7\u00e3o e Garantia de Direitos em Ipir\u00e1 - Bacia do Jacu\u00edpe<\/title>\n<meta name=\"robots\" content=\"index, follow, max-snippet:-1, max-image-preview:large, max-video-preview:-1\" \/>\n<link rel=\"canonical\" href=\"https:\/\/www.catureba.com.br\/baciadojacuipe\/2009\/11\/02\/2o-encontro-de-integracao-da-rede-de-protecao-e-garantia-de-direitos-em-ipira\/\" \/>\n<meta property=\"og:locale\" content=\"pt_BR\" \/>\n<meta property=\"og:type\" content=\"article\" \/>\n<meta property=\"og:title\" content=\"2\u00ba Encontro de Integra\u00e7\u00e3o da Rede de Prote\u00e7\u00e3o e Garantia de Direitos em Ipir\u00e1 - Bacia do Jacu\u00edpe\" \/>\n<meta property=\"og:description\" content=\"O CREAS \u2013 Centro de Refer\u00eancia Especializada da Assist\u00eancia Social, em Ipir\u00e1-BA, realizou um encontro\" \/>\n<meta property=\"og:url\" content=\"https:\/\/www.catureba.com.br\/baciadojacuipe\/2009\/11\/02\/2o-encontro-de-integracao-da-rede-de-protecao-e-garantia-de-direitos-em-ipira\/\" \/>\n<meta property=\"og:site_name\" content=\"Bacia do Jacu\u00edpe\" \/>\n<meta property=\"article:published_time\" content=\"2009-11-02T09:01:54+00:00\" \/>\n<meta property=\"article:modified_time\" content=\"2025-11-22T09:03:12+00:00\" \/>\n<meta property=\"og:image\" content=\"https:\/\/www.catureba.com.br\/baciadojacuipe\/wp-content\/uploads\/2025\/11\/foto1-1.jpg\" \/>\n\t<meta property=\"og:image:width\" content=\"475\" \/>\n\t<meta property=\"og:image:height\" content=\"331\" \/>\n\t<meta property=\"og:image:type\" content=\"image\/jpeg\" \/>\n<meta name=\"author\" content=\"Ediom\u00e1rio Catureba\" \/>\n<meta name=\"twitter:card\" content=\"summary_large_image\" \/>\n<meta name=\"twitter:label1\" content=\"Escrito por\" \/>\n\t<meta name=\"twitter:data1\" content=\"Ediom\u00e1rio Catureba\" \/>\n\t<meta name=\"twitter:label2\" content=\"Est. tempo de leitura\" \/>\n\t<meta name=\"twitter:data2\" content=\"3 minutos\" \/>\n<script type=\"application\/ld+json\" class=\"yoast-schema-graph\">{\"@context\":\"https:\\\/\\\/schema.org\",\"@graph\":[{\"@type\":\"Article\",\"@id\":\"https:\\\/\\\/www.catureba.com.br\\\/baciadojacuipe\\\/2009\\\/11\\\/02\\\/2o-encontro-de-integracao-da-rede-de-protecao-e-garantia-de-direitos-em-ipira\\\/#article\",\"isPartOf\":{\"@id\":\"https:\\\/\\\/www.catureba.com.br\\\/baciadojacuipe\\\/2009\\\/11\\\/02\\\/2o-encontro-de-integracao-da-rede-de-protecao-e-garantia-de-direitos-em-ipira\\\/\"},\"author\":{\"name\":\"Ediom\u00e1rio Catureba\",\"@id\":\"https:\\\/\\\/www.catureba.com.br\\\/baciadojacuipe\\\/#\\\/schema\\\/person\\\/ffc8c3b98b65cb69355d29afa2355ba3\"},\"headline\":\"2\u00ba Encontro de Integra\u00e7\u00e3o da Rede de Prote\u00e7\u00e3o e Garantia de Direitos em Ipir\u00e1\",\"datePublished\":\"2009-11-02T09:01:54+00:00\",\"dateModified\":\"2025-11-22T09:03:12+00:00\",\"mainEntityOfPage\":{\"@id\":\"https:\\\/\\\/www.catureba.com.br\\\/baciadojacuipe\\\/2009\\\/11\\\/02\\\/2o-encontro-de-integracao-da-rede-de-protecao-e-garantia-de-direitos-em-ipira\\\/\"},\"wordCount\":360,\"publisher\":{\"@id\":\"https:\\\/\\\/www.catureba.com.br\\\/baciadojacuipe\\\/#organization\"},\"image\":{\"@id\":\"https:\\\/\\\/www.catureba.com.br\\\/baciadojacuipe\\\/2009\\\/11\\\/02\\\/2o-encontro-de-integracao-da-rede-de-protecao-e-garantia-de-direitos-em-ipira\\\/#primaryimage\"},\"thumbnailUrl\":\"https:\\\/\\\/www.catureba.com.br\\\/baciadojacuipe\\\/wp-content\\\/uploads\\\/2025\\\/11\\\/foto1-1.jpg\",\"articleSection\":[\"Gavi\u00e3o\"],\"inLanguage\":\"pt-BR\"},{\"@type\":\"WebPage\",\"@id\":\"https:\\\/\\\/www.catureba.com.br\\\/baciadojacuipe\\\/2009\\\/11\\\/02\\\/2o-encontro-de-integracao-da-rede-de-protecao-e-garantia-de-direitos-em-ipira\\\/\",\"url\":\"https:\\\/\\\/www.catureba.com.br\\\/baciadojacuipe\\\/2009\\\/11\\\/02\\\/2o-encontro-de-integracao-da-rede-de-protecao-e-garantia-de-direitos-em-ipira\\\/\",\"name\":\"2\u00ba Encontro de Integra\u00e7\u00e3o da Rede de Prote\u00e7\u00e3o e Garantia de Direitos em Ipir\u00e1 - Bacia do Jacu\u00edpe\",\"isPartOf\":{\"@id\":\"https:\\\/\\\/www.catureba.com.br\\\/baciadojacuipe\\\/#website\"},\"primaryImageOfPage\":{\"@id\":\"https:\\\/\\\/www.catureba.com.br\\\/baciadojacuipe\\\/2009\\\/11\\\/02\\\/2o-encontro-de-integracao-da-rede-de-protecao-e-garantia-de-direitos-em-ipira\\\/#primaryimage\"},\"image\":{\"@id\":\"https:\\\/\\\/www.catureba.com.br\\\/baciadojacuipe\\\/2009\\\/11\\\/02\\\/2o-encontro-de-integracao-da-rede-de-protecao-e-garantia-de-direitos-em-ipira\\\/#primaryimage\"},\"thumbnailUrl\":\"https:\\\/\\\/www.catureba.com.br\\\/baciadojacuipe\\\/wp-content\\\/uploads\\\/2025\\\/11\\\/foto1-1.jpg\",\"datePublished\":\"2009-11-02T09:01:54+00:00\",\"dateModified\":\"2025-11-22T09:03:12+00:00\",\"breadcrumb\":{\"@id\":\"https:\\\/\\\/www.catureba.com.br\\\/baciadojacuipe\\\/2009\\\/11\\\/02\\\/2o-encontro-de-integracao-da-rede-de-protecao-e-garantia-de-direitos-em-ipira\\\/#breadcrumb\"},\"inLanguage\":\"pt-BR\",\"potentialAction\":[{\"@type\":\"ReadAction\",\"target\":[\"https:\\\/\\\/www.catureba.com.br\\\/baciadojacuipe\\\/2009\\\/11\\\/02\\\/2o-encontro-de-integracao-da-rede-de-protecao-e-garantia-de-direitos-em-ipira\\\/\"]}]},{\"@type\":\"ImageObject\",\"inLanguage\":\"pt-BR\",\"@id\":\"https:\\\/\\\/www.catureba.com.br\\\/baciadojacuipe\\\/2009\\\/11\\\/02\\\/2o-encontro-de-integracao-da-rede-de-protecao-e-garantia-de-direitos-em-ipira\\\/#primaryimage\",\"url\":\"https:\\\/\\\/www.catureba.com.br\\\/baciadojacuipe\\\/wp-content\\\/uploads\\\/2025\\\/11\\\/foto1-1.jpg\",\"contentUrl\":\"https:\\\/\\\/www.catureba.com.br\\\/baciadojacuipe\\\/wp-content\\\/uploads\\\/2025\\\/11\\\/foto1-1.jpg\",\"width\":475,\"height\":331},{\"@type\":\"BreadcrumbList\",\"@id\":\"https:\\\/\\\/www.catureba.com.br\\\/baciadojacuipe\\\/2009\\\/11\\\/02\\\/2o-encontro-de-integracao-da-rede-de-protecao-e-garantia-de-direitos-em-ipira\\\/#breadcrumb\",\"itemListElement\":[{\"@type\":\"ListItem\",\"position\":1,\"name\":\"In\u00edcio\",\"item\":\"https:\\\/\\\/www.catureba.com.br\\\/baciadojacuipe\\\/\"},{\"@type\":\"ListItem\",\"position\":2,\"name\":\"2\u00ba Encontro de Integra\u00e7\u00e3o da Rede de Prote\u00e7\u00e3o e Garantia de Direitos em Ipir\u00e1\"}]},{\"@type\":\"WebSite\",\"@id\":\"https:\\\/\\\/www.catureba.com.br\\\/baciadojacuipe\\\/#website\",\"url\":\"https:\\\/\\\/www.catureba.com.br\\\/baciadojacuipe\\\/\",\"name\":\"Bacia do Jacu\u00edpe\",\"description\":\"15 Munic\u00edpios em um s\u00f3 Lugar\",\"publisher\":{\"@id\":\"https:\\\/\\\/www.catureba.com.br\\\/baciadojacuipe\\\/#organization\"},\"potentialAction\":[{\"@type\":\"SearchAction\",\"target\":{\"@type\":\"EntryPoint\",\"urlTemplate\":\"https:\\\/\\\/www.catureba.com.br\\\/baciadojacuipe\\\/?s={search_term_string}\"},\"query-input\":{\"@type\":\"PropertyValueSpecification\",\"valueRequired\":true,\"valueName\":\"search_term_string\"}}],\"inLanguage\":\"pt-BR\"},{\"@type\":\"Organization\",\"@id\":\"https:\\\/\\\/www.catureba.com.br\\\/baciadojacuipe\\\/#organization\",\"name\":\"Bacia do Jacu\u00edpe\",\"url\":\"https:\\\/\\\/www.catureba.com.br\\\/baciadojacuipe\\\/\",\"logo\":{\"@type\":\"ImageObject\",\"inLanguage\":\"pt-BR\",\"@id\":\"https:\\\/\\\/www.catureba.com.br\\\/baciadojacuipe\\\/#\\\/schema\\\/logo\\\/image\\\/\",\"url\":\"https:\\\/\\\/www.catureba.com.br\\\/baciadojacuipe\\\/wp-content\\\/uploads\\\/2025\\\/08\\\/cropped-logo.png\",\"contentUrl\":\"https:\\\/\\\/www.catureba.com.br\\\/baciadojacuipe\\\/wp-content\\\/uploads\\\/2025\\\/08\\\/cropped-logo.png\",\"width\":149,\"height\":150,\"caption\":\"Bacia do Jacu\u00edpe\"},\"image\":{\"@id\":\"https:\\\/\\\/www.catureba.com.br\\\/baciadojacuipe\\\/#\\\/schema\\\/logo\\\/image\\\/\"}},{\"@type\":\"Person\",\"@id\":\"https:\\\/\\\/www.catureba.com.br\\\/baciadojacuipe\\\/#\\\/schema\\\/person\\\/ffc8c3b98b65cb69355d29afa2355ba3\",\"name\":\"Ediom\u00e1rio Catureba\",\"image\":{\"@type\":\"ImageObject\",\"inLanguage\":\"pt-BR\",\"@id\":\"https:\\\/\\\/secure.gravatar.com\\\/avatar\\\/63c567ef6e64a56df9e100701cb374d725dbb66b635cd56b3f13f88e28ba235e?s=96&d=mm&r=g\",\"url\":\"https:\\\/\\\/secure.gravatar.com\\\/avatar\\\/63c567ef6e64a56df9e100701cb374d725dbb66b635cd56b3f13f88e28ba235e?s=96&d=mm&r=g\",\"contentUrl\":\"https:\\\/\\\/secure.gravatar.com\\\/avatar\\\/63c567ef6e64a56df9e100701cb374d725dbb66b635cd56b3f13f88e28ba235e?s=96&d=mm&r=g\",\"caption\":\"Ediom\u00e1rio Catureba\"},\"description\":\"Ediom\u00e1rio Catureba, nascido em 1976 em Baixa Grande, Bahia, \u00e9 jornalista e redator. Al\u00e9m de sua atua\u00e7\u00e3o no jornalismo, Ediom\u00e1rio \u00e9 conhecido por sua participa\u00e7\u00e3o em eventos culturais e sociais na regi\u00e3o. Ediom\u00e1rio tamb\u00e9m \u00e9 respons\u00e1vel pelo site Catureba.com.br, onde publica not\u00edcias e informa\u00e7\u00f5es sobre eventos locais, pol\u00edtica e cultura, contribuindo para a dissemina\u00e7\u00e3o de informa\u00e7\u00f5es na comunidade de Baixa Grande e arredores.\",\"sameAs\":[\"https:\\\/\\\/www.catureba.com.br\\\/baciadojacuipe\"],\"url\":\"https:\\\/\\\/www.catureba.com.br\\\/baciadojacuipe\\\/author\\\/edyomario\\\/\"}]}<\/script>\n<!-- \/ Yoast SEO plugin. -->","yoast_head_json":{"title":"2\u00ba Encontro de Integra\u00e7\u00e3o da Rede de Prote\u00e7\u00e3o e Garantia de Direitos em Ipir\u00e1 - Bacia do Jacu\u00edpe","robots":{"index":"index","follow":"follow","max-snippet":"max-snippet:-1","max-image-preview":"max-image-preview:large","max-video-preview":"max-video-preview:-1"},"canonical":"https:\/\/www.catureba.com.br\/baciadojacuipe\/2009\/11\/02\/2o-encontro-de-integracao-da-rede-de-protecao-e-garantia-de-direitos-em-ipira\/","og_locale":"pt_BR","og_type":"article","og_title":"2\u00ba Encontro de Integra\u00e7\u00e3o da Rede de Prote\u00e7\u00e3o e Garantia de Direitos em Ipir\u00e1 - Bacia do Jacu\u00edpe","og_description":"O CREAS \u2013 Centro de Refer\u00eancia Especializada da Assist\u00eancia Social, em Ipir\u00e1-BA, realizou um encontro","og_url":"https:\/\/www.catureba.com.br\/baciadojacuipe\/2009\/11\/02\/2o-encontro-de-integracao-da-rede-de-protecao-e-garantia-de-direitos-em-ipira\/","og_site_name":"Bacia do Jacu\u00edpe","article_published_time":"2009-11-02T09:01:54+00:00","article_modified_time":"2025-11-22T09:03:12+00:00","og_image":[{"width":475,"height":331,"url":"https:\/\/www.catureba.com.br\/baciadojacuipe\/wp-content\/uploads\/2025\/11\/foto1-1.jpg","type":"image\/jpeg"}],"author":"Ediom\u00e1rio Catureba","twitter_card":"summary_large_image","twitter_misc":{"Escrito por":"Ediom\u00e1rio Catureba","Est. tempo de leitura":"3 minutos"},"schema":{"@context":"https:\/\/schema.org","@graph":[{"@type":"Article","@id":"https:\/\/www.catureba.com.br\/baciadojacuipe\/2009\/11\/02\/2o-encontro-de-integracao-da-rede-de-protecao-e-garantia-de-direitos-em-ipira\/#article","isPartOf":{"@id":"https:\/\/www.catureba.com.br\/baciadojacuipe\/2009\/11\/02\/2o-encontro-de-integracao-da-rede-de-protecao-e-garantia-de-direitos-em-ipira\/"},"author":{"name":"Ediom\u00e1rio Catureba","@id":"https:\/\/www.catureba.com.br\/baciadojacuipe\/#\/schema\/person\/ffc8c3b98b65cb69355d29afa2355ba3"},"headline":"2\u00ba Encontro de Integra\u00e7\u00e3o da Rede de Prote\u00e7\u00e3o e Garantia de Direitos em Ipir\u00e1","datePublished":"2009-11-02T09:01:54+00:00","dateModified":"2025-11-22T09:03:12+00:00","mainEntityOfPage":{"@id":"https:\/\/www.catureba.com.br\/baciadojacuipe\/2009\/11\/02\/2o-encontro-de-integracao-da-rede-de-protecao-e-garantia-de-direitos-em-ipira\/"},"wordCount":360,"publisher":{"@id":"https:\/\/www.catureba.com.br\/baciadojacuipe\/#organization"},"image":{"@id":"https:\/\/www.catureba.com.br\/baciadojacuipe\/2009\/11\/02\/2o-encontro-de-integracao-da-rede-de-protecao-e-garantia-de-direitos-em-ipira\/#primaryimage"},"thumbnailUrl":"https:\/\/www.catureba.com.br\/baciadojacuipe\/wp-content\/uploads\/2025\/11\/foto1-1.jpg","articleSection":["Gavi\u00e3o"],"inLanguage":"pt-BR"},{"@type":"WebPage","@id":"https:\/\/www.catureba.com.br\/baciadojacuipe\/2009\/11\/02\/2o-encontro-de-integracao-da-rede-de-protecao-e-garantia-de-direitos-em-ipira\/","url":"https:\/\/www.catureba.com.br\/baciadojacuipe\/2009\/11\/02\/2o-encontro-de-integracao-da-rede-de-protecao-e-garantia-de-direitos-em-ipira\/","name":"2\u00ba Encontro de Integra\u00e7\u00e3o da Rede de Prote\u00e7\u00e3o e Garantia de Direitos em Ipir\u00e1 - Bacia do Jacu\u00edpe","isPartOf":{"@id":"https:\/\/www.catureba.com.br\/baciadojacuipe\/#website"},"primaryImageOfPage":{"@id":"https:\/\/www.catureba.com.br\/baciadojacuipe\/2009\/11\/02\/2o-encontro-de-integracao-da-rede-de-protecao-e-garantia-de-direitos-em-ipira\/#primaryimage"},"image":{"@id":"https:\/\/www.catureba.com.br\/baciadojacuipe\/2009\/11\/02\/2o-encontro-de-integracao-da-rede-de-protecao-e-garantia-de-direitos-em-ipira\/#primaryimage"},"thumbnailUrl":"https:\/\/www.catureba.com.br\/baciadojacuipe\/wp-content\/uploads\/2025\/11\/foto1-1.jpg","datePublished":"2009-11-02T09:01:54+00:00","dateModified":"2025-11-22T09:03:12+00:00","breadcrumb":{"@id":"https:\/\/www.catureba.com.br\/baciadojacuipe\/2009\/11\/02\/2o-encontro-de-integracao-da-rede-de-protecao-e-garantia-de-direitos-em-ipira\/#breadcrumb"},"inLanguage":"pt-BR","potentialAction":[{"@type":"ReadAction","target":["https:\/\/www.catureba.com.br\/baciadojacuipe\/2009\/11\/02\/2o-encontro-de-integracao-da-rede-de-protecao-e-garantia-de-direitos-em-ipira\/"]}]},{"@type":"ImageObject","inLanguage":"pt-BR","@id":"https:\/\/www.catureba.com.br\/baciadojacuipe\/2009\/11\/02\/2o-encontro-de-integracao-da-rede-de-protecao-e-garantia-de-direitos-em-ipira\/#primaryimage","url":"https:\/\/www.catureba.com.br\/baciadojacuipe\/wp-content\/uploads\/2025\/11\/foto1-1.jpg","contentUrl":"https:\/\/www.catureba.com.br\/baciadojacuipe\/wp-content\/uploads\/2025\/11\/foto1-1.jpg","width":475,"height":331},{"@type":"BreadcrumbList","@id":"https:\/\/www.catureba.com.br\/baciadojacuipe\/2009\/11\/02\/2o-encontro-de-integracao-da-rede-de-protecao-e-garantia-de-direitos-em-ipira\/#breadcrumb","itemListElement":[{"@type":"ListItem","position":1,"name":"In\u00edcio","item":"https:\/\/www.catureba.com.br\/baciadojacuipe\/"},{"@type":"ListItem","position":2,"name":"2\u00ba Encontro de Integra\u00e7\u00e3o da Rede de Prote\u00e7\u00e3o e Garantia de Direitos em Ipir\u00e1"}]},{"@type":"WebSite","@id":"https:\/\/www.catureba.com.br\/baciadojacuipe\/#website","url":"https:\/\/www.catureba.com.br\/baciadojacuipe\/","name":"Bacia do Jacu\u00edpe","description":"15 Munic\u00edpios em um s\u00f3 Lugar","publisher":{"@id":"https:\/\/www.catureba.com.br\/baciadojacuipe\/#organization"},"potentialAction":[{"@type":"SearchAction","target":{"@type":"EntryPoint","urlTemplate":"https:\/\/www.catureba.com.br\/baciadojacuipe\/?s={search_term_string}"},"query-input":{"@type":"PropertyValueSpecification","valueRequired":true,"valueName":"search_term_string"}}],"inLanguage":"pt-BR"},{"@type":"Organization","@id":"https:\/\/www.catureba.com.br\/baciadojacuipe\/#organization","name":"Bacia do Jacu\u00edpe","url":"https:\/\/www.catureba.com.br\/baciadojacuipe\/","logo":{"@type":"ImageObject","inLanguage":"pt-BR","@id":"https:\/\/www.catureba.com.br\/baciadojacuipe\/#\/schema\/logo\/image\/","url":"https:\/\/www.catureba.com.br\/baciadojacuipe\/wp-content\/uploads\/2025\/08\/cropped-logo.png","contentUrl":"https:\/\/www.catureba.com.br\/baciadojacuipe\/wp-content\/uploads\/2025\/08\/cropped-logo.png","width":149,"height":150,"caption":"Bacia do Jacu\u00edpe"},"image":{"@id":"https:\/\/www.catureba.com.br\/baciadojacuipe\/#\/schema\/logo\/image\/"}},{"@type":"Person","@id":"https:\/\/www.catureba.com.br\/baciadojacuipe\/#\/schema\/person\/ffc8c3b98b65cb69355d29afa2355ba3","name":"Ediom\u00e1rio Catureba","image":{"@type":"ImageObject","inLanguage":"pt-BR","@id":"https:\/\/secure.gravatar.com\/avatar\/63c567ef6e64a56df9e100701cb374d725dbb66b635cd56b3f13f88e28ba235e?s=96&d=mm&r=g","url":"https:\/\/secure.gravatar.com\/avatar\/63c567ef6e64a56df9e100701cb374d725dbb66b635cd56b3f13f88e28ba235e?s=96&d=mm&r=g","contentUrl":"https:\/\/secure.gravatar.com\/avatar\/63c567ef6e64a56df9e100701cb374d725dbb66b635cd56b3f13f88e28ba235e?s=96&d=mm&r=g","caption":"Ediom\u00e1rio Catureba"},"description":"Ediom\u00e1rio Catureba, nascido em 1976 em Baixa Grande, Bahia, \u00e9 jornalista e redator. Al\u00e9m de sua atua\u00e7\u00e3o no jornalismo, Ediom\u00e1rio \u00e9 conhecido por sua participa\u00e7\u00e3o em eventos culturais e sociais na regi\u00e3o. Ediom\u00e1rio tamb\u00e9m \u00e9 respons\u00e1vel pelo site Catureba.com.br, onde publica not\u00edcias e informa\u00e7\u00f5es sobre eventos locais, pol\u00edtica e cultura, contribuindo para a dissemina\u00e7\u00e3o de informa\u00e7\u00f5es na comunidade de Baixa Grande e arredores.","sameAs":["https:\/\/www.catureba.com.br\/baciadojacuipe"],"url":"https:\/\/www.catureba.com.br\/baciadojacuipe\/author\/edyomario\/"}]}},"uagb_featured_image_src":{"full":["https:\/\/www.catureba.com.br\/baciadojacuipe\/wp-content\/uploads\/2025\/11\/foto1-1.jpg",475,331,false],"thumbnail":["https:\/\/www.catureba.com.br\/baciadojacuipe\/wp-content\/uploads\/2025\/11\/foto1-1-150x150.jpg",150,150,true],"medium":["https:\/\/www.catureba.com.br\/baciadojacuipe\/wp-content\/uploads\/2025\/11\/foto1-1-300x209.jpg",300,209,true],"medium_large":["https:\/\/www.catureba.com.br\/baciadojacuipe\/wp-content\/uploads\/2025\/11\/foto1-1.jpg",475,331,false],"large":["https:\/\/www.catureba.com.br\/baciadojacuipe\/wp-content\/uploads\/2025\/11\/foto1-1.jpg",475,331,false],"1536x1536":["https:\/\/www.catureba.com.br\/baciadojacuipe\/wp-content\/uploads\/2025\/11\/foto1-1.jpg",475,331,false],"2048x2048":["https:\/\/www.catureba.com.br\/baciadojacuipe\/wp-content\/uploads\/2025\/11\/foto1-1.jpg",475,331,false],"cream-magazine-thumbnail-2":["https:\/\/www.catureba.com.br\/baciadojacuipe\/wp-content\/uploads\/2025\/11\/foto1-1.jpg",475,331,false],"cream-magazine-thumbnail-3":["https:\/\/www.catureba.com.br\/baciadojacuipe\/wp-content\/uploads\/2025\/11\/foto1-1.jpg",475,331,false],"cream-magazine-thumbnail-4":["https:\/\/www.catureba.com.br\/baciadojacuipe\/wp-content\/uploads\/2025\/11\/foto1-1.jpg",450,314,false]},"uagb_author_info":{"display_name":"Ediom\u00e1rio Catureba","author_link":"https:\/\/www.catureba.com.br\/baciadojacuipe\/author\/edyomario\/"},"uagb_comment_info":0,"uagb_excerpt":"O CREAS \u2013 Centro de Refer\u00eancia Especializada da Assist\u00eancia Social, em Ipir\u00e1-BA, realizou um encontro","_links":{"self":[{"href":"https:\/\/www.catureba.com.br\/baciadojacuipe\/wp-json\/wp\/v2\/posts\/597","targetHints":{"allow":["GET"]}}],"collection":[{"href":"https:\/\/www.catureba.com.br\/baciadojacuipe\/wp-json\/wp\/v2\/posts"}],"about":[{"href":"https:\/\/www.catureba.com.br\/baciadojacuipe\/wp-json\/wp\/v2\/types\/post"}],"author":[{"embeddable":true,"href":"https:\/\/www.catureba.com.br\/baciadojacuipe\/wp-json\/wp\/v2\/users\/1"}],"replies":[{"embeddable":true,"href":"https:\/\/www.catureba.com.br\/baciadojacuipe\/wp-json\/wp\/v2\/comments?post=597"}],"version-history":[{"count":1,"href":"https:\/\/www.catureba.com.br\/baciadojacuipe\/wp-json\/wp\/v2\/posts\/597\/revisions"}],"predecessor-version":[{"id":601,"href":"https:\/\/www.catureba.com.br\/baciadojacuipe\/wp-json\/wp\/v2\/posts\/597\/revisions\/601"}],"wp:featuredmedia":[{"embeddable":true,"href":"https:\/\/www.catureba.com.br\/baciadojacuipe\/wp-json\/wp\/v2\/media\/598"}],"wp:attachment":[{"href":"https:\/\/www.catureba.com.br\/baciadojacuipe\/wp-json\/wp\/v2\/media?parent=597"}],"wp:term":[{"taxonomy":"category","embeddable":true,"href":"https:\/\/www.catureba.com.br\/baciadojacuipe\/wp-json\/wp\/v2\/categories?post=597"},{"taxonomy":"post_tag","embeddable":true,"href":"https:\/\/www.catureba.com.br\/baciadojacuipe\/wp-json\/wp\/v2\/tags?post=597"}],"curies":[{"name":"wp","href":"https:\/\/api.w.org\/{rel}","templated":true}]}}