{"id":559,"date":"2019-08-20T18:31:17","date_gmt":"2019-08-20T21:31:17","guid":{"rendered":"https:\/\/www.catureba.com.br\/baciadojacuipe\/?p=559"},"modified":"2025-11-20T18:38:20","modified_gmt":"2025-11-20T21:38:20","slug":"a-poesia-o-livro-do-estudante-eduardo-de-jesus-foi-a-vencedora-da-3a-semana-literaria-em-baixa-grande","status":"publish","type":"post","link":"https:\/\/www.catureba.com.br\/baciadojacuipe\/2019\/08\/20\/a-poesia-o-livro-do-estudante-eduardo-de-jesus-foi-a-vencedora-da-3a-semana-literaria-em-baixa-grande\/","title":{"rendered":"A poesia \u201cO Livro\u201d do estudante Eduardo de Jesus foi a vencedora da 3\u00aa Semana Liter\u00e1ria em Baixa Grande"},"content":{"rendered":"<p style=\"text-align: justify;\" data-start=\"382\" data-end=\"762\">A 3\u00aa Semana Liter\u00e1ria de Baixa Grande come\u00e7ou na segunda-feira, 19 de agosto de 2019, e segue at\u00e9 quinta-feira, 22, com o tema <em data-start=\"509\" data-end=\"551\">\u201cQuem l\u00ea \u00e9 como uma \u00e1rvore que floresce\u201d<\/em>, frase criada pela estudante Wendy Nascimento, de 11 anos. O evento integra o projeto <em data-start=\"638\" data-end=\"659\">Construindo Emo\u00e7\u00f5es<\/em>, iniciado em 2017, e que, devido ao sucesso, passou de um dia para quatro dias de programa\u00e7\u00e3o em 2019.<\/p>\n<h4 style=\"text-align: center;\" data-start=\"382\" data-end=\"762\"><span style=\"color: #ff0000;\">Reportagem em V\u00eddeo<br \/>\n<iframe loading=\"lazy\" title=\"YouTube video player\" src=\"https:\/\/www.youtube.com\/embed\/94e9Aez1-Cc?si=1aL8k3xIxQxdcjn3\" width=\"560\" height=\"315\" frameborder=\"0\" allowfullscreen=\"allowfullscreen\"><\/iframe><\/span><\/h4>\n<p style=\"text-align: justify;\" data-start=\"764\" data-end=\"1205\">A abertura contou com a participa\u00e7\u00e3o do grupo da Renova\u00e7\u00e3o Carism\u00e1tica Cat\u00f3lica (RCC). A primeira noite foi dedicada ao <em data-start=\"884\" data-end=\"905\">Festival de Poesias<\/em>, reunindo 18 estudantes do Ensino Fundamental I e II, todos com textos autorais. A mesa julgadora foi composta por Roque da Mota, Rejane Miranda, Flandu Neto, Judelson Queiroz e Celso Miranda. Todos os participantes receberam medalhas e kits de livros, e os tr\u00eas primeiros colocados foram premiados:<\/p>\n<ul style=\"text-align: justify;\" data-start=\"1207\" data-end=\"1385\">\n<li data-start=\"1207\" data-end=\"1266\">\n<p data-start=\"1209\" data-end=\"1266\"><strong data-start=\"1209\" data-end=\"1222\">1\u00ba lugar:<\/strong> <em data-start=\"1223\" data-end=\"1232\">O Livro<\/em> \u2014 Eduardo de Jesus (144 pontos)<\/p>\n<\/li>\n<li data-start=\"1207\" data-end=\"1266\">\n<p data-start=\"1209\" data-end=\"1266\"><strong data-start=\"1269\" data-end=\"1282\">2\u00ba lugar:<\/strong> <em data-start=\"1283\" data-end=\"1292\">Solid\u00e3o<\/em> \u2014 Daniel Miranda (142,5 pontos)<\/p>\n<\/li>\n<li data-start=\"1327\" data-end=\"1385\">\n<p data-start=\"1329\" data-end=\"1385\"><strong data-start=\"1329\" data-end=\"1342\">3\u00ba lugar:<\/strong> <em data-start=\"1343\" data-end=\"1355\">A Natureza<\/em> \u2014 Taise Pedreira (140 pontos)<\/p>\n<\/li>\n<\/ul>\n<p style=\"text-align: justify;\" data-start=\"1387\" data-end=\"1475\">As atividades est\u00e3o acontecendo na C\u00e2mara de Vereadores. A programa\u00e7\u00e3o da semana inclui:<\/p>\n<ul style=\"text-align: justify;\" data-start=\"1477\" data-end=\"1779\">\n<li data-start=\"1477\" data-end=\"1561\">\n<p data-start=\"1479\" data-end=\"1561\"><strong data-start=\"1479\" data-end=\"1494\">Ter\u00e7a (20):<\/strong> Noite do Cordel, com o cordelista local Jurivaldo Alves da Silva<\/p>\n<\/li>\n<li data-start=\"1562\" data-end=\"1660\">\n<p data-start=\"1564\" data-end=\"1660\"><strong data-start=\"1564\" data-end=\"1580\">Quarta (21):<\/strong> Noite dos Poetas e Artistas da Terra, com homenagens e apresenta\u00e7\u00f5es musicais<\/p>\n<\/li>\n<li data-start=\"1661\" data-end=\"1779\">\n<p data-start=\"1663\" data-end=\"1779\"><strong data-start=\"1663\" data-end=\"1679\">Quinta (22):<\/strong> Apresenta\u00e7\u00f5es e exposi\u00e7\u00e3o no cal\u00e7ad\u00e3o em frente \u00e0 igreja matriz, nos turnos matutino e vespertino<\/p>\n<\/li>\n<\/ul>\n<figure id=\"attachment_560\" aria-describedby=\"caption-attachment-560\" style=\"width: 709px\" class=\"wp-caption aligncenter\"><img loading=\"lazy\" decoding=\"async\" class=\"wp-image-560 size-full\" src=\"https:\/\/www.catureba.com.br\/baciadojacuipe\/wp-content\/uploads\/2025\/11\/teatro.jpg\" alt=\"\" width=\"709\" height=\"516\" srcset=\"https:\/\/www.catureba.com.br\/baciadojacuipe\/wp-content\/uploads\/2025\/11\/teatro.jpg 709w, https:\/\/www.catureba.com.br\/baciadojacuipe\/wp-content\/uploads\/2025\/11\/teatro-300x218.jpg 300w\" sizes=\"auto, (max-width: 709px) 100vw, 709px\" \/><figcaption id=\"caption-attachment-560\" class=\"wp-caption-text\">O Grupo de Teatro da Secretaria de Educa\u00e7\u00e3o tamb\u00e9m participa da programa\u00e7\u00e3o.<\/figcaption><\/figure>\n<h4 style=\"text-align: right;\">www.baciadojacuipe.com.br<br \/>\nPor: Ediom\u00e1rio Catureba<\/h4>\n<p><img loading=\"lazy\" decoding=\"async\" class=\"aligncenter size-full wp-image-562\" src=\"https:\/\/www.catureba.com.br\/baciadojacuipe\/wp-content\/uploads\/2019\/08\/foto2.jpg\" alt=\"\" width=\"709\" height=\"473\" srcset=\"https:\/\/www.catureba.com.br\/baciadojacuipe\/wp-content\/uploads\/2019\/08\/foto2.jpg 709w, https:\/\/www.catureba.com.br\/baciadojacuipe\/wp-content\/uploads\/2019\/08\/foto2-300x200.jpg 300w\" sizes=\"auto, (max-width: 709px) 100vw, 709px\" \/> <img loading=\"lazy\" decoding=\"async\" class=\"aligncenter size-full wp-image-563\" src=\"https:\/\/www.catureba.com.br\/baciadojacuipe\/wp-content\/uploads\/2019\/08\/foto3.jpg\" alt=\"\" width=\"709\" height=\"473\" srcset=\"https:\/\/www.catureba.com.br\/baciadojacuipe\/wp-content\/uploads\/2019\/08\/foto3.jpg 709w, https:\/\/www.catureba.com.br\/baciadojacuipe\/wp-content\/uploads\/2019\/08\/foto3-300x200.jpg 300w\" sizes=\"auto, (max-width: 709px) 100vw, 709px\" \/> <img loading=\"lazy\" decoding=\"async\" class=\"aligncenter size-full wp-image-564\" src=\"https:\/\/www.catureba.com.br\/baciadojacuipe\/wp-content\/uploads\/2019\/08\/foto4.jpg\" alt=\"\" width=\"709\" height=\"473\" srcset=\"https:\/\/www.catureba.com.br\/baciadojacuipe\/wp-content\/uploads\/2019\/08\/foto4.jpg 709w, https:\/\/www.catureba.com.br\/baciadojacuipe\/wp-content\/uploads\/2019\/08\/foto4-300x200.jpg 300w\" sizes=\"auto, (max-width: 709px) 100vw, 709px\" \/> <img loading=\"lazy\" decoding=\"async\" class=\"aligncenter size-full wp-image-565\" src=\"https:\/\/www.catureba.com.br\/baciadojacuipe\/wp-content\/uploads\/2019\/08\/foto5.jpg\" alt=\"\" width=\"709\" height=\"473\" srcset=\"https:\/\/www.catureba.com.br\/baciadojacuipe\/wp-content\/uploads\/2019\/08\/foto5.jpg 709w, https:\/\/www.catureba.com.br\/baciadojacuipe\/wp-content\/uploads\/2019\/08\/foto5-300x200.jpg 300w\" sizes=\"auto, (max-width: 709px) 100vw, 709px\" \/> <img loading=\"lazy\" decoding=\"async\" class=\"aligncenter size-full wp-image-566\" src=\"https:\/\/www.catureba.com.br\/baciadojacuipe\/wp-content\/uploads\/2019\/08\/foto6.jpg\" alt=\"\" width=\"709\" height=\"473\" srcset=\"https:\/\/www.catureba.com.br\/baciadojacuipe\/wp-content\/uploads\/2019\/08\/foto6.jpg 709w, https:\/\/www.catureba.com.br\/baciadojacuipe\/wp-content\/uploads\/2019\/08\/foto6-300x200.jpg 300w\" sizes=\"auto, (max-width: 709px) 100vw, 709px\" \/> <img loading=\"lazy\" decoding=\"async\" class=\"aligncenter size-full wp-image-567\" src=\"https:\/\/www.catureba.com.br\/baciadojacuipe\/wp-content\/uploads\/2019\/08\/foto7.jpg\" alt=\"\" width=\"709\" height=\"473\" srcset=\"https:\/\/www.catureba.com.br\/baciadojacuipe\/wp-content\/uploads\/2019\/08\/foto7.jpg 709w, https:\/\/www.catureba.com.br\/baciadojacuipe\/wp-content\/uploads\/2019\/08\/foto7-300x200.jpg 300w\" sizes=\"auto, (max-width: 709px) 100vw, 709px\" \/> <img loading=\"lazy\" decoding=\"async\" class=\"aligncenter size-full wp-image-568\" src=\"https:\/\/www.catureba.com.br\/baciadojacuipe\/wp-content\/uploads\/2019\/08\/foto8.jpg\" alt=\"\" width=\"709\" height=\"473\" srcset=\"https:\/\/www.catureba.com.br\/baciadojacuipe\/wp-content\/uploads\/2019\/08\/foto8.jpg 709w, https:\/\/www.catureba.com.br\/baciadojacuipe\/wp-content\/uploads\/2019\/08\/foto8-300x200.jpg 300w\" sizes=\"auto, (max-width: 709px) 100vw, 709px\" \/> <img loading=\"lazy\" decoding=\"async\" class=\"aligncenter size-full wp-image-569\" src=\"https:\/\/www.catureba.com.br\/baciadojacuipe\/wp-content\/uploads\/2019\/08\/foto9.jpg\" alt=\"\" width=\"709\" height=\"473\" srcset=\"https:\/\/www.catureba.com.br\/baciadojacuipe\/wp-content\/uploads\/2019\/08\/foto9.jpg 709w, https:\/\/www.catureba.com.br\/baciadojacuipe\/wp-content\/uploads\/2019\/08\/foto9-300x200.jpg 300w\" sizes=\"auto, (max-width: 709px) 100vw, 709px\" \/> <img loading=\"lazy\" decoding=\"async\" class=\"aligncenter size-full wp-image-570\" src=\"https:\/\/www.catureba.com.br\/baciadojacuipe\/wp-content\/uploads\/2019\/08\/foto10.jpg\" alt=\"\" width=\"709\" height=\"473\" srcset=\"https:\/\/www.catureba.com.br\/baciadojacuipe\/wp-content\/uploads\/2019\/08\/foto10.jpg 709w, https:\/\/www.catureba.com.br\/baciadojacuipe\/wp-content\/uploads\/2019\/08\/foto10-300x200.jpg 300w\" sizes=\"auto, (max-width: 709px) 100vw, 709px\" \/> <img loading=\"lazy\" decoding=\"async\" class=\"aligncenter size-full wp-image-571\" src=\"https:\/\/www.catureba.com.br\/baciadojacuipe\/wp-content\/uploads\/2019\/08\/foto11.jpg\" alt=\"\" width=\"709\" height=\"473\" srcset=\"https:\/\/www.catureba.com.br\/baciadojacuipe\/wp-content\/uploads\/2019\/08\/foto11.jpg 709w, https:\/\/www.catureba.com.br\/baciadojacuipe\/wp-content\/uploads\/2019\/08\/foto11-300x200.jpg 300w\" sizes=\"auto, (max-width: 709px) 100vw, 709px\" \/> <img loading=\"lazy\" decoding=\"async\" class=\"aligncenter size-full wp-image-572\" src=\"https:\/\/www.catureba.com.br\/baciadojacuipe\/wp-content\/uploads\/2019\/08\/foto12.jpg\" alt=\"\" width=\"709\" height=\"473\" srcset=\"https:\/\/www.catureba.com.br\/baciadojacuipe\/wp-content\/uploads\/2019\/08\/foto12.jpg 709w, https:\/\/www.catureba.com.br\/baciadojacuipe\/wp-content\/uploads\/2019\/08\/foto12-300x200.jpg 300w\" sizes=\"auto, (max-width: 709px) 100vw, 709px\" \/> <img loading=\"lazy\" decoding=\"async\" class=\"aligncenter size-full wp-image-573\" src=\"https:\/\/www.catureba.com.br\/baciadojacuipe\/wp-content\/uploads\/2019\/08\/foto13.jpg\" alt=\"\" width=\"709\" height=\"473\" srcset=\"https:\/\/www.catureba.com.br\/baciadojacuipe\/wp-content\/uploads\/2019\/08\/foto13.jpg 709w, https:\/\/www.catureba.com.br\/baciadojacuipe\/wp-content\/uploads\/2019\/08\/foto13-300x200.jpg 300w\" sizes=\"auto, (max-width: 709px) 100vw, 709px\" \/> <img loading=\"lazy\" decoding=\"async\" class=\"aligncenter size-full wp-image-574\" src=\"https:\/\/www.catureba.com.br\/baciadojacuipe\/wp-content\/uploads\/2019\/08\/foto14.jpg\" alt=\"\" width=\"709\" height=\"473\" srcset=\"https:\/\/www.catureba.com.br\/baciadojacuipe\/wp-content\/uploads\/2019\/08\/foto14.jpg 709w, https:\/\/www.catureba.com.br\/baciadojacuipe\/wp-content\/uploads\/2019\/08\/foto14-300x200.jpg 300w\" sizes=\"auto, (max-width: 709px) 100vw, 709px\" \/> <img loading=\"lazy\" decoding=\"async\" class=\"aligncenter size-full wp-image-575\" src=\"https:\/\/www.catureba.com.br\/baciadojacuipe\/wp-content\/uploads\/2019\/08\/foto15.jpg\" alt=\"\" width=\"709\" height=\"473\" srcset=\"https:\/\/www.catureba.com.br\/baciadojacuipe\/wp-content\/uploads\/2019\/08\/foto15.jpg 709w, https:\/\/www.catureba.com.br\/baciadojacuipe\/wp-content\/uploads\/2019\/08\/foto15-300x200.jpg 300w\" sizes=\"auto, (max-width: 709px) 100vw, 709px\" \/> <img loading=\"lazy\" decoding=\"async\" class=\"aligncenter size-full wp-image-576\" src=\"https:\/\/www.catureba.com.br\/baciadojacuipe\/wp-content\/uploads\/2019\/08\/foto16.jpg\" alt=\"\" width=\"709\" height=\"473\" srcset=\"https:\/\/www.catureba.com.br\/baciadojacuipe\/wp-content\/uploads\/2019\/08\/foto16.jpg 709w, https:\/\/www.catureba.com.br\/baciadojacuipe\/wp-content\/uploads\/2019\/08\/foto16-300x200.jpg 300w\" sizes=\"auto, (max-width: 709px) 100vw, 709px\" \/> <img loading=\"lazy\" decoding=\"async\" class=\"aligncenter size-full wp-image-577\" src=\"https:\/\/www.catureba.com.br\/baciadojacuipe\/wp-content\/uploads\/2019\/08\/foto17.jpg\" alt=\"\" width=\"709\" height=\"473\" srcset=\"https:\/\/www.catureba.com.br\/baciadojacuipe\/wp-content\/uploads\/2019\/08\/foto17.jpg 709w, https:\/\/www.catureba.com.br\/baciadojacuipe\/wp-content\/uploads\/2019\/08\/foto17-300x200.jpg 300w\" sizes=\"auto, (max-width: 709px) 100vw, 709px\" \/> <img loading=\"lazy\" decoding=\"async\" class=\"aligncenter size-full wp-image-578\" src=\"https:\/\/www.catureba.com.br\/baciadojacuipe\/wp-content\/uploads\/2019\/08\/foto18.jpg\" alt=\"\" width=\"709\" height=\"473\" srcset=\"https:\/\/www.catureba.com.br\/baciadojacuipe\/wp-content\/uploads\/2019\/08\/foto18.jpg 709w, https:\/\/www.catureba.com.br\/baciadojacuipe\/wp-content\/uploads\/2019\/08\/foto18-300x200.jpg 300w\" sizes=\"auto, (max-width: 709px) 100vw, 709px\" \/> <img loading=\"lazy\" decoding=\"async\" class=\"aligncenter size-full wp-image-579\" src=\"https:\/\/www.catureba.com.br\/baciadojacuipe\/wp-content\/uploads\/2019\/08\/foto19.jpg\" alt=\"\" width=\"709\" height=\"473\" srcset=\"https:\/\/www.catureba.com.br\/baciadojacuipe\/wp-content\/uploads\/2019\/08\/foto19.jpg 709w, https:\/\/www.catureba.com.br\/baciadojacuipe\/wp-content\/uploads\/2019\/08\/foto19-300x200.jpg 300w\" sizes=\"auto, (max-width: 709px) 100vw, 709px\" \/> <img loading=\"lazy\" decoding=\"async\" class=\"aligncenter size-full wp-image-580\" src=\"https:\/\/www.catureba.com.br\/baciadojacuipe\/wp-content\/uploads\/2019\/08\/foto20.jpg\" alt=\"\" width=\"709\" height=\"473\" srcset=\"https:\/\/www.catureba.com.br\/baciadojacuipe\/wp-content\/uploads\/2019\/08\/foto20.jpg 709w, https:\/\/www.catureba.com.br\/baciadojacuipe\/wp-content\/uploads\/2019\/08\/foto20-300x200.jpg 300w\" sizes=\"auto, (max-width: 709px) 100vw, 709px\" \/> <img loading=\"lazy\" decoding=\"async\" class=\"aligncenter size-full wp-image-581\" src=\"https:\/\/www.catureba.com.br\/baciadojacuipe\/wp-content\/uploads\/2019\/08\/foto21.jpg\" alt=\"\" width=\"709\" height=\"473\" srcset=\"https:\/\/www.catureba.com.br\/baciadojacuipe\/wp-content\/uploads\/2019\/08\/foto21.jpg 709w, https:\/\/www.catureba.com.br\/baciadojacuipe\/wp-content\/uploads\/2019\/08\/foto21-300x200.jpg 300w\" sizes=\"auto, (max-width: 709px) 100vw, 709px\" \/> <img loading=\"lazy\" decoding=\"async\" class=\"aligncenter size-full wp-image-582\" src=\"https:\/\/www.catureba.com.br\/baciadojacuipe\/wp-content\/uploads\/2019\/08\/foto22.jpg\" alt=\"\" width=\"709\" height=\"473\" srcset=\"https:\/\/www.catureba.com.br\/baciadojacuipe\/wp-content\/uploads\/2019\/08\/foto22.jpg 709w, https:\/\/www.catureba.com.br\/baciadojacuipe\/wp-content\/uploads\/2019\/08\/foto22-300x200.jpg 300w\" sizes=\"auto, (max-width: 709px) 100vw, 709px\" \/> <img loading=\"lazy\" decoding=\"async\" class=\"aligncenter size-full wp-image-583\" src=\"https:\/\/www.catureba.com.br\/baciadojacuipe\/wp-content\/uploads\/2019\/08\/foto23.jpg\" alt=\"\" width=\"709\" height=\"473\" srcset=\"https:\/\/www.catureba.com.br\/baciadojacuipe\/wp-content\/uploads\/2019\/08\/foto23.jpg 709w, https:\/\/www.catureba.com.br\/baciadojacuipe\/wp-content\/uploads\/2019\/08\/foto23-300x200.jpg 300w\" sizes=\"auto, (max-width: 709px) 100vw, 709px\" \/> <img loading=\"lazy\" decoding=\"async\" class=\"aligncenter size-full wp-image-584\" src=\"https:\/\/www.catureba.com.br\/baciadojacuipe\/wp-content\/uploads\/2019\/08\/foto24.jpg\" alt=\"\" width=\"709\" height=\"473\" srcset=\"https:\/\/www.catureba.com.br\/baciadojacuipe\/wp-content\/uploads\/2019\/08\/foto24.jpg 709w, https:\/\/www.catureba.com.br\/baciadojacuipe\/wp-content\/uploads\/2019\/08\/foto24-300x200.jpg 300w\" sizes=\"auto, (max-width: 709px) 100vw, 709px\" \/> <img loading=\"lazy\" decoding=\"async\" class=\"aligncenter size-full wp-image-585\" src=\"https:\/\/www.catureba.com.br\/baciadojacuipe\/wp-content\/uploads\/2019\/08\/foto25.jpg\" alt=\"\" width=\"709\" height=\"473\" srcset=\"https:\/\/www.catureba.com.br\/baciadojacuipe\/wp-content\/uploads\/2019\/08\/foto25.jpg 709w, https:\/\/www.catureba.com.br\/baciadojacuipe\/wp-content\/uploads\/2019\/08\/foto25-300x200.jpg 300w\" sizes=\"auto, (max-width: 709px) 100vw, 709px\" \/> <img loading=\"lazy\" decoding=\"async\" class=\"aligncenter size-full wp-image-587\" src=\"https:\/\/www.catureba.com.br\/baciadojacuipe\/wp-content\/uploads\/2019\/08\/foto26.jpg\" alt=\"\" width=\"709\" height=\"473\" srcset=\"https:\/\/www.catureba.com.br\/baciadojacuipe\/wp-content\/uploads\/2019\/08\/foto26.jpg 709w, https:\/\/www.catureba.com.br\/baciadojacuipe\/wp-content\/uploads\/2019\/08\/foto26-300x200.jpg 300w\" sizes=\"auto, (max-width: 709px) 100vw, 709px\" \/> <img loading=\"lazy\" decoding=\"async\" class=\"aligncenter size-full wp-image-588\" src=\"https:\/\/www.catureba.com.br\/baciadojacuipe\/wp-content\/uploads\/2019\/08\/foto27.jpg\" alt=\"\" width=\"709\" height=\"473\" srcset=\"https:\/\/www.catureba.com.br\/baciadojacuipe\/wp-content\/uploads\/2019\/08\/foto27.jpg 709w, https:\/\/www.catureba.com.br\/baciadojacuipe\/wp-content\/uploads\/2019\/08\/foto27-300x200.jpg 300w\" sizes=\"auto, (max-width: 709px) 100vw, 709px\" \/> <img loading=\"lazy\" decoding=\"async\" class=\"aligncenter size-full wp-image-589\" src=\"https:\/\/www.catureba.com.br\/baciadojacuipe\/wp-content\/uploads\/2019\/08\/foto28.jpg\" alt=\"\" width=\"709\" height=\"473\" srcset=\"https:\/\/www.catureba.com.br\/baciadojacuipe\/wp-content\/uploads\/2019\/08\/foto28.jpg 709w, https:\/\/www.catureba.com.br\/baciadojacuipe\/wp-content\/uploads\/2019\/08\/foto28-300x200.jpg 300w\" sizes=\"auto, (max-width: 709px) 100vw, 709px\" \/> <img loading=\"lazy\" decoding=\"async\" class=\"aligncenter size-full wp-image-590\" src=\"https:\/\/www.catureba.com.br\/baciadojacuipe\/wp-content\/uploads\/2019\/08\/foto29.jpg\" alt=\"\" width=\"709\" height=\"473\" srcset=\"https:\/\/www.catureba.com.br\/baciadojacuipe\/wp-content\/uploads\/2019\/08\/foto29.jpg 709w, https:\/\/www.catureba.com.br\/baciadojacuipe\/wp-content\/uploads\/2019\/08\/foto29-300x200.jpg 300w\" sizes=\"auto, (max-width: 709px) 100vw, 709px\" \/> <img loading=\"lazy\" decoding=\"async\" class=\"aligncenter size-full wp-image-591\" src=\"https:\/\/www.catureba.com.br\/baciadojacuipe\/wp-content\/uploads\/2019\/08\/foto30.jpg\" alt=\"\" width=\"709\" height=\"473\" srcset=\"https:\/\/www.catureba.com.br\/baciadojacuipe\/wp-content\/uploads\/2019\/08\/foto30.jpg 709w, https:\/\/www.catureba.com.br\/baciadojacuipe\/wp-content\/uploads\/2019\/08\/foto30-300x200.jpg 300w\" sizes=\"auto, (max-width: 709px) 100vw, 709px\" \/><\/p>\n<div class=\"pvc_clear\"><\/div>\n<p id=\"pvc_stats_559\" class=\"pvc_stats total_only  \" data-element-id=\"559\" style=\"\"><i class=\"pvc-stats-icon medium\" aria-hidden=\"true\"><svg aria-hidden=\"true\" focusable=\"false\" data-prefix=\"far\" data-icon=\"chart-bar\" role=\"img\" xmlns=\"http:\/\/www.w3.org\/2000\/svg\" viewBox=\"0 0 512 512\" class=\"svg-inline--fa fa-chart-bar fa-w-16 fa-2x\"><path fill=\"currentColor\" d=\"M396.8 352h22.4c6.4 0 12.8-6.4 12.8-12.8V108.8c0-6.4-6.4-12.8-12.8-12.8h-22.4c-6.4 0-12.8 6.4-12.8 12.8v230.4c0 6.4 6.4 12.8 12.8 12.8zm-192 0h22.4c6.4 0 12.8-6.4 12.8-12.8V140.8c0-6.4-6.4-12.8-12.8-12.8h-22.4c-6.4 0-12.8 6.4-12.8 12.8v198.4c0 6.4 6.4 12.8 12.8 12.8zm96 0h22.4c6.4 0 12.8-6.4 12.8-12.8V204.8c0-6.4-6.4-12.8-12.8-12.8h-22.4c-6.4 0-12.8 6.4-12.8 12.8v134.4c0 6.4 6.4 12.8 12.8 12.8zM496 400H48V80c0-8.84-7.16-16-16-16H16C7.16 64 0 71.16 0 80v336c0 17.67 14.33 32 32 32h464c8.84 0 16-7.16 16-16v-16c0-8.84-7.16-16-16-16zm-387.2-48h22.4c6.4 0 12.8-6.4 12.8-12.8v-70.4c0-6.4-6.4-12.8-12.8-12.8h-22.4c-6.4 0-12.8 6.4-12.8 12.8v70.4c0 6.4 6.4 12.8 12.8 12.8z\" class=\"\"><\/path><\/svg><\/i> <img loading=\"lazy\" decoding=\"async\" width=\"16\" height=\"16\" alt=\"Loading\" src=\"https:\/\/www.catureba.com.br\/baciadojacuipe\/wp-content\/plugins\/page-views-count\/ajax-loader-2x.gif\" border=0 \/><\/p>\n<div class=\"pvc_clear\"><\/div>\n","protected":false},"excerpt":{"rendered":"<p>A 3\u00aa Semana Liter\u00e1ria de Baixa Grande come\u00e7ou na segunda-feira, 19 de agosto de 2019,<\/p>\n<div class=\"pvc_clear\"><\/div>\n<p id=\"pvc_stats_559\" class=\"pvc_stats total_only  \" data-element-id=\"559\" style=\"\"><i class=\"pvc-stats-icon medium\" aria-hidden=\"true\"><svg aria-hidden=\"true\" focusable=\"false\" data-prefix=\"far\" data-icon=\"chart-bar\" role=\"img\" xmlns=\"http:\/\/www.w3.org\/2000\/svg\" viewBox=\"0 0 512 512\" class=\"svg-inline--fa fa-chart-bar fa-w-16 fa-2x\"><path fill=\"currentColor\" d=\"M396.8 352h22.4c6.4 0 12.8-6.4 12.8-12.8V108.8c0-6.4-6.4-12.8-12.8-12.8h-22.4c-6.4 0-12.8 6.4-12.8 12.8v230.4c0 6.4 6.4 12.8 12.8 12.8zm-192 0h22.4c6.4 0 12.8-6.4 12.8-12.8V140.8c0-6.4-6.4-12.8-12.8-12.8h-22.4c-6.4 0-12.8 6.4-12.8 12.8v198.4c0 6.4 6.4 12.8 12.8 12.8zm96 0h22.4c6.4 0 12.8-6.4 12.8-12.8V204.8c0-6.4-6.4-12.8-12.8-12.8h-22.4c-6.4 0-12.8 6.4-12.8 12.8v134.4c0 6.4 6.4 12.8 12.8 12.8zM496 400H48V80c0-8.84-7.16-16-16-16H16C7.16 64 0 71.16 0 80v336c0 17.67 14.33 32 32 32h464c8.84 0 16-7.16 16-16v-16c0-8.84-7.16-16-16-16zm-387.2-48h22.4c6.4 0 12.8-6.4 12.8-12.8v-70.4c0-6.4-6.4-12.8-12.8-12.8h-22.4c-6.4 0-12.8 6.4-12.8 12.8v70.4c0 6.4 6.4 12.8 12.8 12.8z\" class=\"\"><\/path><\/svg><\/i> <img loading=\"lazy\" decoding=\"async\" width=\"16\" height=\"16\" alt=\"Loading\" src=\"https:\/\/www.catureba.com.br\/baciadojacuipe\/wp-content\/plugins\/page-views-count\/ajax-loader-2x.gif\" border=0 \/><\/p>\n<div class=\"pvc_clear\"><\/div>\n","protected":false},"author":1,"featured_media":592,"comment_status":"closed","ping_status":"open","sticky":false,"template":"","format":"standard","meta":{"_uag_custom_page_level_css":"","footnotes":""},"categories":[6],"tags":[],"class_list":["post-559","post","type-post","status-publish","format-standard","has-post-thumbnail","hentry","category-baixa-grande"],"a3_pvc":{"activated":true,"total_views":25,"today_views":0},"yoast_head":"<!-- This site is optimized with the Yoast SEO plugin v27.4 - https:\/\/yoast.com\/product\/yoast-seo-wordpress\/ -->\n<title>A poesia \u201cO Livro\u201d do estudante Eduardo de Jesus foi a vencedora da 3\u00aa Semana Liter\u00e1ria em Baixa Grande - Bacia do Jacu\u00edpe<\/title>\n<meta name=\"robots\" content=\"index, follow, max-snippet:-1, max-image-preview:large, max-video-preview:-1\" \/>\n<link rel=\"canonical\" href=\"https:\/\/www.catureba.com.br\/baciadojacuipe\/2019\/08\/20\/a-poesia-o-livro-do-estudante-eduardo-de-jesus-foi-a-vencedora-da-3a-semana-literaria-em-baixa-grande\/\" \/>\n<meta property=\"og:locale\" content=\"pt_BR\" \/>\n<meta property=\"og:type\" content=\"article\" \/>\n<meta property=\"og:title\" content=\"A poesia \u201cO Livro\u201d do estudante Eduardo de Jesus foi a vencedora da 3\u00aa Semana Liter\u00e1ria em Baixa Grande - Bacia do Jacu\u00edpe\" \/>\n<meta property=\"og:description\" content=\"A 3\u00aa Semana Liter\u00e1ria de Baixa Grande come\u00e7ou na segunda-feira, 19 de agosto de 2019,\" \/>\n<meta property=\"og:url\" content=\"https:\/\/www.catureba.com.br\/baciadojacuipe\/2019\/08\/20\/a-poesia-o-livro-do-estudante-eduardo-de-jesus-foi-a-vencedora-da-3a-semana-literaria-em-baixa-grande\/\" \/>\n<meta property=\"og:site_name\" content=\"Bacia do Jacu\u00edpe\" \/>\n<meta property=\"article:published_time\" content=\"2019-08-20T21:31:17+00:00\" \/>\n<meta property=\"article:modified_time\" content=\"2025-11-20T21:38:20+00:00\" \/>\n<meta property=\"og:image\" content=\"https:\/\/www.catureba.com.br\/baciadojacuipe\/wp-content\/uploads\/2019\/08\/foto1.jpg\" \/>\n\t<meta property=\"og:image:width\" content=\"709\" \/>\n\t<meta property=\"og:image:height\" content=\"473\" \/>\n\t<meta property=\"og:image:type\" content=\"image\/jpeg\" \/>\n<meta name=\"author\" content=\"Ediom\u00e1rio Catureba\" \/>\n<meta name=\"twitter:card\" content=\"summary_large_image\" \/>\n<meta name=\"twitter:label1\" content=\"Escrito por\" \/>\n\t<meta name=\"twitter:data1\" content=\"Ediom\u00e1rio Catureba\" \/>\n\t<meta name=\"twitter:label2\" content=\"Est. tempo de leitura\" \/>\n\t<meta name=\"twitter:data2\" content=\"1 minuto\" \/>\n<script type=\"application\/ld+json\" class=\"yoast-schema-graph\">{\"@context\":\"https:\\\/\\\/schema.org\",\"@graph\":[{\"@type\":\"Article\",\"@id\":\"https:\\\/\\\/www.catureba.com.br\\\/baciadojacuipe\\\/2019\\\/08\\\/20\\\/a-poesia-o-livro-do-estudante-eduardo-de-jesus-foi-a-vencedora-da-3a-semana-literaria-em-baixa-grande\\\/#article\",\"isPartOf\":{\"@id\":\"https:\\\/\\\/www.catureba.com.br\\\/baciadojacuipe\\\/2019\\\/08\\\/20\\\/a-poesia-o-livro-do-estudante-eduardo-de-jesus-foi-a-vencedora-da-3a-semana-literaria-em-baixa-grande\\\/\"},\"author\":{\"name\":\"Ediom\u00e1rio Catureba\",\"@id\":\"https:\\\/\\\/www.catureba.com.br\\\/baciadojacuipe\\\/#\\\/schema\\\/person\\\/ffc8c3b98b65cb69355d29afa2355ba3\"},\"headline\":\"A poesia \u201cO Livro\u201d do estudante Eduardo de Jesus foi a vencedora da 3\u00aa Semana Liter\u00e1ria em Baixa Grande\",\"datePublished\":\"2019-08-20T21:31:17+00:00\",\"dateModified\":\"2025-11-20T21:38:20+00:00\",\"mainEntityOfPage\":{\"@id\":\"https:\\\/\\\/www.catureba.com.br\\\/baciadojacuipe\\\/2019\\\/08\\\/20\\\/a-poesia-o-livro-do-estudante-eduardo-de-jesus-foi-a-vencedora-da-3a-semana-literaria-em-baixa-grande\\\/\"},\"wordCount\":269,\"publisher\":{\"@id\":\"https:\\\/\\\/www.catureba.com.br\\\/baciadojacuipe\\\/#organization\"},\"image\":{\"@id\":\"https:\\\/\\\/www.catureba.com.br\\\/baciadojacuipe\\\/2019\\\/08\\\/20\\\/a-poesia-o-livro-do-estudante-eduardo-de-jesus-foi-a-vencedora-da-3a-semana-literaria-em-baixa-grande\\\/#primaryimage\"},\"thumbnailUrl\":\"https:\\\/\\\/www.catureba.com.br\\\/baciadojacuipe\\\/wp-content\\\/uploads\\\/2019\\\/08\\\/foto1.jpg\",\"articleSection\":[\"Baixa Grande\"],\"inLanguage\":\"pt-BR\"},{\"@type\":\"WebPage\",\"@id\":\"https:\\\/\\\/www.catureba.com.br\\\/baciadojacuipe\\\/2019\\\/08\\\/20\\\/a-poesia-o-livro-do-estudante-eduardo-de-jesus-foi-a-vencedora-da-3a-semana-literaria-em-baixa-grande\\\/\",\"url\":\"https:\\\/\\\/www.catureba.com.br\\\/baciadojacuipe\\\/2019\\\/08\\\/20\\\/a-poesia-o-livro-do-estudante-eduardo-de-jesus-foi-a-vencedora-da-3a-semana-literaria-em-baixa-grande\\\/\",\"name\":\"A poesia \u201cO Livro\u201d do estudante Eduardo de Jesus foi a vencedora da 3\u00aa Semana Liter\u00e1ria em Baixa Grande - Bacia do Jacu\u00edpe\",\"isPartOf\":{\"@id\":\"https:\\\/\\\/www.catureba.com.br\\\/baciadojacuipe\\\/#website\"},\"primaryImageOfPage\":{\"@id\":\"https:\\\/\\\/www.catureba.com.br\\\/baciadojacuipe\\\/2019\\\/08\\\/20\\\/a-poesia-o-livro-do-estudante-eduardo-de-jesus-foi-a-vencedora-da-3a-semana-literaria-em-baixa-grande\\\/#primaryimage\"},\"image\":{\"@id\":\"https:\\\/\\\/www.catureba.com.br\\\/baciadojacuipe\\\/2019\\\/08\\\/20\\\/a-poesia-o-livro-do-estudante-eduardo-de-jesus-foi-a-vencedora-da-3a-semana-literaria-em-baixa-grande\\\/#primaryimage\"},\"thumbnailUrl\":\"https:\\\/\\\/www.catureba.com.br\\\/baciadojacuipe\\\/wp-content\\\/uploads\\\/2019\\\/08\\\/foto1.jpg\",\"datePublished\":\"2019-08-20T21:31:17+00:00\",\"dateModified\":\"2025-11-20T21:38:20+00:00\",\"breadcrumb\":{\"@id\":\"https:\\\/\\\/www.catureba.com.br\\\/baciadojacuipe\\\/2019\\\/08\\\/20\\\/a-poesia-o-livro-do-estudante-eduardo-de-jesus-foi-a-vencedora-da-3a-semana-literaria-em-baixa-grande\\\/#breadcrumb\"},\"inLanguage\":\"pt-BR\",\"potentialAction\":[{\"@type\":\"ReadAction\",\"target\":[\"https:\\\/\\\/www.catureba.com.br\\\/baciadojacuipe\\\/2019\\\/08\\\/20\\\/a-poesia-o-livro-do-estudante-eduardo-de-jesus-foi-a-vencedora-da-3a-semana-literaria-em-baixa-grande\\\/\"]}]},{\"@type\":\"ImageObject\",\"inLanguage\":\"pt-BR\",\"@id\":\"https:\\\/\\\/www.catureba.com.br\\\/baciadojacuipe\\\/2019\\\/08\\\/20\\\/a-poesia-o-livro-do-estudante-eduardo-de-jesus-foi-a-vencedora-da-3a-semana-literaria-em-baixa-grande\\\/#primaryimage\",\"url\":\"https:\\\/\\\/www.catureba.com.br\\\/baciadojacuipe\\\/wp-content\\\/uploads\\\/2019\\\/08\\\/foto1.jpg\",\"contentUrl\":\"https:\\\/\\\/www.catureba.com.br\\\/baciadojacuipe\\\/wp-content\\\/uploads\\\/2019\\\/08\\\/foto1.jpg\",\"width\":709,\"height\":473},{\"@type\":\"BreadcrumbList\",\"@id\":\"https:\\\/\\\/www.catureba.com.br\\\/baciadojacuipe\\\/2019\\\/08\\\/20\\\/a-poesia-o-livro-do-estudante-eduardo-de-jesus-foi-a-vencedora-da-3a-semana-literaria-em-baixa-grande\\\/#breadcrumb\",\"itemListElement\":[{\"@type\":\"ListItem\",\"position\":1,\"name\":\"In\u00edcio\",\"item\":\"https:\\\/\\\/www.catureba.com.br\\\/baciadojacuipe\\\/\"},{\"@type\":\"ListItem\",\"position\":2,\"name\":\"A poesia \u201cO Livro\u201d do estudante Eduardo de Jesus foi a vencedora da 3\u00aa Semana Liter\u00e1ria em Baixa Grande\"}]},{\"@type\":\"WebSite\",\"@id\":\"https:\\\/\\\/www.catureba.com.br\\\/baciadojacuipe\\\/#website\",\"url\":\"https:\\\/\\\/www.catureba.com.br\\\/baciadojacuipe\\\/\",\"name\":\"Bacia do Jacu\u00edpe\",\"description\":\"15 Munic\u00edpios em um s\u00f3 Lugar\",\"publisher\":{\"@id\":\"https:\\\/\\\/www.catureba.com.br\\\/baciadojacuipe\\\/#organization\"},\"potentialAction\":[{\"@type\":\"SearchAction\",\"target\":{\"@type\":\"EntryPoint\",\"urlTemplate\":\"https:\\\/\\\/www.catureba.com.br\\\/baciadojacuipe\\\/?s={search_term_string}\"},\"query-input\":{\"@type\":\"PropertyValueSpecification\",\"valueRequired\":true,\"valueName\":\"search_term_string\"}}],\"inLanguage\":\"pt-BR\"},{\"@type\":\"Organization\",\"@id\":\"https:\\\/\\\/www.catureba.com.br\\\/baciadojacuipe\\\/#organization\",\"name\":\"Bacia do Jacu\u00edpe\",\"url\":\"https:\\\/\\\/www.catureba.com.br\\\/baciadojacuipe\\\/\",\"logo\":{\"@type\":\"ImageObject\",\"inLanguage\":\"pt-BR\",\"@id\":\"https:\\\/\\\/www.catureba.com.br\\\/baciadojacuipe\\\/#\\\/schema\\\/logo\\\/image\\\/\",\"url\":\"https:\\\/\\\/www.catureba.com.br\\\/baciadojacuipe\\\/wp-content\\\/uploads\\\/2025\\\/08\\\/cropped-logo.png\",\"contentUrl\":\"https:\\\/\\\/www.catureba.com.br\\\/baciadojacuipe\\\/wp-content\\\/uploads\\\/2025\\\/08\\\/cropped-logo.png\",\"width\":149,\"height\":150,\"caption\":\"Bacia do Jacu\u00edpe\"},\"image\":{\"@id\":\"https:\\\/\\\/www.catureba.com.br\\\/baciadojacuipe\\\/#\\\/schema\\\/logo\\\/image\\\/\"}},{\"@type\":\"Person\",\"@id\":\"https:\\\/\\\/www.catureba.com.br\\\/baciadojacuipe\\\/#\\\/schema\\\/person\\\/ffc8c3b98b65cb69355d29afa2355ba3\",\"name\":\"Ediom\u00e1rio Catureba\",\"image\":{\"@type\":\"ImageObject\",\"inLanguage\":\"pt-BR\",\"@id\":\"https:\\\/\\\/secure.gravatar.com\\\/avatar\\\/63c567ef6e64a56df9e100701cb374d725dbb66b635cd56b3f13f88e28ba235e?s=96&d=mm&r=g\",\"url\":\"https:\\\/\\\/secure.gravatar.com\\\/avatar\\\/63c567ef6e64a56df9e100701cb374d725dbb66b635cd56b3f13f88e28ba235e?s=96&d=mm&r=g\",\"contentUrl\":\"https:\\\/\\\/secure.gravatar.com\\\/avatar\\\/63c567ef6e64a56df9e100701cb374d725dbb66b635cd56b3f13f88e28ba235e?s=96&d=mm&r=g\",\"caption\":\"Ediom\u00e1rio Catureba\"},\"description\":\"Ediom\u00e1rio Catureba, nascido em 1976 em Baixa Grande, Bahia, \u00e9 jornalista e redator. Al\u00e9m de sua atua\u00e7\u00e3o no jornalismo, Ediom\u00e1rio \u00e9 conhecido por sua participa\u00e7\u00e3o em eventos culturais e sociais na regi\u00e3o. Ediom\u00e1rio tamb\u00e9m \u00e9 respons\u00e1vel pelo site Catureba.com.br, onde publica not\u00edcias e informa\u00e7\u00f5es sobre eventos locais, pol\u00edtica e cultura, contribuindo para a dissemina\u00e7\u00e3o de informa\u00e7\u00f5es na comunidade de Baixa Grande e arredores.\",\"sameAs\":[\"https:\\\/\\\/www.catureba.com.br\\\/baciadojacuipe\"],\"url\":\"https:\\\/\\\/www.catureba.com.br\\\/baciadojacuipe\\\/author\\\/edyomario\\\/\"}]}<\/script>\n<!-- \/ Yoast SEO plugin. -->","yoast_head_json":{"title":"A poesia \u201cO Livro\u201d do estudante Eduardo de Jesus foi a vencedora da 3\u00aa Semana Liter\u00e1ria em Baixa Grande - Bacia do Jacu\u00edpe","robots":{"index":"index","follow":"follow","max-snippet":"max-snippet:-1","max-image-preview":"max-image-preview:large","max-video-preview":"max-video-preview:-1"},"canonical":"https:\/\/www.catureba.com.br\/baciadojacuipe\/2019\/08\/20\/a-poesia-o-livro-do-estudante-eduardo-de-jesus-foi-a-vencedora-da-3a-semana-literaria-em-baixa-grande\/","og_locale":"pt_BR","og_type":"article","og_title":"A poesia \u201cO Livro\u201d do estudante Eduardo de Jesus foi a vencedora da 3\u00aa Semana Liter\u00e1ria em Baixa Grande - Bacia do Jacu\u00edpe","og_description":"A 3\u00aa Semana Liter\u00e1ria de Baixa Grande come\u00e7ou na segunda-feira, 19 de agosto de 2019,","og_url":"https:\/\/www.catureba.com.br\/baciadojacuipe\/2019\/08\/20\/a-poesia-o-livro-do-estudante-eduardo-de-jesus-foi-a-vencedora-da-3a-semana-literaria-em-baixa-grande\/","og_site_name":"Bacia do Jacu\u00edpe","article_published_time":"2019-08-20T21:31:17+00:00","article_modified_time":"2025-11-20T21:38:20+00:00","og_image":[{"width":709,"height":473,"url":"https:\/\/www.catureba.com.br\/baciadojacuipe\/wp-content\/uploads\/2019\/08\/foto1.jpg","type":"image\/jpeg"}],"author":"Ediom\u00e1rio Catureba","twitter_card":"summary_large_image","twitter_misc":{"Escrito por":"Ediom\u00e1rio Catureba","Est. tempo de leitura":"1 minuto"},"schema":{"@context":"https:\/\/schema.org","@graph":[{"@type":"Article","@id":"https:\/\/www.catureba.com.br\/baciadojacuipe\/2019\/08\/20\/a-poesia-o-livro-do-estudante-eduardo-de-jesus-foi-a-vencedora-da-3a-semana-literaria-em-baixa-grande\/#article","isPartOf":{"@id":"https:\/\/www.catureba.com.br\/baciadojacuipe\/2019\/08\/20\/a-poesia-o-livro-do-estudante-eduardo-de-jesus-foi-a-vencedora-da-3a-semana-literaria-em-baixa-grande\/"},"author":{"name":"Ediom\u00e1rio Catureba","@id":"https:\/\/www.catureba.com.br\/baciadojacuipe\/#\/schema\/person\/ffc8c3b98b65cb69355d29afa2355ba3"},"headline":"A poesia \u201cO Livro\u201d do estudante Eduardo de Jesus foi a vencedora da 3\u00aa Semana Liter\u00e1ria em Baixa Grande","datePublished":"2019-08-20T21:31:17+00:00","dateModified":"2025-11-20T21:38:20+00:00","mainEntityOfPage":{"@id":"https:\/\/www.catureba.com.br\/baciadojacuipe\/2019\/08\/20\/a-poesia-o-livro-do-estudante-eduardo-de-jesus-foi-a-vencedora-da-3a-semana-literaria-em-baixa-grande\/"},"wordCount":269,"publisher":{"@id":"https:\/\/www.catureba.com.br\/baciadojacuipe\/#organization"},"image":{"@id":"https:\/\/www.catureba.com.br\/baciadojacuipe\/2019\/08\/20\/a-poesia-o-livro-do-estudante-eduardo-de-jesus-foi-a-vencedora-da-3a-semana-literaria-em-baixa-grande\/#primaryimage"},"thumbnailUrl":"https:\/\/www.catureba.com.br\/baciadojacuipe\/wp-content\/uploads\/2019\/08\/foto1.jpg","articleSection":["Baixa Grande"],"inLanguage":"pt-BR"},{"@type":"WebPage","@id":"https:\/\/www.catureba.com.br\/baciadojacuipe\/2019\/08\/20\/a-poesia-o-livro-do-estudante-eduardo-de-jesus-foi-a-vencedora-da-3a-semana-literaria-em-baixa-grande\/","url":"https:\/\/www.catureba.com.br\/baciadojacuipe\/2019\/08\/20\/a-poesia-o-livro-do-estudante-eduardo-de-jesus-foi-a-vencedora-da-3a-semana-literaria-em-baixa-grande\/","name":"A poesia \u201cO Livro\u201d do estudante Eduardo de Jesus foi a vencedora da 3\u00aa Semana Liter\u00e1ria em Baixa Grande - Bacia do Jacu\u00edpe","isPartOf":{"@id":"https:\/\/www.catureba.com.br\/baciadojacuipe\/#website"},"primaryImageOfPage":{"@id":"https:\/\/www.catureba.com.br\/baciadojacuipe\/2019\/08\/20\/a-poesia-o-livro-do-estudante-eduardo-de-jesus-foi-a-vencedora-da-3a-semana-literaria-em-baixa-grande\/#primaryimage"},"image":{"@id":"https:\/\/www.catureba.com.br\/baciadojacuipe\/2019\/08\/20\/a-poesia-o-livro-do-estudante-eduardo-de-jesus-foi-a-vencedora-da-3a-semana-literaria-em-baixa-grande\/#primaryimage"},"thumbnailUrl":"https:\/\/www.catureba.com.br\/baciadojacuipe\/wp-content\/uploads\/2019\/08\/foto1.jpg","datePublished":"2019-08-20T21:31:17+00:00","dateModified":"2025-11-20T21:38:20+00:00","breadcrumb":{"@id":"https:\/\/www.catureba.com.br\/baciadojacuipe\/2019\/08\/20\/a-poesia-o-livro-do-estudante-eduardo-de-jesus-foi-a-vencedora-da-3a-semana-literaria-em-baixa-grande\/#breadcrumb"},"inLanguage":"pt-BR","potentialAction":[{"@type":"ReadAction","target":["https:\/\/www.catureba.com.br\/baciadojacuipe\/2019\/08\/20\/a-poesia-o-livro-do-estudante-eduardo-de-jesus-foi-a-vencedora-da-3a-semana-literaria-em-baixa-grande\/"]}]},{"@type":"ImageObject","inLanguage":"pt-BR","@id":"https:\/\/www.catureba.com.br\/baciadojacuipe\/2019\/08\/20\/a-poesia-o-livro-do-estudante-eduardo-de-jesus-foi-a-vencedora-da-3a-semana-literaria-em-baixa-grande\/#primaryimage","url":"https:\/\/www.catureba.com.br\/baciadojacuipe\/wp-content\/uploads\/2019\/08\/foto1.jpg","contentUrl":"https:\/\/www.catureba.com.br\/baciadojacuipe\/wp-content\/uploads\/2019\/08\/foto1.jpg","width":709,"height":473},{"@type":"BreadcrumbList","@id":"https:\/\/www.catureba.com.br\/baciadojacuipe\/2019\/08\/20\/a-poesia-o-livro-do-estudante-eduardo-de-jesus-foi-a-vencedora-da-3a-semana-literaria-em-baixa-grande\/#breadcrumb","itemListElement":[{"@type":"ListItem","position":1,"name":"In\u00edcio","item":"https:\/\/www.catureba.com.br\/baciadojacuipe\/"},{"@type":"ListItem","position":2,"name":"A poesia \u201cO Livro\u201d do estudante Eduardo de Jesus foi a vencedora da 3\u00aa Semana Liter\u00e1ria em Baixa Grande"}]},{"@type":"WebSite","@id":"https:\/\/www.catureba.com.br\/baciadojacuipe\/#website","url":"https:\/\/www.catureba.com.br\/baciadojacuipe\/","name":"Bacia do Jacu\u00edpe","description":"15 Munic\u00edpios em um s\u00f3 Lugar","publisher":{"@id":"https:\/\/www.catureba.com.br\/baciadojacuipe\/#organization"},"potentialAction":[{"@type":"SearchAction","target":{"@type":"EntryPoint","urlTemplate":"https:\/\/www.catureba.com.br\/baciadojacuipe\/?s={search_term_string}"},"query-input":{"@type":"PropertyValueSpecification","valueRequired":true,"valueName":"search_term_string"}}],"inLanguage":"pt-BR"},{"@type":"Organization","@id":"https:\/\/www.catureba.com.br\/baciadojacuipe\/#organization","name":"Bacia do Jacu\u00edpe","url":"https:\/\/www.catureba.com.br\/baciadojacuipe\/","logo":{"@type":"ImageObject","inLanguage":"pt-BR","@id":"https:\/\/www.catureba.com.br\/baciadojacuipe\/#\/schema\/logo\/image\/","url":"https:\/\/www.catureba.com.br\/baciadojacuipe\/wp-content\/uploads\/2025\/08\/cropped-logo.png","contentUrl":"https:\/\/www.catureba.com.br\/baciadojacuipe\/wp-content\/uploads\/2025\/08\/cropped-logo.png","width":149,"height":150,"caption":"Bacia do Jacu\u00edpe"},"image":{"@id":"https:\/\/www.catureba.com.br\/baciadojacuipe\/#\/schema\/logo\/image\/"}},{"@type":"Person","@id":"https:\/\/www.catureba.com.br\/baciadojacuipe\/#\/schema\/person\/ffc8c3b98b65cb69355d29afa2355ba3","name":"Ediom\u00e1rio Catureba","image":{"@type":"ImageObject","inLanguage":"pt-BR","@id":"https:\/\/secure.gravatar.com\/avatar\/63c567ef6e64a56df9e100701cb374d725dbb66b635cd56b3f13f88e28ba235e?s=96&d=mm&r=g","url":"https:\/\/secure.gravatar.com\/avatar\/63c567ef6e64a56df9e100701cb374d725dbb66b635cd56b3f13f88e28ba235e?s=96&d=mm&r=g","contentUrl":"https:\/\/secure.gravatar.com\/avatar\/63c567ef6e64a56df9e100701cb374d725dbb66b635cd56b3f13f88e28ba235e?s=96&d=mm&r=g","caption":"Ediom\u00e1rio Catureba"},"description":"Ediom\u00e1rio Catureba, nascido em 1976 em Baixa Grande, Bahia, \u00e9 jornalista e redator. Al\u00e9m de sua atua\u00e7\u00e3o no jornalismo, Ediom\u00e1rio \u00e9 conhecido por sua participa\u00e7\u00e3o em eventos culturais e sociais na regi\u00e3o. Ediom\u00e1rio tamb\u00e9m \u00e9 respons\u00e1vel pelo site Catureba.com.br, onde publica not\u00edcias e informa\u00e7\u00f5es sobre eventos locais, pol\u00edtica e cultura, contribuindo para a dissemina\u00e7\u00e3o de informa\u00e7\u00f5es na comunidade de Baixa Grande e arredores.","sameAs":["https:\/\/www.catureba.com.br\/baciadojacuipe"],"url":"https:\/\/www.catureba.com.br\/baciadojacuipe\/author\/edyomario\/"}]}},"uagb_featured_image_src":{"full":["https:\/\/www.catureba.com.br\/baciadojacuipe\/wp-content\/uploads\/2019\/08\/foto1.jpg",709,473,false],"thumbnail":["https:\/\/www.catureba.com.br\/baciadojacuipe\/wp-content\/uploads\/2019\/08\/foto1-150x150.jpg",150,150,true],"medium":["https:\/\/www.catureba.com.br\/baciadojacuipe\/wp-content\/uploads\/2019\/08\/foto1-300x200.jpg",300,200,true],"medium_large":["https:\/\/www.catureba.com.br\/baciadojacuipe\/wp-content\/uploads\/2019\/08\/foto1.jpg",640,427,false],"large":["https:\/\/www.catureba.com.br\/baciadojacuipe\/wp-content\/uploads\/2019\/08\/foto1.jpg",640,427,false],"1536x1536":["https:\/\/www.catureba.com.br\/baciadojacuipe\/wp-content\/uploads\/2019\/08\/foto1.jpg",709,473,false],"2048x2048":["https:\/\/www.catureba.com.br\/baciadojacuipe\/wp-content\/uploads\/2019\/08\/foto1.jpg",709,473,false],"cream-magazine-thumbnail-2":["https:\/\/www.catureba.com.br\/baciadojacuipe\/wp-content\/uploads\/2019\/08\/foto1.jpg",675,450,false],"cream-magazine-thumbnail-3":["https:\/\/www.catureba.com.br\/baciadojacuipe\/wp-content\/uploads\/2019\/08\/foto1.jpg",709,473,false],"cream-magazine-thumbnail-4":["https:\/\/www.catureba.com.br\/baciadojacuipe\/wp-content\/uploads\/2019\/08\/foto1.jpg",450,300,false]},"uagb_author_info":{"display_name":"Ediom\u00e1rio Catureba","author_link":"https:\/\/www.catureba.com.br\/baciadojacuipe\/author\/edyomario\/"},"uagb_comment_info":0,"uagb_excerpt":"A 3\u00aa Semana Liter\u00e1ria de Baixa Grande come\u00e7ou na segunda-feira, 19 de agosto de 2019,","_links":{"self":[{"href":"https:\/\/www.catureba.com.br\/baciadojacuipe\/wp-json\/wp\/v2\/posts\/559","targetHints":{"allow":["GET"]}}],"collection":[{"href":"https:\/\/www.catureba.com.br\/baciadojacuipe\/wp-json\/wp\/v2\/posts"}],"about":[{"href":"https:\/\/www.catureba.com.br\/baciadojacuipe\/wp-json\/wp\/v2\/types\/post"}],"author":[{"embeddable":true,"href":"https:\/\/www.catureba.com.br\/baciadojacuipe\/wp-json\/wp\/v2\/users\/1"}],"replies":[{"embeddable":true,"href":"https:\/\/www.catureba.com.br\/baciadojacuipe\/wp-json\/wp\/v2\/comments?post=559"}],"version-history":[{"count":3,"href":"https:\/\/www.catureba.com.br\/baciadojacuipe\/wp-json\/wp\/v2\/posts\/559\/revisions"}],"predecessor-version":[{"id":593,"href":"https:\/\/www.catureba.com.br\/baciadojacuipe\/wp-json\/wp\/v2\/posts\/559\/revisions\/593"}],"wp:featuredmedia":[{"embeddable":true,"href":"https:\/\/www.catureba.com.br\/baciadojacuipe\/wp-json\/wp\/v2\/media\/592"}],"wp:attachment":[{"href":"https:\/\/www.catureba.com.br\/baciadojacuipe\/wp-json\/wp\/v2\/media?parent=559"}],"wp:term":[{"taxonomy":"category","embeddable":true,"href":"https:\/\/www.catureba.com.br\/baciadojacuipe\/wp-json\/wp\/v2\/categories?post=559"},{"taxonomy":"post_tag","embeddable":true,"href":"https:\/\/www.catureba.com.br\/baciadojacuipe\/wp-json\/wp\/v2\/tags?post=559"}],"curies":[{"name":"wp","href":"https:\/\/api.w.org\/{rel}","templated":true}]}}