{"id":513,"date":"2009-10-26T06:57:42","date_gmt":"2009-10-26T09:57:42","guid":{"rendered":"https:\/\/www.catureba.com.br\/baciadojacuipe\/?p=513"},"modified":"2025-09-17T06:58:38","modified_gmt":"2025-09-17T09:58:38","slug":"i-seminario-empreendedorismo-e-gestao-publica-e-realizado-em-mairi","status":"publish","type":"post","link":"https:\/\/www.catureba.com.br\/baciadojacuipe\/2009\/10\/26\/i-seminario-empreendedorismo-e-gestao-publica-e-realizado-em-mairi\/","title":{"rendered":"I Semin\u00e1rio Empreendedorismo E Gest\u00e3o P\u00fablica \u00e9 realizado em Mairi"},"content":{"rendered":"<p style=\"text-align: justify;\">Aconteceu nesta quarta-feira, dia 21 de outubro de 2009, no audit\u00f3rio da C\u00e2mara Municipal de Vereadores de Mairi \u2013 Ba, o I Semin\u00e1rio Empreendedorismo e Gest\u00e3o P\u00fablica. Foram discutidos temas de grande import\u00e2ncia: Simbahia Rural e Micro Empreendedor Individual apresenta\u00e7\u00e3o Jos\u00e9 Ant\u00f4nio R. Pereira \u2013 Supervisor INFAZ Jacobina, Inspetoria Eletr\u00f4nica apresenta\u00e7\u00e3o de Rommel Cavalcanti \u2013 Diretor de Atendimento da SEFAZ e Gespublica apresenta\u00e7\u00e3o de Juta\u00ed Lopes da Costa.<\/p>\n<p style=\"text-align: justify;\">O SIMBAHIA, \u00e9 um projeto do governo do estado da Bahia, objetivando diminuir a carga tribut\u00e1ria e a elimina\u00e7\u00e3o de algumas obriga\u00e7\u00f5es tribut\u00e1rias acess\u00f3rias para diminuir a burocracia. Em n\u00fameros, os contribuintes no SIMBAHIA s\u00e3o distribu\u00eddos em: 32.684 ambulantes (28%), 8.443 empresas de pequeno porte (7%) e 77.168 microempresas(65%).<\/p>\n<p style=\"text-align: justify;\">O Sr. Jos\u00e9 Ant\u00f4nio R. Pereira \u2013 Supervisor da INFAZ de Jacobina, relatou que com a implanta\u00e7\u00e3o do SIMBAHIA Rural, \u00e9 poss\u00edvel observar reflexos positivos, assim como a formaliza\u00e7\u00e3o de neg\u00f3cios e a formaliza\u00e7\u00e3o dos produtores rurais, o que facilita a vida do produtor e beneficia o pr\u00f3prio munic\u00edpio, gerando ocupa\u00e7\u00e3o e desenvolvimento. Comentou tamb\u00e9m do empreendedor individual, uma nova categoria que vai melhorar a vida de quem trabalha por conta pr\u00f3pria ou tem pequeno neg\u00f3cio.<\/p>\n<p style=\"text-align: justify;\">Essa categoria, aprovada por lei, vai garantir benef\u00edcios da previd\u00eancia e diversas oportunidades. Qualquer empreendedor que monta o seu pr\u00f3rio neg\u00f3cio pode se tornar um empreendedor individual; seja uma vendedora de cosm\u00e9ticos, cabeleireiro, mainure, costureira, artes\u00e3o, etc. Al\u00e9m de ganhar direitos que v\u00e3o melhorar a vida, como o direito a aux\u00edlio-doen\u00e7a, licen\u00e7a maternidade e o direito a aposentadoria e mais oportunidades para melhorar os neg\u00f3cios; pode tirar CNPJ, emitir notas e vender para outras empresas e para o governo, pode comprovar a renda e financiar compras.<\/p>\n<p style=\"text-align: justify;\">Participaram tamb\u00e9m do evento, representantes de associa\u00e7\u00f5es e cooperativas, produtores rurais, contabilistas, Micro-empreendedores e gestores municipais.<\/p>\n<p style=\"text-align: right;\"><a href=\"http:\/\/www.radiomairifm.blogspot.com\">www.radiomairifm.blogspot.com<\/a><br \/>\nPor: Gidailma Souza<\/p>\n<div class=\"pvc_clear\"><\/div>\n<p id=\"pvc_stats_513\" class=\"pvc_stats total_only  \" data-element-id=\"513\" style=\"\"><i class=\"pvc-stats-icon medium\" aria-hidden=\"true\"><svg aria-hidden=\"true\" focusable=\"false\" data-prefix=\"far\" data-icon=\"chart-bar\" role=\"img\" xmlns=\"http:\/\/www.w3.org\/2000\/svg\" viewBox=\"0 0 512 512\" class=\"svg-inline--fa fa-chart-bar fa-w-16 fa-2x\"><path fill=\"currentColor\" d=\"M396.8 352h22.4c6.4 0 12.8-6.4 12.8-12.8V108.8c0-6.4-6.4-12.8-12.8-12.8h-22.4c-6.4 0-12.8 6.4-12.8 12.8v230.4c0 6.4 6.4 12.8 12.8 12.8zm-192 0h22.4c6.4 0 12.8-6.4 12.8-12.8V140.8c0-6.4-6.4-12.8-12.8-12.8h-22.4c-6.4 0-12.8 6.4-12.8 12.8v198.4c0 6.4 6.4 12.8 12.8 12.8zm96 0h22.4c6.4 0 12.8-6.4 12.8-12.8V204.8c0-6.4-6.4-12.8-12.8-12.8h-22.4c-6.4 0-12.8 6.4-12.8 12.8v134.4c0 6.4 6.4 12.8 12.8 12.8zM496 400H48V80c0-8.84-7.16-16-16-16H16C7.16 64 0 71.16 0 80v336c0 17.67 14.33 32 32 32h464c8.84 0 16-7.16 16-16v-16c0-8.84-7.16-16-16-16zm-387.2-48h22.4c6.4 0 12.8-6.4 12.8-12.8v-70.4c0-6.4-6.4-12.8-12.8-12.8h-22.4c-6.4 0-12.8 6.4-12.8 12.8v70.4c0 6.4 6.4 12.8 12.8 12.8z\" class=\"\"><\/path><\/svg><\/i> <img loading=\"lazy\" decoding=\"async\" width=\"16\" height=\"16\" alt=\"Loading\" src=\"https:\/\/www.catureba.com.br\/baciadojacuipe\/wp-content\/plugins\/page-views-count\/ajax-loader-2x.gif\" border=0 \/><\/p>\n<div class=\"pvc_clear\"><\/div>\n","protected":false},"excerpt":{"rendered":"<p>Aconteceu nesta quarta-feira, dia 21 de outubro de 2009, no audit\u00f3rio da C\u00e2mara Municipal de<\/p>\n<div class=\"pvc_clear\"><\/div>\n<p id=\"pvc_stats_513\" class=\"pvc_stats total_only  \" data-element-id=\"513\" style=\"\"><i class=\"pvc-stats-icon medium\" aria-hidden=\"true\"><svg aria-hidden=\"true\" focusable=\"false\" data-prefix=\"far\" data-icon=\"chart-bar\" role=\"img\" xmlns=\"http:\/\/www.w3.org\/2000\/svg\" viewBox=\"0 0 512 512\" class=\"svg-inline--fa fa-chart-bar fa-w-16 fa-2x\"><path fill=\"currentColor\" d=\"M396.8 352h22.4c6.4 0 12.8-6.4 12.8-12.8V108.8c0-6.4-6.4-12.8-12.8-12.8h-22.4c-6.4 0-12.8 6.4-12.8 12.8v230.4c0 6.4 6.4 12.8 12.8 12.8zm-192 0h22.4c6.4 0 12.8-6.4 12.8-12.8V140.8c0-6.4-6.4-12.8-12.8-12.8h-22.4c-6.4 0-12.8 6.4-12.8 12.8v198.4c0 6.4 6.4 12.8 12.8 12.8zm96 0h22.4c6.4 0 12.8-6.4 12.8-12.8V204.8c0-6.4-6.4-12.8-12.8-12.8h-22.4c-6.4 0-12.8 6.4-12.8 12.8v134.4c0 6.4 6.4 12.8 12.8 12.8zM496 400H48V80c0-8.84-7.16-16-16-16H16C7.16 64 0 71.16 0 80v336c0 17.67 14.33 32 32 32h464c8.84 0 16-7.16 16-16v-16c0-8.84-7.16-16-16-16zm-387.2-48h22.4c6.4 0 12.8-6.4 12.8-12.8v-70.4c0-6.4-6.4-12.8-12.8-12.8h-22.4c-6.4 0-12.8 6.4-12.8 12.8v70.4c0 6.4 6.4 12.8 12.8 12.8z\" class=\"\"><\/path><\/svg><\/i> <img loading=\"lazy\" decoding=\"async\" width=\"16\" height=\"16\" alt=\"Loading\" src=\"https:\/\/www.catureba.com.br\/baciadojacuipe\/wp-content\/plugins\/page-views-count\/ajax-loader-2x.gif\" border=0 \/><\/p>\n<div class=\"pvc_clear\"><\/div>\n","protected":false},"author":1,"featured_media":514,"comment_status":"closed","ping_status":"open","sticky":false,"template":"","format":"standard","meta":{"_uag_custom_page_level_css":"","footnotes":""},"categories":[5],"tags":[],"class_list":["post-513","post","type-post","status-publish","format-standard","has-post-thumbnail","hentry","category-mairi"],"a3_pvc":{"activated":true,"total_views":6,"today_views":0},"yoast_head":"<!-- This site is optimized with the Yoast SEO plugin v27.4 - https:\/\/yoast.com\/product\/yoast-seo-wordpress\/ -->\n<title>I Semin\u00e1rio Empreendedorismo E Gest\u00e3o P\u00fablica \u00e9 realizado em Mairi - Bacia do Jacu\u00edpe<\/title>\n<meta name=\"robots\" content=\"index, follow, max-snippet:-1, max-image-preview:large, max-video-preview:-1\" \/>\n<link rel=\"canonical\" href=\"https:\/\/www.catureba.com.br\/baciadojacuipe\/2009\/10\/26\/i-seminario-empreendedorismo-e-gestao-publica-e-realizado-em-mairi\/\" \/>\n<meta property=\"og:locale\" content=\"pt_BR\" \/>\n<meta property=\"og:type\" content=\"article\" \/>\n<meta property=\"og:title\" content=\"I Semin\u00e1rio Empreendedorismo E Gest\u00e3o P\u00fablica \u00e9 realizado em Mairi - Bacia do Jacu\u00edpe\" \/>\n<meta property=\"og:description\" content=\"Aconteceu nesta quarta-feira, dia 21 de outubro de 2009, no audit\u00f3rio da C\u00e2mara Municipal de\" \/>\n<meta property=\"og:url\" content=\"https:\/\/www.catureba.com.br\/baciadojacuipe\/2009\/10\/26\/i-seminario-empreendedorismo-e-gestao-publica-e-realizado-em-mairi\/\" \/>\n<meta property=\"og:site_name\" content=\"Bacia do Jacu\u00edpe\" \/>\n<meta property=\"article:published_time\" content=\"2009-10-26T09:57:42+00:00\" \/>\n<meta property=\"article:modified_time\" content=\"2025-09-17T09:58:38+00:00\" \/>\n<meta property=\"og:image\" content=\"https:\/\/www.catureba.com.br\/baciadojacuipe\/wp-content\/uploads\/2025\/09\/executivo.jpg\" \/>\n\t<meta property=\"og:image:width\" content=\"270\" \/>\n\t<meta property=\"og:image:height\" content=\"340\" \/>\n\t<meta property=\"og:image:type\" content=\"image\/jpeg\" \/>\n<meta name=\"author\" content=\"Ediom\u00e1rio Catureba\" \/>\n<meta name=\"twitter:card\" content=\"summary_large_image\" \/>\n<meta name=\"twitter:label1\" content=\"Escrito por\" \/>\n\t<meta name=\"twitter:data1\" content=\"Ediom\u00e1rio Catureba\" \/>\n\t<meta name=\"twitter:label2\" content=\"Est. tempo de leitura\" \/>\n\t<meta name=\"twitter:data2\" content=\"2 minutos\" \/>\n<script type=\"application\/ld+json\" class=\"yoast-schema-graph\">{\"@context\":\"https:\\\/\\\/schema.org\",\"@graph\":[{\"@type\":\"Article\",\"@id\":\"https:\\\/\\\/www.catureba.com.br\\\/baciadojacuipe\\\/2009\\\/10\\\/26\\\/i-seminario-empreendedorismo-e-gestao-publica-e-realizado-em-mairi\\\/#article\",\"isPartOf\":{\"@id\":\"https:\\\/\\\/www.catureba.com.br\\\/baciadojacuipe\\\/2009\\\/10\\\/26\\\/i-seminario-empreendedorismo-e-gestao-publica-e-realizado-em-mairi\\\/\"},\"author\":{\"name\":\"Ediom\u00e1rio Catureba\",\"@id\":\"https:\\\/\\\/www.catureba.com.br\\\/baciadojacuipe\\\/#\\\/schema\\\/person\\\/ffc8c3b98b65cb69355d29afa2355ba3\"},\"headline\":\"I Semin\u00e1rio Empreendedorismo E Gest\u00e3o P\u00fablica \u00e9 realizado em Mairi\",\"datePublished\":\"2009-10-26T09:57:42+00:00\",\"dateModified\":\"2025-09-17T09:58:38+00:00\",\"mainEntityOfPage\":{\"@id\":\"https:\\\/\\\/www.catureba.com.br\\\/baciadojacuipe\\\/2009\\\/10\\\/26\\\/i-seminario-empreendedorismo-e-gestao-publica-e-realizado-em-mairi\\\/\"},\"wordCount\":346,\"publisher\":{\"@id\":\"https:\\\/\\\/www.catureba.com.br\\\/baciadojacuipe\\\/#organization\"},\"image\":{\"@id\":\"https:\\\/\\\/www.catureba.com.br\\\/baciadojacuipe\\\/2009\\\/10\\\/26\\\/i-seminario-empreendedorismo-e-gestao-publica-e-realizado-em-mairi\\\/#primaryimage\"},\"thumbnailUrl\":\"https:\\\/\\\/www.catureba.com.br\\\/baciadojacuipe\\\/wp-content\\\/uploads\\\/2025\\\/09\\\/executivo.jpg\",\"articleSection\":[\"Mairi\"],\"inLanguage\":\"pt-BR\"},{\"@type\":\"WebPage\",\"@id\":\"https:\\\/\\\/www.catureba.com.br\\\/baciadojacuipe\\\/2009\\\/10\\\/26\\\/i-seminario-empreendedorismo-e-gestao-publica-e-realizado-em-mairi\\\/\",\"url\":\"https:\\\/\\\/www.catureba.com.br\\\/baciadojacuipe\\\/2009\\\/10\\\/26\\\/i-seminario-empreendedorismo-e-gestao-publica-e-realizado-em-mairi\\\/\",\"name\":\"I Semin\u00e1rio Empreendedorismo E Gest\u00e3o P\u00fablica \u00e9 realizado em Mairi - Bacia do Jacu\u00edpe\",\"isPartOf\":{\"@id\":\"https:\\\/\\\/www.catureba.com.br\\\/baciadojacuipe\\\/#website\"},\"primaryImageOfPage\":{\"@id\":\"https:\\\/\\\/www.catureba.com.br\\\/baciadojacuipe\\\/2009\\\/10\\\/26\\\/i-seminario-empreendedorismo-e-gestao-publica-e-realizado-em-mairi\\\/#primaryimage\"},\"image\":{\"@id\":\"https:\\\/\\\/www.catureba.com.br\\\/baciadojacuipe\\\/2009\\\/10\\\/26\\\/i-seminario-empreendedorismo-e-gestao-publica-e-realizado-em-mairi\\\/#primaryimage\"},\"thumbnailUrl\":\"https:\\\/\\\/www.catureba.com.br\\\/baciadojacuipe\\\/wp-content\\\/uploads\\\/2025\\\/09\\\/executivo.jpg\",\"datePublished\":\"2009-10-26T09:57:42+00:00\",\"dateModified\":\"2025-09-17T09:58:38+00:00\",\"breadcrumb\":{\"@id\":\"https:\\\/\\\/www.catureba.com.br\\\/baciadojacuipe\\\/2009\\\/10\\\/26\\\/i-seminario-empreendedorismo-e-gestao-publica-e-realizado-em-mairi\\\/#breadcrumb\"},\"inLanguage\":\"pt-BR\",\"potentialAction\":[{\"@type\":\"ReadAction\",\"target\":[\"https:\\\/\\\/www.catureba.com.br\\\/baciadojacuipe\\\/2009\\\/10\\\/26\\\/i-seminario-empreendedorismo-e-gestao-publica-e-realizado-em-mairi\\\/\"]}]},{\"@type\":\"ImageObject\",\"inLanguage\":\"pt-BR\",\"@id\":\"https:\\\/\\\/www.catureba.com.br\\\/baciadojacuipe\\\/2009\\\/10\\\/26\\\/i-seminario-empreendedorismo-e-gestao-publica-e-realizado-em-mairi\\\/#primaryimage\",\"url\":\"https:\\\/\\\/www.catureba.com.br\\\/baciadojacuipe\\\/wp-content\\\/uploads\\\/2025\\\/09\\\/executivo.jpg\",\"contentUrl\":\"https:\\\/\\\/www.catureba.com.br\\\/baciadojacuipe\\\/wp-content\\\/uploads\\\/2025\\\/09\\\/executivo.jpg\",\"width\":270,\"height\":340},{\"@type\":\"BreadcrumbList\",\"@id\":\"https:\\\/\\\/www.catureba.com.br\\\/baciadojacuipe\\\/2009\\\/10\\\/26\\\/i-seminario-empreendedorismo-e-gestao-publica-e-realizado-em-mairi\\\/#breadcrumb\",\"itemListElement\":[{\"@type\":\"ListItem\",\"position\":1,\"name\":\"In\u00edcio\",\"item\":\"https:\\\/\\\/www.catureba.com.br\\\/baciadojacuipe\\\/\"},{\"@type\":\"ListItem\",\"position\":2,\"name\":\"I Semin\u00e1rio Empreendedorismo E Gest\u00e3o P\u00fablica \u00e9 realizado em Mairi\"}]},{\"@type\":\"WebSite\",\"@id\":\"https:\\\/\\\/www.catureba.com.br\\\/baciadojacuipe\\\/#website\",\"url\":\"https:\\\/\\\/www.catureba.com.br\\\/baciadojacuipe\\\/\",\"name\":\"Bacia do Jacu\u00edpe\",\"description\":\"15 Munic\u00edpios em um s\u00f3 Lugar\",\"publisher\":{\"@id\":\"https:\\\/\\\/www.catureba.com.br\\\/baciadojacuipe\\\/#organization\"},\"potentialAction\":[{\"@type\":\"SearchAction\",\"target\":{\"@type\":\"EntryPoint\",\"urlTemplate\":\"https:\\\/\\\/www.catureba.com.br\\\/baciadojacuipe\\\/?s={search_term_string}\"},\"query-input\":{\"@type\":\"PropertyValueSpecification\",\"valueRequired\":true,\"valueName\":\"search_term_string\"}}],\"inLanguage\":\"pt-BR\"},{\"@type\":\"Organization\",\"@id\":\"https:\\\/\\\/www.catureba.com.br\\\/baciadojacuipe\\\/#organization\",\"name\":\"Bacia do Jacu\u00edpe\",\"url\":\"https:\\\/\\\/www.catureba.com.br\\\/baciadojacuipe\\\/\",\"logo\":{\"@type\":\"ImageObject\",\"inLanguage\":\"pt-BR\",\"@id\":\"https:\\\/\\\/www.catureba.com.br\\\/baciadojacuipe\\\/#\\\/schema\\\/logo\\\/image\\\/\",\"url\":\"https:\\\/\\\/www.catureba.com.br\\\/baciadojacuipe\\\/wp-content\\\/uploads\\\/2025\\\/08\\\/cropped-logo.png\",\"contentUrl\":\"https:\\\/\\\/www.catureba.com.br\\\/baciadojacuipe\\\/wp-content\\\/uploads\\\/2025\\\/08\\\/cropped-logo.png\",\"width\":149,\"height\":150,\"caption\":\"Bacia do Jacu\u00edpe\"},\"image\":{\"@id\":\"https:\\\/\\\/www.catureba.com.br\\\/baciadojacuipe\\\/#\\\/schema\\\/logo\\\/image\\\/\"}},{\"@type\":\"Person\",\"@id\":\"https:\\\/\\\/www.catureba.com.br\\\/baciadojacuipe\\\/#\\\/schema\\\/person\\\/ffc8c3b98b65cb69355d29afa2355ba3\",\"name\":\"Ediom\u00e1rio Catureba\",\"image\":{\"@type\":\"ImageObject\",\"inLanguage\":\"pt-BR\",\"@id\":\"https:\\\/\\\/secure.gravatar.com\\\/avatar\\\/63c567ef6e64a56df9e100701cb374d725dbb66b635cd56b3f13f88e28ba235e?s=96&d=mm&r=g\",\"url\":\"https:\\\/\\\/secure.gravatar.com\\\/avatar\\\/63c567ef6e64a56df9e100701cb374d725dbb66b635cd56b3f13f88e28ba235e?s=96&d=mm&r=g\",\"contentUrl\":\"https:\\\/\\\/secure.gravatar.com\\\/avatar\\\/63c567ef6e64a56df9e100701cb374d725dbb66b635cd56b3f13f88e28ba235e?s=96&d=mm&r=g\",\"caption\":\"Ediom\u00e1rio Catureba\"},\"description\":\"Ediom\u00e1rio Catureba, nascido em 1976 em Baixa Grande, Bahia, \u00e9 jornalista e redator. Al\u00e9m de sua atua\u00e7\u00e3o no jornalismo, Ediom\u00e1rio \u00e9 conhecido por sua participa\u00e7\u00e3o em eventos culturais e sociais na regi\u00e3o. Ediom\u00e1rio tamb\u00e9m \u00e9 respons\u00e1vel pelo site Catureba.com.br, onde publica not\u00edcias e informa\u00e7\u00f5es sobre eventos locais, pol\u00edtica e cultura, contribuindo para a dissemina\u00e7\u00e3o de informa\u00e7\u00f5es na comunidade de Baixa Grande e arredores.\",\"sameAs\":[\"https:\\\/\\\/www.catureba.com.br\\\/baciadojacuipe\"],\"url\":\"https:\\\/\\\/www.catureba.com.br\\\/baciadojacuipe\\\/author\\\/edyomario\\\/\"}]}<\/script>\n<!-- \/ Yoast SEO plugin. -->","yoast_head_json":{"title":"I Semin\u00e1rio Empreendedorismo E Gest\u00e3o P\u00fablica \u00e9 realizado em Mairi - Bacia do Jacu\u00edpe","robots":{"index":"index","follow":"follow","max-snippet":"max-snippet:-1","max-image-preview":"max-image-preview:large","max-video-preview":"max-video-preview:-1"},"canonical":"https:\/\/www.catureba.com.br\/baciadojacuipe\/2009\/10\/26\/i-seminario-empreendedorismo-e-gestao-publica-e-realizado-em-mairi\/","og_locale":"pt_BR","og_type":"article","og_title":"I Semin\u00e1rio Empreendedorismo E Gest\u00e3o P\u00fablica \u00e9 realizado em Mairi - Bacia do Jacu\u00edpe","og_description":"Aconteceu nesta quarta-feira, dia 21 de outubro de 2009, no audit\u00f3rio da C\u00e2mara Municipal de","og_url":"https:\/\/www.catureba.com.br\/baciadojacuipe\/2009\/10\/26\/i-seminario-empreendedorismo-e-gestao-publica-e-realizado-em-mairi\/","og_site_name":"Bacia do Jacu\u00edpe","article_published_time":"2009-10-26T09:57:42+00:00","article_modified_time":"2025-09-17T09:58:38+00:00","og_image":[{"width":270,"height":340,"url":"https:\/\/www.catureba.com.br\/baciadojacuipe\/wp-content\/uploads\/2025\/09\/executivo.jpg","type":"image\/jpeg"}],"author":"Ediom\u00e1rio Catureba","twitter_card":"summary_large_image","twitter_misc":{"Escrito por":"Ediom\u00e1rio Catureba","Est. tempo de leitura":"2 minutos"},"schema":{"@context":"https:\/\/schema.org","@graph":[{"@type":"Article","@id":"https:\/\/www.catureba.com.br\/baciadojacuipe\/2009\/10\/26\/i-seminario-empreendedorismo-e-gestao-publica-e-realizado-em-mairi\/#article","isPartOf":{"@id":"https:\/\/www.catureba.com.br\/baciadojacuipe\/2009\/10\/26\/i-seminario-empreendedorismo-e-gestao-publica-e-realizado-em-mairi\/"},"author":{"name":"Ediom\u00e1rio Catureba","@id":"https:\/\/www.catureba.com.br\/baciadojacuipe\/#\/schema\/person\/ffc8c3b98b65cb69355d29afa2355ba3"},"headline":"I Semin\u00e1rio Empreendedorismo E Gest\u00e3o P\u00fablica \u00e9 realizado em Mairi","datePublished":"2009-10-26T09:57:42+00:00","dateModified":"2025-09-17T09:58:38+00:00","mainEntityOfPage":{"@id":"https:\/\/www.catureba.com.br\/baciadojacuipe\/2009\/10\/26\/i-seminario-empreendedorismo-e-gestao-publica-e-realizado-em-mairi\/"},"wordCount":346,"publisher":{"@id":"https:\/\/www.catureba.com.br\/baciadojacuipe\/#organization"},"image":{"@id":"https:\/\/www.catureba.com.br\/baciadojacuipe\/2009\/10\/26\/i-seminario-empreendedorismo-e-gestao-publica-e-realizado-em-mairi\/#primaryimage"},"thumbnailUrl":"https:\/\/www.catureba.com.br\/baciadojacuipe\/wp-content\/uploads\/2025\/09\/executivo.jpg","articleSection":["Mairi"],"inLanguage":"pt-BR"},{"@type":"WebPage","@id":"https:\/\/www.catureba.com.br\/baciadojacuipe\/2009\/10\/26\/i-seminario-empreendedorismo-e-gestao-publica-e-realizado-em-mairi\/","url":"https:\/\/www.catureba.com.br\/baciadojacuipe\/2009\/10\/26\/i-seminario-empreendedorismo-e-gestao-publica-e-realizado-em-mairi\/","name":"I Semin\u00e1rio Empreendedorismo E Gest\u00e3o P\u00fablica \u00e9 realizado em Mairi - Bacia do Jacu\u00edpe","isPartOf":{"@id":"https:\/\/www.catureba.com.br\/baciadojacuipe\/#website"},"primaryImageOfPage":{"@id":"https:\/\/www.catureba.com.br\/baciadojacuipe\/2009\/10\/26\/i-seminario-empreendedorismo-e-gestao-publica-e-realizado-em-mairi\/#primaryimage"},"image":{"@id":"https:\/\/www.catureba.com.br\/baciadojacuipe\/2009\/10\/26\/i-seminario-empreendedorismo-e-gestao-publica-e-realizado-em-mairi\/#primaryimage"},"thumbnailUrl":"https:\/\/www.catureba.com.br\/baciadojacuipe\/wp-content\/uploads\/2025\/09\/executivo.jpg","datePublished":"2009-10-26T09:57:42+00:00","dateModified":"2025-09-17T09:58:38+00:00","breadcrumb":{"@id":"https:\/\/www.catureba.com.br\/baciadojacuipe\/2009\/10\/26\/i-seminario-empreendedorismo-e-gestao-publica-e-realizado-em-mairi\/#breadcrumb"},"inLanguage":"pt-BR","potentialAction":[{"@type":"ReadAction","target":["https:\/\/www.catureba.com.br\/baciadojacuipe\/2009\/10\/26\/i-seminario-empreendedorismo-e-gestao-publica-e-realizado-em-mairi\/"]}]},{"@type":"ImageObject","inLanguage":"pt-BR","@id":"https:\/\/www.catureba.com.br\/baciadojacuipe\/2009\/10\/26\/i-seminario-empreendedorismo-e-gestao-publica-e-realizado-em-mairi\/#primaryimage","url":"https:\/\/www.catureba.com.br\/baciadojacuipe\/wp-content\/uploads\/2025\/09\/executivo.jpg","contentUrl":"https:\/\/www.catureba.com.br\/baciadojacuipe\/wp-content\/uploads\/2025\/09\/executivo.jpg","width":270,"height":340},{"@type":"BreadcrumbList","@id":"https:\/\/www.catureba.com.br\/baciadojacuipe\/2009\/10\/26\/i-seminario-empreendedorismo-e-gestao-publica-e-realizado-em-mairi\/#breadcrumb","itemListElement":[{"@type":"ListItem","position":1,"name":"In\u00edcio","item":"https:\/\/www.catureba.com.br\/baciadojacuipe\/"},{"@type":"ListItem","position":2,"name":"I Semin\u00e1rio Empreendedorismo E Gest\u00e3o P\u00fablica \u00e9 realizado em Mairi"}]},{"@type":"WebSite","@id":"https:\/\/www.catureba.com.br\/baciadojacuipe\/#website","url":"https:\/\/www.catureba.com.br\/baciadojacuipe\/","name":"Bacia do Jacu\u00edpe","description":"15 Munic\u00edpios em um s\u00f3 Lugar","publisher":{"@id":"https:\/\/www.catureba.com.br\/baciadojacuipe\/#organization"},"potentialAction":[{"@type":"SearchAction","target":{"@type":"EntryPoint","urlTemplate":"https:\/\/www.catureba.com.br\/baciadojacuipe\/?s={search_term_string}"},"query-input":{"@type":"PropertyValueSpecification","valueRequired":true,"valueName":"search_term_string"}}],"inLanguage":"pt-BR"},{"@type":"Organization","@id":"https:\/\/www.catureba.com.br\/baciadojacuipe\/#organization","name":"Bacia do Jacu\u00edpe","url":"https:\/\/www.catureba.com.br\/baciadojacuipe\/","logo":{"@type":"ImageObject","inLanguage":"pt-BR","@id":"https:\/\/www.catureba.com.br\/baciadojacuipe\/#\/schema\/logo\/image\/","url":"https:\/\/www.catureba.com.br\/baciadojacuipe\/wp-content\/uploads\/2025\/08\/cropped-logo.png","contentUrl":"https:\/\/www.catureba.com.br\/baciadojacuipe\/wp-content\/uploads\/2025\/08\/cropped-logo.png","width":149,"height":150,"caption":"Bacia do Jacu\u00edpe"},"image":{"@id":"https:\/\/www.catureba.com.br\/baciadojacuipe\/#\/schema\/logo\/image\/"}},{"@type":"Person","@id":"https:\/\/www.catureba.com.br\/baciadojacuipe\/#\/schema\/person\/ffc8c3b98b65cb69355d29afa2355ba3","name":"Ediom\u00e1rio Catureba","image":{"@type":"ImageObject","inLanguage":"pt-BR","@id":"https:\/\/secure.gravatar.com\/avatar\/63c567ef6e64a56df9e100701cb374d725dbb66b635cd56b3f13f88e28ba235e?s=96&d=mm&r=g","url":"https:\/\/secure.gravatar.com\/avatar\/63c567ef6e64a56df9e100701cb374d725dbb66b635cd56b3f13f88e28ba235e?s=96&d=mm&r=g","contentUrl":"https:\/\/secure.gravatar.com\/avatar\/63c567ef6e64a56df9e100701cb374d725dbb66b635cd56b3f13f88e28ba235e?s=96&d=mm&r=g","caption":"Ediom\u00e1rio Catureba"},"description":"Ediom\u00e1rio Catureba, nascido em 1976 em Baixa Grande, Bahia, \u00e9 jornalista e redator. Al\u00e9m de sua atua\u00e7\u00e3o no jornalismo, Ediom\u00e1rio \u00e9 conhecido por sua participa\u00e7\u00e3o em eventos culturais e sociais na regi\u00e3o. Ediom\u00e1rio tamb\u00e9m \u00e9 respons\u00e1vel pelo site Catureba.com.br, onde publica not\u00edcias e informa\u00e7\u00f5es sobre eventos locais, pol\u00edtica e cultura, contribuindo para a dissemina\u00e7\u00e3o de informa\u00e7\u00f5es na comunidade de Baixa Grande e arredores.","sameAs":["https:\/\/www.catureba.com.br\/baciadojacuipe"],"url":"https:\/\/www.catureba.com.br\/baciadojacuipe\/author\/edyomario\/"}]}},"uagb_featured_image_src":{"full":["https:\/\/www.catureba.com.br\/baciadojacuipe\/wp-content\/uploads\/2025\/09\/executivo.jpg",270,340,false],"thumbnail":["https:\/\/www.catureba.com.br\/baciadojacuipe\/wp-content\/uploads\/2025\/09\/executivo-150x150.jpg",150,150,true],"medium":["https:\/\/www.catureba.com.br\/baciadojacuipe\/wp-content\/uploads\/2025\/09\/executivo-238x300.jpg",238,300,true],"medium_large":["https:\/\/www.catureba.com.br\/baciadojacuipe\/wp-content\/uploads\/2025\/09\/executivo.jpg",270,340,false],"large":["https:\/\/www.catureba.com.br\/baciadojacuipe\/wp-content\/uploads\/2025\/09\/executivo.jpg",270,340,false],"1536x1536":["https:\/\/www.catureba.com.br\/baciadojacuipe\/wp-content\/uploads\/2025\/09\/executivo.jpg",270,340,false],"2048x2048":["https:\/\/www.catureba.com.br\/baciadojacuipe\/wp-content\/uploads\/2025\/09\/executivo.jpg",270,340,false],"cream-magazine-thumbnail-2":["https:\/\/www.catureba.com.br\/baciadojacuipe\/wp-content\/uploads\/2025\/09\/executivo.jpg",270,340,false],"cream-magazine-thumbnail-3":["https:\/\/www.catureba.com.br\/baciadojacuipe\/wp-content\/uploads\/2025\/09\/executivo.jpg",270,340,false],"cream-magazine-thumbnail-4":["https:\/\/www.catureba.com.br\/baciadojacuipe\/wp-content\/uploads\/2025\/09\/executivo.jpg",270,340,false]},"uagb_author_info":{"display_name":"Ediom\u00e1rio Catureba","author_link":"https:\/\/www.catureba.com.br\/baciadojacuipe\/author\/edyomario\/"},"uagb_comment_info":0,"uagb_excerpt":"Aconteceu nesta quarta-feira, dia 21 de outubro de 2009, no audit\u00f3rio da C\u00e2mara Municipal de","_links":{"self":[{"href":"https:\/\/www.catureba.com.br\/baciadojacuipe\/wp-json\/wp\/v2\/posts\/513","targetHints":{"allow":["GET"]}}],"collection":[{"href":"https:\/\/www.catureba.com.br\/baciadojacuipe\/wp-json\/wp\/v2\/posts"}],"about":[{"href":"https:\/\/www.catureba.com.br\/baciadojacuipe\/wp-json\/wp\/v2\/types\/post"}],"author":[{"embeddable":true,"href":"https:\/\/www.catureba.com.br\/baciadojacuipe\/wp-json\/wp\/v2\/users\/1"}],"replies":[{"embeddable":true,"href":"https:\/\/www.catureba.com.br\/baciadojacuipe\/wp-json\/wp\/v2\/comments?post=513"}],"version-history":[{"count":1,"href":"https:\/\/www.catureba.com.br\/baciadojacuipe\/wp-json\/wp\/v2\/posts\/513\/revisions"}],"predecessor-version":[{"id":515,"href":"https:\/\/www.catureba.com.br\/baciadojacuipe\/wp-json\/wp\/v2\/posts\/513\/revisions\/515"}],"wp:featuredmedia":[{"embeddable":true,"href":"https:\/\/www.catureba.com.br\/baciadojacuipe\/wp-json\/wp\/v2\/media\/514"}],"wp:attachment":[{"href":"https:\/\/www.catureba.com.br\/baciadojacuipe\/wp-json\/wp\/v2\/media?parent=513"}],"wp:term":[{"taxonomy":"category","embeddable":true,"href":"https:\/\/www.catureba.com.br\/baciadojacuipe\/wp-json\/wp\/v2\/categories?post=513"},{"taxonomy":"post_tag","embeddable":true,"href":"https:\/\/www.catureba.com.br\/baciadojacuipe\/wp-json\/wp\/v2\/tags?post=513"}],"curies":[{"name":"wp","href":"https:\/\/api.w.org\/{rel}","templated":true}]}}