{"id":482,"date":"2009-10-24T06:50:53","date_gmt":"2009-10-24T09:50:53","guid":{"rendered":"https:\/\/www.catureba.com.br\/baciadojacuipe\/?p=482"},"modified":"2025-09-17T06:51:40","modified_gmt":"2025-09-17T09:51:40","slug":"radio-comunitaria-mairi-fm-e-selecionada-para-participar-da-oficina-de-radiojornalismo","status":"publish","type":"post","link":"https:\/\/www.catureba.com.br\/baciadojacuipe\/2009\/10\/24\/radio-comunitaria-mairi-fm-e-selecionada-para-participar-da-oficina-de-radiojornalismo\/","title":{"rendered":"R\u00e1dio Comunit\u00e1ria Mairi FM \u00e9 selecionada para participar da Oficina de Radiojornalismo"},"content":{"rendered":"<p style=\"text-align: justify;\">R\u00e1dio Comunit\u00e1ria Mairi FM, foi uma das selecionadas para participar da oficina, de &#8220;Radiojornalismo para Comunicador Popular&#8221;, que acontecer\u00e1 nos dias 02, 03, 04, 05 e 06 de novembro de 2009 em Salvador.<\/p>\n<p style=\"text-align: justify;\">No programa do curso, est\u00e3o aulas pr\u00e1ticas de entrevistas e reportagens, modera\u00e7\u00e3o de debates, constru\u00e7\u00e3o e reda\u00e7\u00e3o de notici\u00e1rios, import\u00e2ncia da pesquisa, utiliza\u00e7\u00e3o de meios eletr\u00f4nicos e hierarquiza\u00e7\u00e3o da informa\u00e7\u00e3o.<\/p>\n<p style=\"text-align: justify;\">Foram selecionados dois comunicadores por emissora de um total de 20 pessoas.<\/p>\n<p style=\"text-align: justify;\">\uf076&gt; R\u00e1dio Nova Vida FM, de Brumado &#8211; Isac Moura Lima e Luan Vin\u00edcios Ferreira da Silva Lima;<\/p>\n<p style=\"text-align: justify;\">\uf076&gt; R\u00e1dio Nova Conquista FM, de C\u00e2ndido Sales &#8211; Wilson Rodrigues de Mattos;<\/p>\n<p style=\"text-align: justify;\">\uf076&gt; R\u00e1dio Comunit\u00e1ria de Cairu &#8211; Fl\u00e1via Santos de Oliveira e Genildo Alves Santos;<\/p>\n<p style=\"text-align: justify;\">\uf076&gt; R\u00e1dio Eldorado FM, de Castro Alves &#8211; Carlos Henrique de Jesus Cerqueira e Wagner Santos Santana de Andrade;<\/p>\n<p style=\"text-align: justify;\">\uf076&gt; R\u00e1dio Comunit\u00e1ria de Crist\u00f3polis &#8211; Jos\u00e9 Carlos Brito de Macedo e Jerisvaldo de Ara\u00fajo Silva;<\/p>\n<p style=\"text-align: justify;\">\uf076&gt; R\u00e1dio Betel FM, de Feira de Santana &#8211; Soraia Germano Rodrigues dos Santos;<\/p>\n<p style=\"text-align: justify;\">\uf076&gt; R\u00e1dio Comunit\u00e1ria de Lap\u00e3o &#8211; Evando Neiva Ramos e Jos\u00e9 Fernandes Ara\u00fajo;<\/p>\n<p style=\"text-align: justify;\">\uf076&gt; R\u00e1dio Imbu\u00edra FM de Manoel Vitorino &#8211; Jos\u00e9 Tarc\u00edzio Barbosa Martins e Gen\u00e1rio Gon\u00e7alves de Oliveira;<\/p>\n<p style=\"text-align: justify;\">\uf076&gt; R\u00e1dio Comunit\u00e1ria de Mairi &#8211; Gidailma Santos de Souza e A\u00e9cio Lima Rios;<\/p>\n<p style=\"text-align: justify;\">\uf076&gt; R\u00e1dio Dimantina FM, de Piritiba &#8211; Valter Silva Santos e Margarida Meg Pereira Correia;<\/p>\n<p style=\"text-align: justify;\">\uf076&gt; R\u00e1dio Comunit\u00e1ria de Quixabeira &#8211; Aelson de Oliveira Almeida e A\u00edlton De Ara\u00fajo Santana;<\/p>\n<p style=\"text-align: justify;\">\uf076&gt; R\u00e1dio Nova Esperan\u00e7a FM, de Santa Br\u00edgida &#8211; Tiago Lisboa da Silva e Jo\u00e3o Ferreira da Silva;<\/p>\n<p style=\"text-align: justify;\">\uf076&gt; R\u00e1dio Comunit\u00e1ria de Seabra &#8211; Marlon Mariano de Souza e Admilson Silva dos Santos.<\/p>\n<p style=\"text-align: justify;\">O curso \u00e9 feito em parceria com o Governo da Bahia e a Organiza\u00e7\u00e3o das Na\u00e7\u00f5es Unidas para a Educa\u00e7\u00e3o, a Ci\u00eancia e a Cultura (Unesco), em parceria com Ong Jequitib\u00e1.<\/p>\n<p style=\"text-align: justify;\">O projeto prev\u00ea o acompanhamento do grupo a partir das produ\u00e7\u00f5es posteriores com o objetivo de contribuir para o desenvolvimento local da atividade de radiodifus\u00e3o comunit\u00e1ria no estado. A forma\u00e7\u00e3o tamb\u00e9m \u00e9 resultado de uma das resolu\u00e7\u00f5es da I Confer\u00eancia de Comunica\u00e7\u00e3o do Estado da Bahia, realizada no ano passado.<\/p>\n<p style=\"text-align: right;\"><a href=\"http:\/\/www.radiomairifm.com.br\">www.radiomairifm.com.br<\/a><br \/>\nPor: Afonso Carneiro e Gidailma Souza<\/p>\n<div class=\"pvc_clear\"><\/div>\n<p id=\"pvc_stats_482\" class=\"pvc_stats total_only  \" data-element-id=\"482\" style=\"\"><i class=\"pvc-stats-icon medium\" aria-hidden=\"true\"><svg aria-hidden=\"true\" focusable=\"false\" data-prefix=\"far\" data-icon=\"chart-bar\" role=\"img\" xmlns=\"http:\/\/www.w3.org\/2000\/svg\" viewBox=\"0 0 512 512\" class=\"svg-inline--fa fa-chart-bar fa-w-16 fa-2x\"><path fill=\"currentColor\" d=\"M396.8 352h22.4c6.4 0 12.8-6.4 12.8-12.8V108.8c0-6.4-6.4-12.8-12.8-12.8h-22.4c-6.4 0-12.8 6.4-12.8 12.8v230.4c0 6.4 6.4 12.8 12.8 12.8zm-192 0h22.4c6.4 0 12.8-6.4 12.8-12.8V140.8c0-6.4-6.4-12.8-12.8-12.8h-22.4c-6.4 0-12.8 6.4-12.8 12.8v198.4c0 6.4 6.4 12.8 12.8 12.8zm96 0h22.4c6.4 0 12.8-6.4 12.8-12.8V204.8c0-6.4-6.4-12.8-12.8-12.8h-22.4c-6.4 0-12.8 6.4-12.8 12.8v134.4c0 6.4 6.4 12.8 12.8 12.8zM496 400H48V80c0-8.84-7.16-16-16-16H16C7.16 64 0 71.16 0 80v336c0 17.67 14.33 32 32 32h464c8.84 0 16-7.16 16-16v-16c0-8.84-7.16-16-16-16zm-387.2-48h22.4c6.4 0 12.8-6.4 12.8-12.8v-70.4c0-6.4-6.4-12.8-12.8-12.8h-22.4c-6.4 0-12.8 6.4-12.8 12.8v70.4c0 6.4 6.4 12.8 12.8 12.8z\" class=\"\"><\/path><\/svg><\/i> <img loading=\"lazy\" decoding=\"async\" width=\"16\" height=\"16\" alt=\"Loading\" src=\"https:\/\/www.catureba.com.br\/baciadojacuipe\/wp-content\/plugins\/page-views-count\/ajax-loader-2x.gif\" border=0 \/><\/p>\n<div class=\"pvc_clear\"><\/div>\n","protected":false},"excerpt":{"rendered":"<p>R\u00e1dio Comunit\u00e1ria Mairi FM, foi uma das selecionadas para participar da oficina, de &#8220;Radiojornalismo para<\/p>\n<div class=\"pvc_clear\"><\/div>\n<p id=\"pvc_stats_482\" class=\"pvc_stats total_only  \" data-element-id=\"482\" style=\"\"><i class=\"pvc-stats-icon medium\" aria-hidden=\"true\"><svg aria-hidden=\"true\" focusable=\"false\" data-prefix=\"far\" data-icon=\"chart-bar\" role=\"img\" xmlns=\"http:\/\/www.w3.org\/2000\/svg\" viewBox=\"0 0 512 512\" class=\"svg-inline--fa fa-chart-bar fa-w-16 fa-2x\"><path fill=\"currentColor\" d=\"M396.8 352h22.4c6.4 0 12.8-6.4 12.8-12.8V108.8c0-6.4-6.4-12.8-12.8-12.8h-22.4c-6.4 0-12.8 6.4-12.8 12.8v230.4c0 6.4 6.4 12.8 12.8 12.8zm-192 0h22.4c6.4 0 12.8-6.4 12.8-12.8V140.8c0-6.4-6.4-12.8-12.8-12.8h-22.4c-6.4 0-12.8 6.4-12.8 12.8v198.4c0 6.4 6.4 12.8 12.8 12.8zm96 0h22.4c6.4 0 12.8-6.4 12.8-12.8V204.8c0-6.4-6.4-12.8-12.8-12.8h-22.4c-6.4 0-12.8 6.4-12.8 12.8v134.4c0 6.4 6.4 12.8 12.8 12.8zM496 400H48V80c0-8.84-7.16-16-16-16H16C7.16 64 0 71.16 0 80v336c0 17.67 14.33 32 32 32h464c8.84 0 16-7.16 16-16v-16c0-8.84-7.16-16-16-16zm-387.2-48h22.4c6.4 0 12.8-6.4 12.8-12.8v-70.4c0-6.4-6.4-12.8-12.8-12.8h-22.4c-6.4 0-12.8 6.4-12.8 12.8v70.4c0 6.4 6.4 12.8 12.8 12.8z\" class=\"\"><\/path><\/svg><\/i> <img loading=\"lazy\" decoding=\"async\" width=\"16\" height=\"16\" alt=\"Loading\" src=\"https:\/\/www.catureba.com.br\/baciadojacuipe\/wp-content\/plugins\/page-views-count\/ajax-loader-2x.gif\" border=0 \/><\/p>\n<div class=\"pvc_clear\"><\/div>\n","protected":false},"author":1,"featured_media":483,"comment_status":"closed","ping_status":"open","sticky":false,"template":"","format":"standard","meta":{"_uag_custom_page_level_css":"","footnotes":""},"categories":[5],"tags":[],"class_list":["post-482","post","type-post","status-publish","format-standard","has-post-thumbnail","hentry","category-mairi"],"a3_pvc":{"activated":true,"total_views":10,"today_views":0},"yoast_head":"<!-- This site is optimized with the Yoast SEO plugin v27.4 - https:\/\/yoast.com\/product\/yoast-seo-wordpress\/ -->\n<title>R\u00e1dio Comunit\u00e1ria Mairi FM \u00e9 selecionada para participar da Oficina de Radiojornalismo - Bacia do Jacu\u00edpe<\/title>\n<meta name=\"robots\" content=\"index, follow, max-snippet:-1, max-image-preview:large, max-video-preview:-1\" \/>\n<link rel=\"canonical\" href=\"https:\/\/www.catureba.com.br\/baciadojacuipe\/2009\/10\/24\/radio-comunitaria-mairi-fm-e-selecionada-para-participar-da-oficina-de-radiojornalismo\/\" \/>\n<meta property=\"og:locale\" content=\"pt_BR\" \/>\n<meta property=\"og:type\" content=\"article\" \/>\n<meta property=\"og:title\" content=\"R\u00e1dio Comunit\u00e1ria Mairi FM \u00e9 selecionada para participar da Oficina de Radiojornalismo - Bacia do Jacu\u00edpe\" \/>\n<meta property=\"og:description\" content=\"R\u00e1dio Comunit\u00e1ria Mairi FM, foi uma das selecionadas para participar da oficina, de &#8220;Radiojornalismo para\" \/>\n<meta property=\"og:url\" content=\"https:\/\/www.catureba.com.br\/baciadojacuipe\/2009\/10\/24\/radio-comunitaria-mairi-fm-e-selecionada-para-participar-da-oficina-de-radiojornalismo\/\" \/>\n<meta property=\"og:site_name\" content=\"Bacia do Jacu\u00edpe\" \/>\n<meta property=\"article:published_time\" content=\"2009-10-24T09:50:53+00:00\" \/>\n<meta property=\"article:modified_time\" content=\"2025-09-17T09:51:40+00:00\" \/>\n<meta property=\"og:image\" content=\"https:\/\/www.catureba.com.br\/baciadojacuipe\/wp-content\/uploads\/2025\/09\/jornalismo.jpg\" \/>\n\t<meta property=\"og:image:width\" content=\"379\" \/>\n\t<meta property=\"og:image:height\" content=\"283\" \/>\n\t<meta property=\"og:image:type\" content=\"image\/jpeg\" \/>\n<meta name=\"author\" content=\"Ediom\u00e1rio Catureba\" \/>\n<meta name=\"twitter:card\" content=\"summary_large_image\" \/>\n<meta name=\"twitter:label1\" content=\"Escrito por\" \/>\n\t<meta name=\"twitter:data1\" content=\"Ediom\u00e1rio Catureba\" \/>\n\t<meta name=\"twitter:label2\" content=\"Est. tempo de leitura\" \/>\n\t<meta name=\"twitter:data2\" content=\"2 minutos\" \/>\n<script type=\"application\/ld+json\" class=\"yoast-schema-graph\">{\"@context\":\"https:\\\/\\\/schema.org\",\"@graph\":[{\"@type\":\"Article\",\"@id\":\"https:\\\/\\\/www.catureba.com.br\\\/baciadojacuipe\\\/2009\\\/10\\\/24\\\/radio-comunitaria-mairi-fm-e-selecionada-para-participar-da-oficina-de-radiojornalismo\\\/#article\",\"isPartOf\":{\"@id\":\"https:\\\/\\\/www.catureba.com.br\\\/baciadojacuipe\\\/2009\\\/10\\\/24\\\/radio-comunitaria-mairi-fm-e-selecionada-para-participar-da-oficina-de-radiojornalismo\\\/\"},\"author\":{\"name\":\"Ediom\u00e1rio Catureba\",\"@id\":\"https:\\\/\\\/www.catureba.com.br\\\/baciadojacuipe\\\/#\\\/schema\\\/person\\\/ffc8c3b98b65cb69355d29afa2355ba3\"},\"headline\":\"R\u00e1dio Comunit\u00e1ria Mairi FM \u00e9 selecionada para participar da Oficina de Radiojornalismo\",\"datePublished\":\"2009-10-24T09:50:53+00:00\",\"dateModified\":\"2025-09-17T09:51:40+00:00\",\"mainEntityOfPage\":{\"@id\":\"https:\\\/\\\/www.catureba.com.br\\\/baciadojacuipe\\\/2009\\\/10\\\/24\\\/radio-comunitaria-mairi-fm-e-selecionada-para-participar-da-oficina-de-radiojornalismo\\\/\"},\"wordCount\":432,\"publisher\":{\"@id\":\"https:\\\/\\\/www.catureba.com.br\\\/baciadojacuipe\\\/#organization\"},\"image\":{\"@id\":\"https:\\\/\\\/www.catureba.com.br\\\/baciadojacuipe\\\/2009\\\/10\\\/24\\\/radio-comunitaria-mairi-fm-e-selecionada-para-participar-da-oficina-de-radiojornalismo\\\/#primaryimage\"},\"thumbnailUrl\":\"https:\\\/\\\/www.catureba.com.br\\\/baciadojacuipe\\\/wp-content\\\/uploads\\\/2025\\\/09\\\/jornalismo.jpg\",\"articleSection\":[\"Mairi\"],\"inLanguage\":\"pt-BR\"},{\"@type\":\"WebPage\",\"@id\":\"https:\\\/\\\/www.catureba.com.br\\\/baciadojacuipe\\\/2009\\\/10\\\/24\\\/radio-comunitaria-mairi-fm-e-selecionada-para-participar-da-oficina-de-radiojornalismo\\\/\",\"url\":\"https:\\\/\\\/www.catureba.com.br\\\/baciadojacuipe\\\/2009\\\/10\\\/24\\\/radio-comunitaria-mairi-fm-e-selecionada-para-participar-da-oficina-de-radiojornalismo\\\/\",\"name\":\"R\u00e1dio Comunit\u00e1ria Mairi FM \u00e9 selecionada para participar da Oficina de Radiojornalismo - Bacia do Jacu\u00edpe\",\"isPartOf\":{\"@id\":\"https:\\\/\\\/www.catureba.com.br\\\/baciadojacuipe\\\/#website\"},\"primaryImageOfPage\":{\"@id\":\"https:\\\/\\\/www.catureba.com.br\\\/baciadojacuipe\\\/2009\\\/10\\\/24\\\/radio-comunitaria-mairi-fm-e-selecionada-para-participar-da-oficina-de-radiojornalismo\\\/#primaryimage\"},\"image\":{\"@id\":\"https:\\\/\\\/www.catureba.com.br\\\/baciadojacuipe\\\/2009\\\/10\\\/24\\\/radio-comunitaria-mairi-fm-e-selecionada-para-participar-da-oficina-de-radiojornalismo\\\/#primaryimage\"},\"thumbnailUrl\":\"https:\\\/\\\/www.catureba.com.br\\\/baciadojacuipe\\\/wp-content\\\/uploads\\\/2025\\\/09\\\/jornalismo.jpg\",\"datePublished\":\"2009-10-24T09:50:53+00:00\",\"dateModified\":\"2025-09-17T09:51:40+00:00\",\"breadcrumb\":{\"@id\":\"https:\\\/\\\/www.catureba.com.br\\\/baciadojacuipe\\\/2009\\\/10\\\/24\\\/radio-comunitaria-mairi-fm-e-selecionada-para-participar-da-oficina-de-radiojornalismo\\\/#breadcrumb\"},\"inLanguage\":\"pt-BR\",\"potentialAction\":[{\"@type\":\"ReadAction\",\"target\":[\"https:\\\/\\\/www.catureba.com.br\\\/baciadojacuipe\\\/2009\\\/10\\\/24\\\/radio-comunitaria-mairi-fm-e-selecionada-para-participar-da-oficina-de-radiojornalismo\\\/\"]}]},{\"@type\":\"ImageObject\",\"inLanguage\":\"pt-BR\",\"@id\":\"https:\\\/\\\/www.catureba.com.br\\\/baciadojacuipe\\\/2009\\\/10\\\/24\\\/radio-comunitaria-mairi-fm-e-selecionada-para-participar-da-oficina-de-radiojornalismo\\\/#primaryimage\",\"url\":\"https:\\\/\\\/www.catureba.com.br\\\/baciadojacuipe\\\/wp-content\\\/uploads\\\/2025\\\/09\\\/jornalismo.jpg\",\"contentUrl\":\"https:\\\/\\\/www.catureba.com.br\\\/baciadojacuipe\\\/wp-content\\\/uploads\\\/2025\\\/09\\\/jornalismo.jpg\",\"width\":379,\"height\":283},{\"@type\":\"BreadcrumbList\",\"@id\":\"https:\\\/\\\/www.catureba.com.br\\\/baciadojacuipe\\\/2009\\\/10\\\/24\\\/radio-comunitaria-mairi-fm-e-selecionada-para-participar-da-oficina-de-radiojornalismo\\\/#breadcrumb\",\"itemListElement\":[{\"@type\":\"ListItem\",\"position\":1,\"name\":\"In\u00edcio\",\"item\":\"https:\\\/\\\/www.catureba.com.br\\\/baciadojacuipe\\\/\"},{\"@type\":\"ListItem\",\"position\":2,\"name\":\"R\u00e1dio Comunit\u00e1ria Mairi FM \u00e9 selecionada para participar da Oficina de Radiojornalismo\"}]},{\"@type\":\"WebSite\",\"@id\":\"https:\\\/\\\/www.catureba.com.br\\\/baciadojacuipe\\\/#website\",\"url\":\"https:\\\/\\\/www.catureba.com.br\\\/baciadojacuipe\\\/\",\"name\":\"Bacia do Jacu\u00edpe\",\"description\":\"15 Munic\u00edpios em um s\u00f3 Lugar\",\"publisher\":{\"@id\":\"https:\\\/\\\/www.catureba.com.br\\\/baciadojacuipe\\\/#organization\"},\"potentialAction\":[{\"@type\":\"SearchAction\",\"target\":{\"@type\":\"EntryPoint\",\"urlTemplate\":\"https:\\\/\\\/www.catureba.com.br\\\/baciadojacuipe\\\/?s={search_term_string}\"},\"query-input\":{\"@type\":\"PropertyValueSpecification\",\"valueRequired\":true,\"valueName\":\"search_term_string\"}}],\"inLanguage\":\"pt-BR\"},{\"@type\":\"Organization\",\"@id\":\"https:\\\/\\\/www.catureba.com.br\\\/baciadojacuipe\\\/#organization\",\"name\":\"Bacia do Jacu\u00edpe\",\"url\":\"https:\\\/\\\/www.catureba.com.br\\\/baciadojacuipe\\\/\",\"logo\":{\"@type\":\"ImageObject\",\"inLanguage\":\"pt-BR\",\"@id\":\"https:\\\/\\\/www.catureba.com.br\\\/baciadojacuipe\\\/#\\\/schema\\\/logo\\\/image\\\/\",\"url\":\"https:\\\/\\\/www.catureba.com.br\\\/baciadojacuipe\\\/wp-content\\\/uploads\\\/2025\\\/08\\\/cropped-logo.png\",\"contentUrl\":\"https:\\\/\\\/www.catureba.com.br\\\/baciadojacuipe\\\/wp-content\\\/uploads\\\/2025\\\/08\\\/cropped-logo.png\",\"width\":149,\"height\":150,\"caption\":\"Bacia do Jacu\u00edpe\"},\"image\":{\"@id\":\"https:\\\/\\\/www.catureba.com.br\\\/baciadojacuipe\\\/#\\\/schema\\\/logo\\\/image\\\/\"}},{\"@type\":\"Person\",\"@id\":\"https:\\\/\\\/www.catureba.com.br\\\/baciadojacuipe\\\/#\\\/schema\\\/person\\\/ffc8c3b98b65cb69355d29afa2355ba3\",\"name\":\"Ediom\u00e1rio Catureba\",\"image\":{\"@type\":\"ImageObject\",\"inLanguage\":\"pt-BR\",\"@id\":\"https:\\\/\\\/secure.gravatar.com\\\/avatar\\\/63c567ef6e64a56df9e100701cb374d725dbb66b635cd56b3f13f88e28ba235e?s=96&d=mm&r=g\",\"url\":\"https:\\\/\\\/secure.gravatar.com\\\/avatar\\\/63c567ef6e64a56df9e100701cb374d725dbb66b635cd56b3f13f88e28ba235e?s=96&d=mm&r=g\",\"contentUrl\":\"https:\\\/\\\/secure.gravatar.com\\\/avatar\\\/63c567ef6e64a56df9e100701cb374d725dbb66b635cd56b3f13f88e28ba235e?s=96&d=mm&r=g\",\"caption\":\"Ediom\u00e1rio Catureba\"},\"description\":\"Ediom\u00e1rio Catureba, nascido em 1976 em Baixa Grande, Bahia, \u00e9 jornalista e redator. Al\u00e9m de sua atua\u00e7\u00e3o no jornalismo, Ediom\u00e1rio \u00e9 conhecido por sua participa\u00e7\u00e3o em eventos culturais e sociais na regi\u00e3o. Ediom\u00e1rio tamb\u00e9m \u00e9 respons\u00e1vel pelo site Catureba.com.br, onde publica not\u00edcias e informa\u00e7\u00f5es sobre eventos locais, pol\u00edtica e cultura, contribuindo para a dissemina\u00e7\u00e3o de informa\u00e7\u00f5es na comunidade de Baixa Grande e arredores.\",\"sameAs\":[\"https:\\\/\\\/www.catureba.com.br\\\/baciadojacuipe\"],\"url\":\"https:\\\/\\\/www.catureba.com.br\\\/baciadojacuipe\\\/author\\\/edyomario\\\/\"}]}<\/script>\n<!-- \/ Yoast SEO plugin. -->","yoast_head_json":{"title":"R\u00e1dio Comunit\u00e1ria Mairi FM \u00e9 selecionada para participar da Oficina de Radiojornalismo - Bacia do Jacu\u00edpe","robots":{"index":"index","follow":"follow","max-snippet":"max-snippet:-1","max-image-preview":"max-image-preview:large","max-video-preview":"max-video-preview:-1"},"canonical":"https:\/\/www.catureba.com.br\/baciadojacuipe\/2009\/10\/24\/radio-comunitaria-mairi-fm-e-selecionada-para-participar-da-oficina-de-radiojornalismo\/","og_locale":"pt_BR","og_type":"article","og_title":"R\u00e1dio Comunit\u00e1ria Mairi FM \u00e9 selecionada para participar da Oficina de Radiojornalismo - Bacia do Jacu\u00edpe","og_description":"R\u00e1dio Comunit\u00e1ria Mairi FM, foi uma das selecionadas para participar da oficina, de &#8220;Radiojornalismo para","og_url":"https:\/\/www.catureba.com.br\/baciadojacuipe\/2009\/10\/24\/radio-comunitaria-mairi-fm-e-selecionada-para-participar-da-oficina-de-radiojornalismo\/","og_site_name":"Bacia do Jacu\u00edpe","article_published_time":"2009-10-24T09:50:53+00:00","article_modified_time":"2025-09-17T09:51:40+00:00","og_image":[{"width":379,"height":283,"url":"https:\/\/www.catureba.com.br\/baciadojacuipe\/wp-content\/uploads\/2025\/09\/jornalismo.jpg","type":"image\/jpeg"}],"author":"Ediom\u00e1rio Catureba","twitter_card":"summary_large_image","twitter_misc":{"Escrito por":"Ediom\u00e1rio Catureba","Est. tempo de leitura":"2 minutos"},"schema":{"@context":"https:\/\/schema.org","@graph":[{"@type":"Article","@id":"https:\/\/www.catureba.com.br\/baciadojacuipe\/2009\/10\/24\/radio-comunitaria-mairi-fm-e-selecionada-para-participar-da-oficina-de-radiojornalismo\/#article","isPartOf":{"@id":"https:\/\/www.catureba.com.br\/baciadojacuipe\/2009\/10\/24\/radio-comunitaria-mairi-fm-e-selecionada-para-participar-da-oficina-de-radiojornalismo\/"},"author":{"name":"Ediom\u00e1rio Catureba","@id":"https:\/\/www.catureba.com.br\/baciadojacuipe\/#\/schema\/person\/ffc8c3b98b65cb69355d29afa2355ba3"},"headline":"R\u00e1dio Comunit\u00e1ria Mairi FM \u00e9 selecionada para participar da Oficina de Radiojornalismo","datePublished":"2009-10-24T09:50:53+00:00","dateModified":"2025-09-17T09:51:40+00:00","mainEntityOfPage":{"@id":"https:\/\/www.catureba.com.br\/baciadojacuipe\/2009\/10\/24\/radio-comunitaria-mairi-fm-e-selecionada-para-participar-da-oficina-de-radiojornalismo\/"},"wordCount":432,"publisher":{"@id":"https:\/\/www.catureba.com.br\/baciadojacuipe\/#organization"},"image":{"@id":"https:\/\/www.catureba.com.br\/baciadojacuipe\/2009\/10\/24\/radio-comunitaria-mairi-fm-e-selecionada-para-participar-da-oficina-de-radiojornalismo\/#primaryimage"},"thumbnailUrl":"https:\/\/www.catureba.com.br\/baciadojacuipe\/wp-content\/uploads\/2025\/09\/jornalismo.jpg","articleSection":["Mairi"],"inLanguage":"pt-BR"},{"@type":"WebPage","@id":"https:\/\/www.catureba.com.br\/baciadojacuipe\/2009\/10\/24\/radio-comunitaria-mairi-fm-e-selecionada-para-participar-da-oficina-de-radiojornalismo\/","url":"https:\/\/www.catureba.com.br\/baciadojacuipe\/2009\/10\/24\/radio-comunitaria-mairi-fm-e-selecionada-para-participar-da-oficina-de-radiojornalismo\/","name":"R\u00e1dio Comunit\u00e1ria Mairi FM \u00e9 selecionada para participar da Oficina de Radiojornalismo - Bacia do Jacu\u00edpe","isPartOf":{"@id":"https:\/\/www.catureba.com.br\/baciadojacuipe\/#website"},"primaryImageOfPage":{"@id":"https:\/\/www.catureba.com.br\/baciadojacuipe\/2009\/10\/24\/radio-comunitaria-mairi-fm-e-selecionada-para-participar-da-oficina-de-radiojornalismo\/#primaryimage"},"image":{"@id":"https:\/\/www.catureba.com.br\/baciadojacuipe\/2009\/10\/24\/radio-comunitaria-mairi-fm-e-selecionada-para-participar-da-oficina-de-radiojornalismo\/#primaryimage"},"thumbnailUrl":"https:\/\/www.catureba.com.br\/baciadojacuipe\/wp-content\/uploads\/2025\/09\/jornalismo.jpg","datePublished":"2009-10-24T09:50:53+00:00","dateModified":"2025-09-17T09:51:40+00:00","breadcrumb":{"@id":"https:\/\/www.catureba.com.br\/baciadojacuipe\/2009\/10\/24\/radio-comunitaria-mairi-fm-e-selecionada-para-participar-da-oficina-de-radiojornalismo\/#breadcrumb"},"inLanguage":"pt-BR","potentialAction":[{"@type":"ReadAction","target":["https:\/\/www.catureba.com.br\/baciadojacuipe\/2009\/10\/24\/radio-comunitaria-mairi-fm-e-selecionada-para-participar-da-oficina-de-radiojornalismo\/"]}]},{"@type":"ImageObject","inLanguage":"pt-BR","@id":"https:\/\/www.catureba.com.br\/baciadojacuipe\/2009\/10\/24\/radio-comunitaria-mairi-fm-e-selecionada-para-participar-da-oficina-de-radiojornalismo\/#primaryimage","url":"https:\/\/www.catureba.com.br\/baciadojacuipe\/wp-content\/uploads\/2025\/09\/jornalismo.jpg","contentUrl":"https:\/\/www.catureba.com.br\/baciadojacuipe\/wp-content\/uploads\/2025\/09\/jornalismo.jpg","width":379,"height":283},{"@type":"BreadcrumbList","@id":"https:\/\/www.catureba.com.br\/baciadojacuipe\/2009\/10\/24\/radio-comunitaria-mairi-fm-e-selecionada-para-participar-da-oficina-de-radiojornalismo\/#breadcrumb","itemListElement":[{"@type":"ListItem","position":1,"name":"In\u00edcio","item":"https:\/\/www.catureba.com.br\/baciadojacuipe\/"},{"@type":"ListItem","position":2,"name":"R\u00e1dio Comunit\u00e1ria Mairi FM \u00e9 selecionada para participar da Oficina de Radiojornalismo"}]},{"@type":"WebSite","@id":"https:\/\/www.catureba.com.br\/baciadojacuipe\/#website","url":"https:\/\/www.catureba.com.br\/baciadojacuipe\/","name":"Bacia do Jacu\u00edpe","description":"15 Munic\u00edpios em um s\u00f3 Lugar","publisher":{"@id":"https:\/\/www.catureba.com.br\/baciadojacuipe\/#organization"},"potentialAction":[{"@type":"SearchAction","target":{"@type":"EntryPoint","urlTemplate":"https:\/\/www.catureba.com.br\/baciadojacuipe\/?s={search_term_string}"},"query-input":{"@type":"PropertyValueSpecification","valueRequired":true,"valueName":"search_term_string"}}],"inLanguage":"pt-BR"},{"@type":"Organization","@id":"https:\/\/www.catureba.com.br\/baciadojacuipe\/#organization","name":"Bacia do Jacu\u00edpe","url":"https:\/\/www.catureba.com.br\/baciadojacuipe\/","logo":{"@type":"ImageObject","inLanguage":"pt-BR","@id":"https:\/\/www.catureba.com.br\/baciadojacuipe\/#\/schema\/logo\/image\/","url":"https:\/\/www.catureba.com.br\/baciadojacuipe\/wp-content\/uploads\/2025\/08\/cropped-logo.png","contentUrl":"https:\/\/www.catureba.com.br\/baciadojacuipe\/wp-content\/uploads\/2025\/08\/cropped-logo.png","width":149,"height":150,"caption":"Bacia do Jacu\u00edpe"},"image":{"@id":"https:\/\/www.catureba.com.br\/baciadojacuipe\/#\/schema\/logo\/image\/"}},{"@type":"Person","@id":"https:\/\/www.catureba.com.br\/baciadojacuipe\/#\/schema\/person\/ffc8c3b98b65cb69355d29afa2355ba3","name":"Ediom\u00e1rio Catureba","image":{"@type":"ImageObject","inLanguage":"pt-BR","@id":"https:\/\/secure.gravatar.com\/avatar\/63c567ef6e64a56df9e100701cb374d725dbb66b635cd56b3f13f88e28ba235e?s=96&d=mm&r=g","url":"https:\/\/secure.gravatar.com\/avatar\/63c567ef6e64a56df9e100701cb374d725dbb66b635cd56b3f13f88e28ba235e?s=96&d=mm&r=g","contentUrl":"https:\/\/secure.gravatar.com\/avatar\/63c567ef6e64a56df9e100701cb374d725dbb66b635cd56b3f13f88e28ba235e?s=96&d=mm&r=g","caption":"Ediom\u00e1rio Catureba"},"description":"Ediom\u00e1rio Catureba, nascido em 1976 em Baixa Grande, Bahia, \u00e9 jornalista e redator. Al\u00e9m de sua atua\u00e7\u00e3o no jornalismo, Ediom\u00e1rio \u00e9 conhecido por sua participa\u00e7\u00e3o em eventos culturais e sociais na regi\u00e3o. Ediom\u00e1rio tamb\u00e9m \u00e9 respons\u00e1vel pelo site Catureba.com.br, onde publica not\u00edcias e informa\u00e7\u00f5es sobre eventos locais, pol\u00edtica e cultura, contribuindo para a dissemina\u00e7\u00e3o de informa\u00e7\u00f5es na comunidade de Baixa Grande e arredores.","sameAs":["https:\/\/www.catureba.com.br\/baciadojacuipe"],"url":"https:\/\/www.catureba.com.br\/baciadojacuipe\/author\/edyomario\/"}]}},"uagb_featured_image_src":{"full":["https:\/\/www.catureba.com.br\/baciadojacuipe\/wp-content\/uploads\/2025\/09\/jornalismo.jpg",379,283,false],"thumbnail":["https:\/\/www.catureba.com.br\/baciadojacuipe\/wp-content\/uploads\/2025\/09\/jornalismo-150x150.jpg",150,150,true],"medium":["https:\/\/www.catureba.com.br\/baciadojacuipe\/wp-content\/uploads\/2025\/09\/jornalismo-300x224.jpg",300,224,true],"medium_large":["https:\/\/www.catureba.com.br\/baciadojacuipe\/wp-content\/uploads\/2025\/09\/jornalismo.jpg",379,283,false],"large":["https:\/\/www.catureba.com.br\/baciadojacuipe\/wp-content\/uploads\/2025\/09\/jornalismo.jpg",379,283,false],"1536x1536":["https:\/\/www.catureba.com.br\/baciadojacuipe\/wp-content\/uploads\/2025\/09\/jornalismo.jpg",379,283,false],"2048x2048":["https:\/\/www.catureba.com.br\/baciadojacuipe\/wp-content\/uploads\/2025\/09\/jornalismo.jpg",379,283,false],"cream-magazine-thumbnail-2":["https:\/\/www.catureba.com.br\/baciadojacuipe\/wp-content\/uploads\/2025\/09\/jornalismo.jpg",379,283,false],"cream-magazine-thumbnail-3":["https:\/\/www.catureba.com.br\/baciadojacuipe\/wp-content\/uploads\/2025\/09\/jornalismo.jpg",379,283,false],"cream-magazine-thumbnail-4":["https:\/\/www.catureba.com.br\/baciadojacuipe\/wp-content\/uploads\/2025\/09\/jornalismo.jpg",379,283,false]},"uagb_author_info":{"display_name":"Ediom\u00e1rio Catureba","author_link":"https:\/\/www.catureba.com.br\/baciadojacuipe\/author\/edyomario\/"},"uagb_comment_info":0,"uagb_excerpt":"R\u00e1dio Comunit\u00e1ria Mairi FM, foi uma das selecionadas para participar da oficina, de &#8220;Radiojornalismo para","_links":{"self":[{"href":"https:\/\/www.catureba.com.br\/baciadojacuipe\/wp-json\/wp\/v2\/posts\/482","targetHints":{"allow":["GET"]}}],"collection":[{"href":"https:\/\/www.catureba.com.br\/baciadojacuipe\/wp-json\/wp\/v2\/posts"}],"about":[{"href":"https:\/\/www.catureba.com.br\/baciadojacuipe\/wp-json\/wp\/v2\/types\/post"}],"author":[{"embeddable":true,"href":"https:\/\/www.catureba.com.br\/baciadojacuipe\/wp-json\/wp\/v2\/users\/1"}],"replies":[{"embeddable":true,"href":"https:\/\/www.catureba.com.br\/baciadojacuipe\/wp-json\/wp\/v2\/comments?post=482"}],"version-history":[{"count":1,"href":"https:\/\/www.catureba.com.br\/baciadojacuipe\/wp-json\/wp\/v2\/posts\/482\/revisions"}],"predecessor-version":[{"id":484,"href":"https:\/\/www.catureba.com.br\/baciadojacuipe\/wp-json\/wp\/v2\/posts\/482\/revisions\/484"}],"wp:featuredmedia":[{"embeddable":true,"href":"https:\/\/www.catureba.com.br\/baciadojacuipe\/wp-json\/wp\/v2\/media\/483"}],"wp:attachment":[{"href":"https:\/\/www.catureba.com.br\/baciadojacuipe\/wp-json\/wp\/v2\/media?parent=482"}],"wp:term":[{"taxonomy":"category","embeddable":true,"href":"https:\/\/www.catureba.com.br\/baciadojacuipe\/wp-json\/wp\/v2\/categories?post=482"},{"taxonomy":"post_tag","embeddable":true,"href":"https:\/\/www.catureba.com.br\/baciadojacuipe\/wp-json\/wp\/v2\/tags?post=482"}],"curies":[{"name":"wp","href":"https:\/\/api.w.org\/{rel}","templated":true}]}}