{"id":449,"date":"2009-10-17T07:08:49","date_gmt":"2009-10-17T10:08:49","guid":{"rendered":"https:\/\/www.catureba.com.br\/baciadojacuipe\/?p=449"},"modified":"2025-09-16T07:10:19","modified_gmt":"2025-09-16T10:10:19","slug":"projeto-arte-pela-educacao-e-lancado-na-bacia-do-jacuipe-para-integrar-cultura-e-ensino-nas-escolas","status":"publish","type":"post","link":"https:\/\/www.catureba.com.br\/baciadojacuipe\/2009\/10\/17\/projeto-arte-pela-educacao-e-lancado-na-bacia-do-jacuipe-para-integrar-cultura-e-ensino-nas-escolas\/","title":{"rendered":"Projeto &#8220;Arte Pela Educa\u00e7\u00e3o&#8221; \u00e9 lan\u00e7ado na Bacia do Jacu\u00edpe para integrar cultura e ensino nas escolas"},"content":{"rendered":"<p style=\"text-align: justify;\">Com o objetivo de fortalecer o papel da arte e da cultura como ferramentas pedag\u00f3gicas no ambiente escolar, foi lan\u00e7ado no \u00faltimo s\u00e1bado (17), no munic\u00edpio de <strong>Pintadas<\/strong>, o projeto <strong>Arte Pela Educa\u00e7\u00e3o<\/strong>. A iniciativa ser\u00e1 desenvolvida no <strong>Territ\u00f3rio de Identidade da Bacia do Jacu\u00edpe<\/strong>, situado a cerca de 250 km de Salvador, pela <strong>Companhia de Artes C\u00eanicas Rheluz<\/strong>.<\/p>\n<p style=\"text-align: justify;\">Selecionado pelo <strong>Edital Territ\u00f3rios Culturais<\/strong>, da <strong>Secretaria de Cultura do Estado da Bahia (Secult)<\/strong>, o projeto contempla a <strong>forma\u00e7\u00e3o de professores de 14 munic\u00edpios<\/strong> da regi\u00e3o. Ap\u00f3s a capacita\u00e7\u00e3o, esses educadores atuar\u00e3o como <strong>multiplicadores<\/strong>, levando a proposta para suas cidades e desenvolvendo <strong>projetos pedag\u00f3gicos com interven\u00e7\u00f5es art\u00edstico-culturais<\/strong> nas escolas.<\/p>\n<p style=\"text-align: justify;\">\u201cTemos certeza de que este projeto ser\u00e1 modelo para outros territ\u00f3rios. A Secult apostou na criatividade e na capacidade de gest\u00e3o da sociedade civil, que ter\u00e1 <strong>R$ 280 mil<\/strong> para investir em uma a\u00e7\u00e3o estruturante na \u00e1rea da cultura\u201d, destacou o secret\u00e1rio de Cultura do Estado, <strong>M\u00e1rcio Meireles<\/strong>.<\/p>\n<p style=\"text-align: justify;\">Segundo <strong>Rubens Fran\u00e7a<\/strong>, coordenador do projeto, a proposta vai al\u00e9m da forma\u00e7\u00e3o: busca criar uma <strong>rede permanente de arte-educa\u00e7\u00e3o<\/strong> no territ\u00f3rio.<\/p>\n<p style=\"text-align: justify;\">\u201cEsperamos que esses agentes possam dialogar com os poderes p\u00fablicos e os sistemas municipais de educa\u00e7\u00e3o, contribuindo para o reconhecimento da arte e da cultura como elementos essenciais na forma\u00e7\u00e3o cidad\u00e3\u201d, afirmou Fran\u00e7a.<\/p>\n<p style=\"text-align: justify;\"><strong>Protagonismo do Territ\u00f3rio<\/strong><\/p>\n<p style=\"text-align: justify;\">A <strong>Bacia do Jacu\u00edpe<\/strong> tem se destacado como territ\u00f3rio articulado e atuante nas pautas culturais do estado. Desde o in\u00edcio da atual gest\u00e3o estadual, tem sido protagonista no processo de <strong>reconhecimento dos Territ\u00f3rios de Identidade<\/strong>, defendendo a <strong>descentraliza\u00e7\u00e3o dos investimentos p\u00fablicos<\/strong>.<\/p>\n<p style=\"text-align: justify;\">Fruto dessa mobiliza\u00e7\u00e3o, o territ\u00f3rio construiu o <strong>primeiro Plano de Desenvolvimento Territorial de Cultura da Bahia<\/strong>, com participa\u00e7\u00e3o ativa da sociedade civil e gestores p\u00fablicos. Entre as a\u00e7\u00f5es priorit\u00e1rias apontadas, estava justamente a implementa\u00e7\u00e3o de um projeto de arte-educa\u00e7\u00e3o, agora concretizado com o lan\u00e7amento do <strong>Arte Pela Educa\u00e7\u00e3o<\/strong>.<\/p>\n<p style=\"text-align: justify;\"><a href=\"http:\/\/www.baciadojacuipe.com.br\">www.baciadojacuipe.com.br<\/a><br \/>\nPor: Ediom\u00e1rio Catureba<\/p>\n<div class=\"pvc_clear\"><\/div>\n<p id=\"pvc_stats_449\" class=\"pvc_stats total_only  \" data-element-id=\"449\" style=\"\"><i class=\"pvc-stats-icon medium\" aria-hidden=\"true\"><svg aria-hidden=\"true\" focusable=\"false\" data-prefix=\"far\" data-icon=\"chart-bar\" role=\"img\" xmlns=\"http:\/\/www.w3.org\/2000\/svg\" viewBox=\"0 0 512 512\" class=\"svg-inline--fa fa-chart-bar fa-w-16 fa-2x\"><path fill=\"currentColor\" d=\"M396.8 352h22.4c6.4 0 12.8-6.4 12.8-12.8V108.8c0-6.4-6.4-12.8-12.8-12.8h-22.4c-6.4 0-12.8 6.4-12.8 12.8v230.4c0 6.4 6.4 12.8 12.8 12.8zm-192 0h22.4c6.4 0 12.8-6.4 12.8-12.8V140.8c0-6.4-6.4-12.8-12.8-12.8h-22.4c-6.4 0-12.8 6.4-12.8 12.8v198.4c0 6.4 6.4 12.8 12.8 12.8zm96 0h22.4c6.4 0 12.8-6.4 12.8-12.8V204.8c0-6.4-6.4-12.8-12.8-12.8h-22.4c-6.4 0-12.8 6.4-12.8 12.8v134.4c0 6.4 6.4 12.8 12.8 12.8zM496 400H48V80c0-8.84-7.16-16-16-16H16C7.16 64 0 71.16 0 80v336c0 17.67 14.33 32 32 32h464c8.84 0 16-7.16 16-16v-16c0-8.84-7.16-16-16-16zm-387.2-48h22.4c6.4 0 12.8-6.4 12.8-12.8v-70.4c0-6.4-6.4-12.8-12.8-12.8h-22.4c-6.4 0-12.8 6.4-12.8 12.8v70.4c0 6.4 6.4 12.8 12.8 12.8z\" class=\"\"><\/path><\/svg><\/i> <img loading=\"lazy\" decoding=\"async\" width=\"16\" height=\"16\" alt=\"Loading\" src=\"https:\/\/www.catureba.com.br\/baciadojacuipe\/wp-content\/plugins\/page-views-count\/ajax-loader-2x.gif\" border=0 \/><\/p>\n<div class=\"pvc_clear\"><\/div>\n","protected":false},"excerpt":{"rendered":"<p>Com o objetivo de fortalecer o papel da arte e da cultura como ferramentas pedag\u00f3gicas<\/p>\n<div class=\"pvc_clear\"><\/div>\n<p id=\"pvc_stats_449\" class=\"pvc_stats total_only  \" data-element-id=\"449\" style=\"\"><i class=\"pvc-stats-icon medium\" aria-hidden=\"true\"><svg aria-hidden=\"true\" focusable=\"false\" data-prefix=\"far\" data-icon=\"chart-bar\" role=\"img\" xmlns=\"http:\/\/www.w3.org\/2000\/svg\" viewBox=\"0 0 512 512\" class=\"svg-inline--fa fa-chart-bar fa-w-16 fa-2x\"><path fill=\"currentColor\" d=\"M396.8 352h22.4c6.4 0 12.8-6.4 12.8-12.8V108.8c0-6.4-6.4-12.8-12.8-12.8h-22.4c-6.4 0-12.8 6.4-12.8 12.8v230.4c0 6.4 6.4 12.8 12.8 12.8zm-192 0h22.4c6.4 0 12.8-6.4 12.8-12.8V140.8c0-6.4-6.4-12.8-12.8-12.8h-22.4c-6.4 0-12.8 6.4-12.8 12.8v198.4c0 6.4 6.4 12.8 12.8 12.8zm96 0h22.4c6.4 0 12.8-6.4 12.8-12.8V204.8c0-6.4-6.4-12.8-12.8-12.8h-22.4c-6.4 0-12.8 6.4-12.8 12.8v134.4c0 6.4 6.4 12.8 12.8 12.8zM496 400H48V80c0-8.84-7.16-16-16-16H16C7.16 64 0 71.16 0 80v336c0 17.67 14.33 32 32 32h464c8.84 0 16-7.16 16-16v-16c0-8.84-7.16-16-16-16zm-387.2-48h22.4c6.4 0 12.8-6.4 12.8-12.8v-70.4c0-6.4-6.4-12.8-12.8-12.8h-22.4c-6.4 0-12.8 6.4-12.8 12.8v70.4c0 6.4 6.4 12.8 12.8 12.8z\" class=\"\"><\/path><\/svg><\/i> <img loading=\"lazy\" decoding=\"async\" width=\"16\" height=\"16\" alt=\"Loading\" src=\"https:\/\/www.catureba.com.br\/baciadojacuipe\/wp-content\/plugins\/page-views-count\/ajax-loader-2x.gif\" border=0 \/><\/p>\n<div class=\"pvc_clear\"><\/div>\n","protected":false},"author":1,"featured_media":451,"comment_status":"closed","ping_status":"open","sticky":false,"template":"","format":"standard","meta":{"_uag_custom_page_level_css":"","footnotes":""},"categories":[3],"tags":[],"class_list":["post-449","post","type-post","status-publish","format-standard","has-post-thumbnail","hentry","category-pintadas"],"a3_pvc":{"activated":true,"total_views":9,"today_views":0},"yoast_head":"<!-- This site is optimized with the Yoast SEO plugin v27.4 - https:\/\/yoast.com\/product\/yoast-seo-wordpress\/ -->\n<title>Projeto &quot;Arte Pela Educa\u00e7\u00e3o&quot; \u00e9 lan\u00e7ado na Bacia do Jacu\u00edpe para integrar cultura e ensino nas escolas - Bacia do Jacu\u00edpe<\/title>\n<meta name=\"robots\" content=\"index, follow, max-snippet:-1, max-image-preview:large, max-video-preview:-1\" \/>\n<link rel=\"canonical\" href=\"https:\/\/www.catureba.com.br\/baciadojacuipe\/2009\/10\/17\/projeto-arte-pela-educacao-e-lancado-na-bacia-do-jacuipe-para-integrar-cultura-e-ensino-nas-escolas\/\" \/>\n<meta property=\"og:locale\" content=\"pt_BR\" \/>\n<meta property=\"og:type\" content=\"article\" \/>\n<meta property=\"og:title\" content=\"Projeto &quot;Arte Pela Educa\u00e7\u00e3o&quot; \u00e9 lan\u00e7ado na Bacia do Jacu\u00edpe para integrar cultura e ensino nas escolas - Bacia do Jacu\u00edpe\" \/>\n<meta property=\"og:description\" content=\"Com o objetivo de fortalecer o papel da arte e da cultura como ferramentas pedag\u00f3gicas\" \/>\n<meta property=\"og:url\" content=\"https:\/\/www.catureba.com.br\/baciadojacuipe\/2009\/10\/17\/projeto-arte-pela-educacao-e-lancado-na-bacia-do-jacuipe-para-integrar-cultura-e-ensino-nas-escolas\/\" \/>\n<meta property=\"og:site_name\" content=\"Bacia do Jacu\u00edpe\" \/>\n<meta property=\"article:published_time\" content=\"2009-10-17T10:08:49+00:00\" \/>\n<meta property=\"article:modified_time\" content=\"2025-09-16T10:10:19+00:00\" \/>\n<meta property=\"og:image\" content=\"https:\/\/www.catureba.com.br\/baciadojacuipe\/wp-content\/uploads\/2009\/10\/arteeducacao.jpg\" \/>\n\t<meta property=\"og:image:width\" content=\"379\" \/>\n\t<meta property=\"og:image:height\" content=\"283\" \/>\n\t<meta property=\"og:image:type\" content=\"image\/jpeg\" \/>\n<meta name=\"author\" content=\"Ediom\u00e1rio Catureba\" \/>\n<meta name=\"twitter:card\" content=\"summary_large_image\" \/>\n<meta name=\"twitter:label1\" content=\"Escrito por\" \/>\n\t<meta name=\"twitter:data1\" content=\"Ediom\u00e1rio Catureba\" \/>\n\t<meta name=\"twitter:label2\" content=\"Est. tempo de leitura\" \/>\n\t<meta name=\"twitter:data2\" content=\"2 minutos\" \/>\n<script type=\"application\/ld+json\" class=\"yoast-schema-graph\">{\"@context\":\"https:\\\/\\\/schema.org\",\"@graph\":[{\"@type\":\"Article\",\"@id\":\"https:\\\/\\\/www.catureba.com.br\\\/baciadojacuipe\\\/2009\\\/10\\\/17\\\/projeto-arte-pela-educacao-e-lancado-na-bacia-do-jacuipe-para-integrar-cultura-e-ensino-nas-escolas\\\/#article\",\"isPartOf\":{\"@id\":\"https:\\\/\\\/www.catureba.com.br\\\/baciadojacuipe\\\/2009\\\/10\\\/17\\\/projeto-arte-pela-educacao-e-lancado-na-bacia-do-jacuipe-para-integrar-cultura-e-ensino-nas-escolas\\\/\"},\"author\":{\"name\":\"Ediom\u00e1rio Catureba\",\"@id\":\"https:\\\/\\\/www.catureba.com.br\\\/baciadojacuipe\\\/#\\\/schema\\\/person\\\/ffc8c3b98b65cb69355d29afa2355ba3\"},\"headline\":\"Projeto &#8220;Arte Pela Educa\u00e7\u00e3o&#8221; \u00e9 lan\u00e7ado na Bacia do Jacu\u00edpe para integrar cultura e ensino nas escolas\",\"datePublished\":\"2009-10-17T10:08:49+00:00\",\"dateModified\":\"2025-09-16T10:10:19+00:00\",\"mainEntityOfPage\":{\"@id\":\"https:\\\/\\\/www.catureba.com.br\\\/baciadojacuipe\\\/2009\\\/10\\\/17\\\/projeto-arte-pela-educacao-e-lancado-na-bacia-do-jacuipe-para-integrar-cultura-e-ensino-nas-escolas\\\/\"},\"wordCount\":375,\"publisher\":{\"@id\":\"https:\\\/\\\/www.catureba.com.br\\\/baciadojacuipe\\\/#organization\"},\"image\":{\"@id\":\"https:\\\/\\\/www.catureba.com.br\\\/baciadojacuipe\\\/2009\\\/10\\\/17\\\/projeto-arte-pela-educacao-e-lancado-na-bacia-do-jacuipe-para-integrar-cultura-e-ensino-nas-escolas\\\/#primaryimage\"},\"thumbnailUrl\":\"https:\\\/\\\/www.catureba.com.br\\\/baciadojacuipe\\\/wp-content\\\/uploads\\\/2009\\\/10\\\/arteeducacao.jpg\",\"articleSection\":[\"Pintadas\"],\"inLanguage\":\"pt-BR\"},{\"@type\":\"WebPage\",\"@id\":\"https:\\\/\\\/www.catureba.com.br\\\/baciadojacuipe\\\/2009\\\/10\\\/17\\\/projeto-arte-pela-educacao-e-lancado-na-bacia-do-jacuipe-para-integrar-cultura-e-ensino-nas-escolas\\\/\",\"url\":\"https:\\\/\\\/www.catureba.com.br\\\/baciadojacuipe\\\/2009\\\/10\\\/17\\\/projeto-arte-pela-educacao-e-lancado-na-bacia-do-jacuipe-para-integrar-cultura-e-ensino-nas-escolas\\\/\",\"name\":\"Projeto \\\"Arte Pela Educa\u00e7\u00e3o\\\" \u00e9 lan\u00e7ado na Bacia do Jacu\u00edpe para integrar cultura e ensino nas escolas - Bacia do Jacu\u00edpe\",\"isPartOf\":{\"@id\":\"https:\\\/\\\/www.catureba.com.br\\\/baciadojacuipe\\\/#website\"},\"primaryImageOfPage\":{\"@id\":\"https:\\\/\\\/www.catureba.com.br\\\/baciadojacuipe\\\/2009\\\/10\\\/17\\\/projeto-arte-pela-educacao-e-lancado-na-bacia-do-jacuipe-para-integrar-cultura-e-ensino-nas-escolas\\\/#primaryimage\"},\"image\":{\"@id\":\"https:\\\/\\\/www.catureba.com.br\\\/baciadojacuipe\\\/2009\\\/10\\\/17\\\/projeto-arte-pela-educacao-e-lancado-na-bacia-do-jacuipe-para-integrar-cultura-e-ensino-nas-escolas\\\/#primaryimage\"},\"thumbnailUrl\":\"https:\\\/\\\/www.catureba.com.br\\\/baciadojacuipe\\\/wp-content\\\/uploads\\\/2009\\\/10\\\/arteeducacao.jpg\",\"datePublished\":\"2009-10-17T10:08:49+00:00\",\"dateModified\":\"2025-09-16T10:10:19+00:00\",\"breadcrumb\":{\"@id\":\"https:\\\/\\\/www.catureba.com.br\\\/baciadojacuipe\\\/2009\\\/10\\\/17\\\/projeto-arte-pela-educacao-e-lancado-na-bacia-do-jacuipe-para-integrar-cultura-e-ensino-nas-escolas\\\/#breadcrumb\"},\"inLanguage\":\"pt-BR\",\"potentialAction\":[{\"@type\":\"ReadAction\",\"target\":[\"https:\\\/\\\/www.catureba.com.br\\\/baciadojacuipe\\\/2009\\\/10\\\/17\\\/projeto-arte-pela-educacao-e-lancado-na-bacia-do-jacuipe-para-integrar-cultura-e-ensino-nas-escolas\\\/\"]}]},{\"@type\":\"ImageObject\",\"inLanguage\":\"pt-BR\",\"@id\":\"https:\\\/\\\/www.catureba.com.br\\\/baciadojacuipe\\\/2009\\\/10\\\/17\\\/projeto-arte-pela-educacao-e-lancado-na-bacia-do-jacuipe-para-integrar-cultura-e-ensino-nas-escolas\\\/#primaryimage\",\"url\":\"https:\\\/\\\/www.catureba.com.br\\\/baciadojacuipe\\\/wp-content\\\/uploads\\\/2009\\\/10\\\/arteeducacao.jpg\",\"contentUrl\":\"https:\\\/\\\/www.catureba.com.br\\\/baciadojacuipe\\\/wp-content\\\/uploads\\\/2009\\\/10\\\/arteeducacao.jpg\",\"width\":379,\"height\":283},{\"@type\":\"BreadcrumbList\",\"@id\":\"https:\\\/\\\/www.catureba.com.br\\\/baciadojacuipe\\\/2009\\\/10\\\/17\\\/projeto-arte-pela-educacao-e-lancado-na-bacia-do-jacuipe-para-integrar-cultura-e-ensino-nas-escolas\\\/#breadcrumb\",\"itemListElement\":[{\"@type\":\"ListItem\",\"position\":1,\"name\":\"In\u00edcio\",\"item\":\"https:\\\/\\\/www.catureba.com.br\\\/baciadojacuipe\\\/\"},{\"@type\":\"ListItem\",\"position\":2,\"name\":\"Projeto &#8220;Arte Pela Educa\u00e7\u00e3o&#8221; \u00e9 lan\u00e7ado na Bacia do Jacu\u00edpe para integrar cultura e ensino nas escolas\"}]},{\"@type\":\"WebSite\",\"@id\":\"https:\\\/\\\/www.catureba.com.br\\\/baciadojacuipe\\\/#website\",\"url\":\"https:\\\/\\\/www.catureba.com.br\\\/baciadojacuipe\\\/\",\"name\":\"Bacia do Jacu\u00edpe\",\"description\":\"15 Munic\u00edpios em um s\u00f3 Lugar\",\"publisher\":{\"@id\":\"https:\\\/\\\/www.catureba.com.br\\\/baciadojacuipe\\\/#organization\"},\"potentialAction\":[{\"@type\":\"SearchAction\",\"target\":{\"@type\":\"EntryPoint\",\"urlTemplate\":\"https:\\\/\\\/www.catureba.com.br\\\/baciadojacuipe\\\/?s={search_term_string}\"},\"query-input\":{\"@type\":\"PropertyValueSpecification\",\"valueRequired\":true,\"valueName\":\"search_term_string\"}}],\"inLanguage\":\"pt-BR\"},{\"@type\":\"Organization\",\"@id\":\"https:\\\/\\\/www.catureba.com.br\\\/baciadojacuipe\\\/#organization\",\"name\":\"Bacia do Jacu\u00edpe\",\"url\":\"https:\\\/\\\/www.catureba.com.br\\\/baciadojacuipe\\\/\",\"logo\":{\"@type\":\"ImageObject\",\"inLanguage\":\"pt-BR\",\"@id\":\"https:\\\/\\\/www.catureba.com.br\\\/baciadojacuipe\\\/#\\\/schema\\\/logo\\\/image\\\/\",\"url\":\"https:\\\/\\\/www.catureba.com.br\\\/baciadojacuipe\\\/wp-content\\\/uploads\\\/2025\\\/08\\\/cropped-logo.png\",\"contentUrl\":\"https:\\\/\\\/www.catureba.com.br\\\/baciadojacuipe\\\/wp-content\\\/uploads\\\/2025\\\/08\\\/cropped-logo.png\",\"width\":149,\"height\":150,\"caption\":\"Bacia do Jacu\u00edpe\"},\"image\":{\"@id\":\"https:\\\/\\\/www.catureba.com.br\\\/baciadojacuipe\\\/#\\\/schema\\\/logo\\\/image\\\/\"}},{\"@type\":\"Person\",\"@id\":\"https:\\\/\\\/www.catureba.com.br\\\/baciadojacuipe\\\/#\\\/schema\\\/person\\\/ffc8c3b98b65cb69355d29afa2355ba3\",\"name\":\"Ediom\u00e1rio Catureba\",\"image\":{\"@type\":\"ImageObject\",\"inLanguage\":\"pt-BR\",\"@id\":\"https:\\\/\\\/secure.gravatar.com\\\/avatar\\\/63c567ef6e64a56df9e100701cb374d725dbb66b635cd56b3f13f88e28ba235e?s=96&d=mm&r=g\",\"url\":\"https:\\\/\\\/secure.gravatar.com\\\/avatar\\\/63c567ef6e64a56df9e100701cb374d725dbb66b635cd56b3f13f88e28ba235e?s=96&d=mm&r=g\",\"contentUrl\":\"https:\\\/\\\/secure.gravatar.com\\\/avatar\\\/63c567ef6e64a56df9e100701cb374d725dbb66b635cd56b3f13f88e28ba235e?s=96&d=mm&r=g\",\"caption\":\"Ediom\u00e1rio Catureba\"},\"description\":\"Ediom\u00e1rio Catureba, nascido em 1976 em Baixa Grande, Bahia, \u00e9 jornalista e redator. Al\u00e9m de sua atua\u00e7\u00e3o no jornalismo, Ediom\u00e1rio \u00e9 conhecido por sua participa\u00e7\u00e3o em eventos culturais e sociais na regi\u00e3o. Ediom\u00e1rio tamb\u00e9m \u00e9 respons\u00e1vel pelo site Catureba.com.br, onde publica not\u00edcias e informa\u00e7\u00f5es sobre eventos locais, pol\u00edtica e cultura, contribuindo para a dissemina\u00e7\u00e3o de informa\u00e7\u00f5es na comunidade de Baixa Grande e arredores.\",\"sameAs\":[\"https:\\\/\\\/www.catureba.com.br\\\/baciadojacuipe\"],\"url\":\"https:\\\/\\\/www.catureba.com.br\\\/baciadojacuipe\\\/author\\\/edyomario\\\/\"}]}<\/script>\n<!-- \/ Yoast SEO plugin. -->","yoast_head_json":{"title":"Projeto \"Arte Pela Educa\u00e7\u00e3o\" \u00e9 lan\u00e7ado na Bacia do Jacu\u00edpe para integrar cultura e ensino nas escolas - Bacia do Jacu\u00edpe","robots":{"index":"index","follow":"follow","max-snippet":"max-snippet:-1","max-image-preview":"max-image-preview:large","max-video-preview":"max-video-preview:-1"},"canonical":"https:\/\/www.catureba.com.br\/baciadojacuipe\/2009\/10\/17\/projeto-arte-pela-educacao-e-lancado-na-bacia-do-jacuipe-para-integrar-cultura-e-ensino-nas-escolas\/","og_locale":"pt_BR","og_type":"article","og_title":"Projeto \"Arte Pela Educa\u00e7\u00e3o\" \u00e9 lan\u00e7ado na Bacia do Jacu\u00edpe para integrar cultura e ensino nas escolas - Bacia do Jacu\u00edpe","og_description":"Com o objetivo de fortalecer o papel da arte e da cultura como ferramentas pedag\u00f3gicas","og_url":"https:\/\/www.catureba.com.br\/baciadojacuipe\/2009\/10\/17\/projeto-arte-pela-educacao-e-lancado-na-bacia-do-jacuipe-para-integrar-cultura-e-ensino-nas-escolas\/","og_site_name":"Bacia do Jacu\u00edpe","article_published_time":"2009-10-17T10:08:49+00:00","article_modified_time":"2025-09-16T10:10:19+00:00","og_image":[{"width":379,"height":283,"url":"https:\/\/www.catureba.com.br\/baciadojacuipe\/wp-content\/uploads\/2009\/10\/arteeducacao.jpg","type":"image\/jpeg"}],"author":"Ediom\u00e1rio Catureba","twitter_card":"summary_large_image","twitter_misc":{"Escrito por":"Ediom\u00e1rio Catureba","Est. tempo de leitura":"2 minutos"},"schema":{"@context":"https:\/\/schema.org","@graph":[{"@type":"Article","@id":"https:\/\/www.catureba.com.br\/baciadojacuipe\/2009\/10\/17\/projeto-arte-pela-educacao-e-lancado-na-bacia-do-jacuipe-para-integrar-cultura-e-ensino-nas-escolas\/#article","isPartOf":{"@id":"https:\/\/www.catureba.com.br\/baciadojacuipe\/2009\/10\/17\/projeto-arte-pela-educacao-e-lancado-na-bacia-do-jacuipe-para-integrar-cultura-e-ensino-nas-escolas\/"},"author":{"name":"Ediom\u00e1rio Catureba","@id":"https:\/\/www.catureba.com.br\/baciadojacuipe\/#\/schema\/person\/ffc8c3b98b65cb69355d29afa2355ba3"},"headline":"Projeto &#8220;Arte Pela Educa\u00e7\u00e3o&#8221; \u00e9 lan\u00e7ado na Bacia do Jacu\u00edpe para integrar cultura e ensino nas escolas","datePublished":"2009-10-17T10:08:49+00:00","dateModified":"2025-09-16T10:10:19+00:00","mainEntityOfPage":{"@id":"https:\/\/www.catureba.com.br\/baciadojacuipe\/2009\/10\/17\/projeto-arte-pela-educacao-e-lancado-na-bacia-do-jacuipe-para-integrar-cultura-e-ensino-nas-escolas\/"},"wordCount":375,"publisher":{"@id":"https:\/\/www.catureba.com.br\/baciadojacuipe\/#organization"},"image":{"@id":"https:\/\/www.catureba.com.br\/baciadojacuipe\/2009\/10\/17\/projeto-arte-pela-educacao-e-lancado-na-bacia-do-jacuipe-para-integrar-cultura-e-ensino-nas-escolas\/#primaryimage"},"thumbnailUrl":"https:\/\/www.catureba.com.br\/baciadojacuipe\/wp-content\/uploads\/2009\/10\/arteeducacao.jpg","articleSection":["Pintadas"],"inLanguage":"pt-BR"},{"@type":"WebPage","@id":"https:\/\/www.catureba.com.br\/baciadojacuipe\/2009\/10\/17\/projeto-arte-pela-educacao-e-lancado-na-bacia-do-jacuipe-para-integrar-cultura-e-ensino-nas-escolas\/","url":"https:\/\/www.catureba.com.br\/baciadojacuipe\/2009\/10\/17\/projeto-arte-pela-educacao-e-lancado-na-bacia-do-jacuipe-para-integrar-cultura-e-ensino-nas-escolas\/","name":"Projeto \"Arte Pela Educa\u00e7\u00e3o\" \u00e9 lan\u00e7ado na Bacia do Jacu\u00edpe para integrar cultura e ensino nas escolas - Bacia do Jacu\u00edpe","isPartOf":{"@id":"https:\/\/www.catureba.com.br\/baciadojacuipe\/#website"},"primaryImageOfPage":{"@id":"https:\/\/www.catureba.com.br\/baciadojacuipe\/2009\/10\/17\/projeto-arte-pela-educacao-e-lancado-na-bacia-do-jacuipe-para-integrar-cultura-e-ensino-nas-escolas\/#primaryimage"},"image":{"@id":"https:\/\/www.catureba.com.br\/baciadojacuipe\/2009\/10\/17\/projeto-arte-pela-educacao-e-lancado-na-bacia-do-jacuipe-para-integrar-cultura-e-ensino-nas-escolas\/#primaryimage"},"thumbnailUrl":"https:\/\/www.catureba.com.br\/baciadojacuipe\/wp-content\/uploads\/2009\/10\/arteeducacao.jpg","datePublished":"2009-10-17T10:08:49+00:00","dateModified":"2025-09-16T10:10:19+00:00","breadcrumb":{"@id":"https:\/\/www.catureba.com.br\/baciadojacuipe\/2009\/10\/17\/projeto-arte-pela-educacao-e-lancado-na-bacia-do-jacuipe-para-integrar-cultura-e-ensino-nas-escolas\/#breadcrumb"},"inLanguage":"pt-BR","potentialAction":[{"@type":"ReadAction","target":["https:\/\/www.catureba.com.br\/baciadojacuipe\/2009\/10\/17\/projeto-arte-pela-educacao-e-lancado-na-bacia-do-jacuipe-para-integrar-cultura-e-ensino-nas-escolas\/"]}]},{"@type":"ImageObject","inLanguage":"pt-BR","@id":"https:\/\/www.catureba.com.br\/baciadojacuipe\/2009\/10\/17\/projeto-arte-pela-educacao-e-lancado-na-bacia-do-jacuipe-para-integrar-cultura-e-ensino-nas-escolas\/#primaryimage","url":"https:\/\/www.catureba.com.br\/baciadojacuipe\/wp-content\/uploads\/2009\/10\/arteeducacao.jpg","contentUrl":"https:\/\/www.catureba.com.br\/baciadojacuipe\/wp-content\/uploads\/2009\/10\/arteeducacao.jpg","width":379,"height":283},{"@type":"BreadcrumbList","@id":"https:\/\/www.catureba.com.br\/baciadojacuipe\/2009\/10\/17\/projeto-arte-pela-educacao-e-lancado-na-bacia-do-jacuipe-para-integrar-cultura-e-ensino-nas-escolas\/#breadcrumb","itemListElement":[{"@type":"ListItem","position":1,"name":"In\u00edcio","item":"https:\/\/www.catureba.com.br\/baciadojacuipe\/"},{"@type":"ListItem","position":2,"name":"Projeto &#8220;Arte Pela Educa\u00e7\u00e3o&#8221; \u00e9 lan\u00e7ado na Bacia do Jacu\u00edpe para integrar cultura e ensino nas escolas"}]},{"@type":"WebSite","@id":"https:\/\/www.catureba.com.br\/baciadojacuipe\/#website","url":"https:\/\/www.catureba.com.br\/baciadojacuipe\/","name":"Bacia do Jacu\u00edpe","description":"15 Munic\u00edpios em um s\u00f3 Lugar","publisher":{"@id":"https:\/\/www.catureba.com.br\/baciadojacuipe\/#organization"},"potentialAction":[{"@type":"SearchAction","target":{"@type":"EntryPoint","urlTemplate":"https:\/\/www.catureba.com.br\/baciadojacuipe\/?s={search_term_string}"},"query-input":{"@type":"PropertyValueSpecification","valueRequired":true,"valueName":"search_term_string"}}],"inLanguage":"pt-BR"},{"@type":"Organization","@id":"https:\/\/www.catureba.com.br\/baciadojacuipe\/#organization","name":"Bacia do Jacu\u00edpe","url":"https:\/\/www.catureba.com.br\/baciadojacuipe\/","logo":{"@type":"ImageObject","inLanguage":"pt-BR","@id":"https:\/\/www.catureba.com.br\/baciadojacuipe\/#\/schema\/logo\/image\/","url":"https:\/\/www.catureba.com.br\/baciadojacuipe\/wp-content\/uploads\/2025\/08\/cropped-logo.png","contentUrl":"https:\/\/www.catureba.com.br\/baciadojacuipe\/wp-content\/uploads\/2025\/08\/cropped-logo.png","width":149,"height":150,"caption":"Bacia do Jacu\u00edpe"},"image":{"@id":"https:\/\/www.catureba.com.br\/baciadojacuipe\/#\/schema\/logo\/image\/"}},{"@type":"Person","@id":"https:\/\/www.catureba.com.br\/baciadojacuipe\/#\/schema\/person\/ffc8c3b98b65cb69355d29afa2355ba3","name":"Ediom\u00e1rio Catureba","image":{"@type":"ImageObject","inLanguage":"pt-BR","@id":"https:\/\/secure.gravatar.com\/avatar\/63c567ef6e64a56df9e100701cb374d725dbb66b635cd56b3f13f88e28ba235e?s=96&d=mm&r=g","url":"https:\/\/secure.gravatar.com\/avatar\/63c567ef6e64a56df9e100701cb374d725dbb66b635cd56b3f13f88e28ba235e?s=96&d=mm&r=g","contentUrl":"https:\/\/secure.gravatar.com\/avatar\/63c567ef6e64a56df9e100701cb374d725dbb66b635cd56b3f13f88e28ba235e?s=96&d=mm&r=g","caption":"Ediom\u00e1rio Catureba"},"description":"Ediom\u00e1rio Catureba, nascido em 1976 em Baixa Grande, Bahia, \u00e9 jornalista e redator. Al\u00e9m de sua atua\u00e7\u00e3o no jornalismo, Ediom\u00e1rio \u00e9 conhecido por sua participa\u00e7\u00e3o em eventos culturais e sociais na regi\u00e3o. Ediom\u00e1rio tamb\u00e9m \u00e9 respons\u00e1vel pelo site Catureba.com.br, onde publica not\u00edcias e informa\u00e7\u00f5es sobre eventos locais, pol\u00edtica e cultura, contribuindo para a dissemina\u00e7\u00e3o de informa\u00e7\u00f5es na comunidade de Baixa Grande e arredores.","sameAs":["https:\/\/www.catureba.com.br\/baciadojacuipe"],"url":"https:\/\/www.catureba.com.br\/baciadojacuipe\/author\/edyomario\/"}]}},"uagb_featured_image_src":{"full":["https:\/\/www.catureba.com.br\/baciadojacuipe\/wp-content\/uploads\/2009\/10\/arteeducacao.jpg",379,283,false],"thumbnail":["https:\/\/www.catureba.com.br\/baciadojacuipe\/wp-content\/uploads\/2009\/10\/arteeducacao-150x150.jpg",150,150,true],"medium":["https:\/\/www.catureba.com.br\/baciadojacuipe\/wp-content\/uploads\/2009\/10\/arteeducacao-300x224.jpg",300,224,true],"medium_large":["https:\/\/www.catureba.com.br\/baciadojacuipe\/wp-content\/uploads\/2009\/10\/arteeducacao.jpg",379,283,false],"large":["https:\/\/www.catureba.com.br\/baciadojacuipe\/wp-content\/uploads\/2009\/10\/arteeducacao.jpg",379,283,false],"1536x1536":["https:\/\/www.catureba.com.br\/baciadojacuipe\/wp-content\/uploads\/2009\/10\/arteeducacao.jpg",379,283,false],"2048x2048":["https:\/\/www.catureba.com.br\/baciadojacuipe\/wp-content\/uploads\/2009\/10\/arteeducacao.jpg",379,283,false],"cream-magazine-thumbnail-2":["https:\/\/www.catureba.com.br\/baciadojacuipe\/wp-content\/uploads\/2009\/10\/arteeducacao.jpg",379,283,false],"cream-magazine-thumbnail-3":["https:\/\/www.catureba.com.br\/baciadojacuipe\/wp-content\/uploads\/2009\/10\/arteeducacao.jpg",379,283,false],"cream-magazine-thumbnail-4":["https:\/\/www.catureba.com.br\/baciadojacuipe\/wp-content\/uploads\/2009\/10\/arteeducacao.jpg",379,283,false]},"uagb_author_info":{"display_name":"Ediom\u00e1rio Catureba","author_link":"https:\/\/www.catureba.com.br\/baciadojacuipe\/author\/edyomario\/"},"uagb_comment_info":0,"uagb_excerpt":"Com o objetivo de fortalecer o papel da arte e da cultura como ferramentas pedag\u00f3gicas","_links":{"self":[{"href":"https:\/\/www.catureba.com.br\/baciadojacuipe\/wp-json\/wp\/v2\/posts\/449","targetHints":{"allow":["GET"]}}],"collection":[{"href":"https:\/\/www.catureba.com.br\/baciadojacuipe\/wp-json\/wp\/v2\/posts"}],"about":[{"href":"https:\/\/www.catureba.com.br\/baciadojacuipe\/wp-json\/wp\/v2\/types\/post"}],"author":[{"embeddable":true,"href":"https:\/\/www.catureba.com.br\/baciadojacuipe\/wp-json\/wp\/v2\/users\/1"}],"replies":[{"embeddable":true,"href":"https:\/\/www.catureba.com.br\/baciadojacuipe\/wp-json\/wp\/v2\/comments?post=449"}],"version-history":[{"count":1,"href":"https:\/\/www.catureba.com.br\/baciadojacuipe\/wp-json\/wp\/v2\/posts\/449\/revisions"}],"predecessor-version":[{"id":450,"href":"https:\/\/www.catureba.com.br\/baciadojacuipe\/wp-json\/wp\/v2\/posts\/449\/revisions\/450"}],"wp:featuredmedia":[{"embeddable":true,"href":"https:\/\/www.catureba.com.br\/baciadojacuipe\/wp-json\/wp\/v2\/media\/451"}],"wp:attachment":[{"href":"https:\/\/www.catureba.com.br\/baciadojacuipe\/wp-json\/wp\/v2\/media?parent=449"}],"wp:term":[{"taxonomy":"category","embeddable":true,"href":"https:\/\/www.catureba.com.br\/baciadojacuipe\/wp-json\/wp\/v2\/categories?post=449"},{"taxonomy":"post_tag","embeddable":true,"href":"https:\/\/www.catureba.com.br\/baciadojacuipe\/wp-json\/wp\/v2\/tags?post=449"}],"curies":[{"name":"wp","href":"https:\/\/api.w.org\/{rel}","templated":true}]}}