{"id":433,"date":"2009-10-17T18:19:11","date_gmt":"2009-10-17T21:19:11","guid":{"rendered":"https:\/\/www.catureba.com.br\/baciadojacuipe\/?p=433"},"modified":"2025-09-13T18:21:12","modified_gmt":"2025-09-13T21:21:12","slug":"representantes-do-territorio-da-bacia-do-jacuipe-realizam-assembleia-em-baixa-grande-para-aprovacao-do-ptdrs","status":"publish","type":"post","link":"https:\/\/www.catureba.com.br\/baciadojacuipe\/2009\/10\/17\/representantes-do-territorio-da-bacia-do-jacuipe-realizam-assembleia-em-baixa-grande-para-aprovacao-do-ptdrs\/","title":{"rendered":"Representantes do Territ\u00f3rio da Bacia do Jacu\u00edpe Realizam Assembleia em Baixa Grande para Aprova\u00e7\u00e3o do PTDRS"},"content":{"rendered":"<p style=\"text-align: justify;\">Nos dias <strong data-start=\"378\" data-end=\"400\">15 e 16 de outubro<\/strong>, foi realizada em <strong data-start=\"419\" data-end=\"435\">Baixa Grande<\/strong>, no <strong data-start=\"440\" data-end=\"482\">Centro de Treinamento de L\u00edderes (CTL)<\/strong>, uma <strong data-start=\"488\" data-end=\"514\">Assembleia Territorial<\/strong> com a presen\u00e7a de representantes do <strong data-start=\"551\" data-end=\"608\">Conselho de Desenvolvimento Rural Sustent\u00e1vel (CODES)<\/strong> da <strong data-start=\"612\" data-end=\"632\">Bacia do Jacu\u00edpe<\/strong>.<\/p>\n<p style=\"text-align: justify;\" data-start=\"635\" data-end=\"897\">Participaram do encontro representantes dos munic\u00edpios de:<br data-start=\"693\" data-end=\"696\" \/><strong data-start=\"696\" data-end=\"875\">Baixa Grande, Capela do Alto Alegre, Gavi\u00e3o, Ipir\u00e1, Mairi, Nova F\u00e1tima, P\u00e9 de Serra, Pintadas, Quixabeira, Riach\u00e3o do Jacu\u00edpe, S\u00e3o Jos\u00e9 do Jacu\u00edpe, Serra Preta, V\u00e1rzea da Ro\u00e7a<\/strong> e <strong data-start=\"878\" data-end=\"896\">V\u00e1rzea do Po\u00e7o<\/strong>.<\/p>\n<p style=\"text-align: justify;\" data-start=\"899\" data-end=\"1174\">Os debates contaram com a atua\u00e7\u00e3o dos <strong data-start=\"937\" data-end=\"965\">Grupos de Trabalho (GTs)<\/strong> de <strong data-start=\"969\" data-end=\"1053\">Cultura, Educa\u00e7\u00e3o, Mulher, Sa\u00fade, Agricultura, Meio Ambiente, Assist\u00eancia Social<\/strong> e <strong data-start=\"1056\" data-end=\"1067\">Esporte<\/strong>, com o objetivo principal de <strong data-start=\"1097\" data-end=\"1173\">aprovar o PTDRS \u2013 Plano Territorial de Desenvolvimento Rural Sustent\u00e1vel<\/strong>.<\/p>\n<h3 style=\"text-align: justify;\" data-start=\"1176\" data-end=\"1201\">Autoridades Presentes<\/h3>\n<p style=\"text-align: justify;\" data-start=\"1203\" data-end=\"1286\">A assembleia contou com a presen\u00e7a de diversos <strong data-start=\"1250\" data-end=\"1276\">secret\u00e1rios municipais<\/strong>, al\u00e9m de:<\/p>\n<ul style=\"text-align: justify;\">\n<li data-start=\"1290\" data-end=\"1364\"><strong data-start=\"1290\" data-end=\"1307\">Bruno Pereira<\/strong>, representante do prefeito de Baixa Grande, Gilvan Rios;<\/li>\n<li data-start=\"1367\" data-end=\"1405\"><strong data-start=\"1367\" data-end=\"1382\">Valcyr Rios<\/strong>, prefeito de Pintadas;<\/li>\n<li data-start=\"1408\" data-end=\"1455\"><strong data-start=\"1408\" data-end=\"1419\"> Ney<\/strong>, prefeito de Capela do Alto Alegre.<\/li>\n<\/ul>\n<h3 style=\"text-align: justify;\" data-start=\"1457\" data-end=\"1495\">Abertura e Fala dos Representantes<\/h3>\n<ul style=\"text-align: justify;\">\n<li data-start=\"1499\" data-end=\"1677\"><strong data-start=\"1499\" data-end=\"1516\">Bruno Pereira<\/strong> destacou a import\u00e2ncia da <strong data-start=\"1543\" data-end=\"1567\">pol\u00edtica territorial<\/strong> e refor\u00e7ou o compromisso do prefeito <strong data-start=\"1605\" data-end=\"1620\">Gilvan Rios<\/strong> com o desenvolvimento do territ\u00f3rio da Bacia do Jacu\u00edpe.<\/li>\n<li data-start=\"1681\" data-end=\"1764\"><strong data-start=\"1681\" data-end=\"1694\">Teodomiro<\/strong> deu as boas-vindas aos participantes e desejou um encontro produtivo.<\/li>\n<li data-start=\"1768\" data-end=\"2109\"><strong data-start=\"1768\" data-end=\"1779\"> Ney<\/strong> fez uma cobran\u00e7a quanto \u00e0 <strong data-start=\"1806\" data-end=\"1842\">maior participa\u00e7\u00e3o dos prefeitos<\/strong> do territ\u00f3rio, enfatizando que a presen\u00e7a institucional \u00e9 essencial para o fortalecimento das pol\u00edticas p\u00fablicas. Ele tamb\u00e9m refor\u00e7ou a busca do territ\u00f3rio pelo reconhecimento como <strong data-start=\"2024\" data-end=\"2051\">Territ\u00f3rio da Cidadania<\/strong> e elogiou o papel dos GTs na eleva\u00e7\u00e3o do n\u00edvel do debate.<\/li>\n<li data-start=\"2113\" data-end=\"2244\"><strong data-start=\"2113\" data-end=\"2123\">Julita<\/strong> ressaltou a import\u00e2ncia da <strong data-start=\"2151\" data-end=\"2192\">representatividade da sociedade civil<\/strong> no processo de constru\u00e7\u00e3o do projeto do territ\u00f3rio.<\/li>\n<li data-start=\"2248\" data-end=\"2370\"><strong data-start=\"2248\" data-end=\"2263\">Valcyr Rios<\/strong> afirmou que a <strong data-start=\"2278\" data-end=\"2307\">oficina seria estrat\u00e9gica<\/strong> para a constru\u00e7\u00e3o da pol\u00edtica territorial integrada e efetiva.<\/li>\n<\/ul>\n<h3 style=\"text-align: justify;\" data-start=\"2372\" data-end=\"2396\">Din\u00e2mica de Trabalho<\/h3>\n<p style=\"text-align: justify;\" data-start=\"2398\" data-end=\"2798\">Durante o encontro, o <strong data-start=\"2420\" data-end=\"2456\">articulador territorial do CODES<\/strong>, <strong data-start=\"2458\" data-end=\"2468\">Mateus<\/strong>, apresentou a din\u00e2mica das atividades previstas para os dois dias de assembleia. Ap\u00f3s a apresenta\u00e7\u00e3o do <strong data-start=\"2573\" data-end=\"2602\">PTDRS da Bacia do Jacu\u00edpe<\/strong>, os participantes foram divididos em grupos de trabalho para <strong data-start=\"2664\" data-end=\"2703\">discuss\u00e3o e elabora\u00e7\u00e3o de propostas<\/strong>, com foco no fortalecimento das pol\u00edticas p\u00fablicas e no desenvolvimento sustent\u00e1vel da regi\u00e3o.<\/p>\n<p style=\"text-align: justify;\" data-start=\"2805\" data-end=\"3069\">Este encontro refor\u00e7a a import\u00e2ncia da <strong data-start=\"2844\" data-end=\"2868\">gest\u00e3o participativa<\/strong>, do <strong data-start=\"2873\" data-end=\"2900\">trabalho intermunicipal<\/strong> e da <strong data-start=\"2906\" data-end=\"2944\">constru\u00e7\u00e3o coletiva de estrat\u00e9gias<\/strong> que garantam um desenvolvimento rural sustent\u00e1vel, inclusivo e alinhado \u00e0s demandas reais do territ\u00f3rio da Bacia do Jacu\u00edpe.<\/p>\n<p style=\"text-align: right;\">\u00a0 <a href=\"http:\/\/www.baciadojacuipe.com.br\">www.baciadojacuipe.com.br<\/a><br \/>\nPor: Ediom\u00e1rio Catureba<\/p>\n<p><img loading=\"lazy\" decoding=\"async\" class=\"aligncenter size-full wp-image-437\" src=\"https:\/\/www.catureba.com.br\/baciadojacuipe\/wp-content\/uploads\/2009\/10\/foto2.jpg\" alt=\"\" width=\"379\" height=\"283\" srcset=\"https:\/\/www.catureba.com.br\/baciadojacuipe\/wp-content\/uploads\/2009\/10\/foto2.jpg 379w, https:\/\/www.catureba.com.br\/baciadojacuipe\/wp-content\/uploads\/2009\/10\/foto2-300x224.jpg 300w\" sizes=\"auto, (max-width: 379px) 100vw, 379px\" \/> <img loading=\"lazy\" decoding=\"async\" class=\"aligncenter size-full wp-image-438\" src=\"https:\/\/www.catureba.com.br\/baciadojacuipe\/wp-content\/uploads\/2009\/10\/foto3-1.jpg\" alt=\"\" width=\"379\" height=\"283\" srcset=\"https:\/\/www.catureba.com.br\/baciadojacuipe\/wp-content\/uploads\/2009\/10\/foto3-1.jpg 379w, https:\/\/www.catureba.com.br\/baciadojacuipe\/wp-content\/uploads\/2009\/10\/foto3-1-300x224.jpg 300w\" sizes=\"auto, (max-width: 379px) 100vw, 379px\" \/> <img loading=\"lazy\" decoding=\"async\" class=\"aligncenter size-full wp-image-439\" src=\"https:\/\/www.catureba.com.br\/baciadojacuipe\/wp-content\/uploads\/2009\/10\/foto4-1.jpg\" alt=\"\" width=\"379\" height=\"283\" srcset=\"https:\/\/www.catureba.com.br\/baciadojacuipe\/wp-content\/uploads\/2009\/10\/foto4-1.jpg 379w, https:\/\/www.catureba.com.br\/baciadojacuipe\/wp-content\/uploads\/2009\/10\/foto4-1-300x224.jpg 300w\" sizes=\"auto, (max-width: 379px) 100vw, 379px\" \/> <img loading=\"lazy\" decoding=\"async\" class=\"aligncenter size-full wp-image-440\" src=\"https:\/\/www.catureba.com.br\/baciadojacuipe\/wp-content\/uploads\/2009\/10\/foto5-1.jpg\" alt=\"\" width=\"379\" height=\"283\" srcset=\"https:\/\/www.catureba.com.br\/baciadojacuipe\/wp-content\/uploads\/2009\/10\/foto5-1.jpg 379w, https:\/\/www.catureba.com.br\/baciadojacuipe\/wp-content\/uploads\/2009\/10\/foto5-1-300x224.jpg 300w\" sizes=\"auto, (max-width: 379px) 100vw, 379px\" \/> <img loading=\"lazy\" decoding=\"async\" class=\"aligncenter size-full wp-image-441\" src=\"https:\/\/www.catureba.com.br\/baciadojacuipe\/wp-content\/uploads\/2009\/10\/foto6-1.jpg\" alt=\"\" width=\"379\" height=\"283\" srcset=\"https:\/\/www.catureba.com.br\/baciadojacuipe\/wp-content\/uploads\/2009\/10\/foto6-1.jpg 379w, https:\/\/www.catureba.com.br\/baciadojacuipe\/wp-content\/uploads\/2009\/10\/foto6-1-300x224.jpg 300w\" sizes=\"auto, (max-width: 379px) 100vw, 379px\" \/> <img loading=\"lazy\" decoding=\"async\" class=\"aligncenter size-full wp-image-442\" src=\"https:\/\/www.catureba.com.br\/baciadojacuipe\/wp-content\/uploads\/2009\/10\/foto8-1.jpg\" alt=\"\" width=\"379\" height=\"283\" srcset=\"https:\/\/www.catureba.com.br\/baciadojacuipe\/wp-content\/uploads\/2009\/10\/foto8-1.jpg 379w, https:\/\/www.catureba.com.br\/baciadojacuipe\/wp-content\/uploads\/2009\/10\/foto8-1-300x224.jpg 300w\" sizes=\"auto, (max-width: 379px) 100vw, 379px\" \/> <img loading=\"lazy\" decoding=\"async\" class=\"aligncenter size-full wp-image-443\" src=\"https:\/\/www.catureba.com.br\/baciadojacuipe\/wp-content\/uploads\/2009\/10\/foto9.jpg\" alt=\"\" width=\"379\" height=\"283\" srcset=\"https:\/\/www.catureba.com.br\/baciadojacuipe\/wp-content\/uploads\/2009\/10\/foto9.jpg 379w, https:\/\/www.catureba.com.br\/baciadojacuipe\/wp-content\/uploads\/2009\/10\/foto9-300x224.jpg 300w\" sizes=\"auto, (max-width: 379px) 100vw, 379px\" \/> <img loading=\"lazy\" decoding=\"async\" class=\"aligncenter size-full wp-image-444\" src=\"https:\/\/www.catureba.com.br\/baciadojacuipe\/wp-content\/uploads\/2009\/10\/foto10.jpg\" alt=\"\" width=\"379\" height=\"283\" srcset=\"https:\/\/www.catureba.com.br\/baciadojacuipe\/wp-content\/uploads\/2009\/10\/foto10.jpg 379w, https:\/\/www.catureba.com.br\/baciadojacuipe\/wp-content\/uploads\/2009\/10\/foto10-300x224.jpg 300w\" sizes=\"auto, (max-width: 379px) 100vw, 379px\" \/> <img loading=\"lazy\" decoding=\"async\" class=\"aligncenter size-full wp-image-445\" src=\"https:\/\/www.catureba.com.br\/baciadojacuipe\/wp-content\/uploads\/2009\/10\/foto11.jpg\" alt=\"\" width=\"379\" height=\"283\" srcset=\"https:\/\/www.catureba.com.br\/baciadojacuipe\/wp-content\/uploads\/2009\/10\/foto11.jpg 379w, https:\/\/www.catureba.com.br\/baciadojacuipe\/wp-content\/uploads\/2009\/10\/foto11-300x224.jpg 300w\" sizes=\"auto, (max-width: 379px) 100vw, 379px\" \/> <img loading=\"lazy\" decoding=\"async\" class=\"aligncenter size-full wp-image-446\" src=\"https:\/\/www.catureba.com.br\/baciadojacuipe\/wp-content\/uploads\/2009\/10\/foto12.jpg\" alt=\"\" width=\"379\" height=\"283\" srcset=\"https:\/\/www.catureba.com.br\/baciadojacuipe\/wp-content\/uploads\/2009\/10\/foto12.jpg 379w, https:\/\/www.catureba.com.br\/baciadojacuipe\/wp-content\/uploads\/2009\/10\/foto12-300x224.jpg 300w\" sizes=\"auto, (max-width: 379px) 100vw, 379px\" \/><\/p>\n<div class=\"pvc_clear\"><\/div>\n<p id=\"pvc_stats_433\" class=\"pvc_stats total_only  \" data-element-id=\"433\" style=\"\"><i class=\"pvc-stats-icon medium\" aria-hidden=\"true\"><svg aria-hidden=\"true\" focusable=\"false\" data-prefix=\"far\" data-icon=\"chart-bar\" role=\"img\" xmlns=\"http:\/\/www.w3.org\/2000\/svg\" viewBox=\"0 0 512 512\" class=\"svg-inline--fa fa-chart-bar fa-w-16 fa-2x\"><path fill=\"currentColor\" d=\"M396.8 352h22.4c6.4 0 12.8-6.4 12.8-12.8V108.8c0-6.4-6.4-12.8-12.8-12.8h-22.4c-6.4 0-12.8 6.4-12.8 12.8v230.4c0 6.4 6.4 12.8 12.8 12.8zm-192 0h22.4c6.4 0 12.8-6.4 12.8-12.8V140.8c0-6.4-6.4-12.8-12.8-12.8h-22.4c-6.4 0-12.8 6.4-12.8 12.8v198.4c0 6.4 6.4 12.8 12.8 12.8zm96 0h22.4c6.4 0 12.8-6.4 12.8-12.8V204.8c0-6.4-6.4-12.8-12.8-12.8h-22.4c-6.4 0-12.8 6.4-12.8 12.8v134.4c0 6.4 6.4 12.8 12.8 12.8zM496 400H48V80c0-8.84-7.16-16-16-16H16C7.16 64 0 71.16 0 80v336c0 17.67 14.33 32 32 32h464c8.84 0 16-7.16 16-16v-16c0-8.84-7.16-16-16-16zm-387.2-48h22.4c6.4 0 12.8-6.4 12.8-12.8v-70.4c0-6.4-6.4-12.8-12.8-12.8h-22.4c-6.4 0-12.8 6.4-12.8 12.8v70.4c0 6.4 6.4 12.8 12.8 12.8z\" class=\"\"><\/path><\/svg><\/i> <img loading=\"lazy\" decoding=\"async\" width=\"16\" height=\"16\" alt=\"Loading\" src=\"https:\/\/www.catureba.com.br\/baciadojacuipe\/wp-content\/plugins\/page-views-count\/ajax-loader-2x.gif\" border=0 \/><\/p>\n<div class=\"pvc_clear\"><\/div>\n","protected":false},"excerpt":{"rendered":"<p>Nos dias 15 e 16 de outubro, foi realizada em Baixa Grande, no Centro de<\/p>\n<div class=\"pvc_clear\"><\/div>\n<p id=\"pvc_stats_433\" class=\"pvc_stats total_only  \" data-element-id=\"433\" style=\"\"><i class=\"pvc-stats-icon medium\" aria-hidden=\"true\"><svg aria-hidden=\"true\" focusable=\"false\" data-prefix=\"far\" data-icon=\"chart-bar\" role=\"img\" xmlns=\"http:\/\/www.w3.org\/2000\/svg\" viewBox=\"0 0 512 512\" class=\"svg-inline--fa fa-chart-bar fa-w-16 fa-2x\"><path fill=\"currentColor\" d=\"M396.8 352h22.4c6.4 0 12.8-6.4 12.8-12.8V108.8c0-6.4-6.4-12.8-12.8-12.8h-22.4c-6.4 0-12.8 6.4-12.8 12.8v230.4c0 6.4 6.4 12.8 12.8 12.8zm-192 0h22.4c6.4 0 12.8-6.4 12.8-12.8V140.8c0-6.4-6.4-12.8-12.8-12.8h-22.4c-6.4 0-12.8 6.4-12.8 12.8v198.4c0 6.4 6.4 12.8 12.8 12.8zm96 0h22.4c6.4 0 12.8-6.4 12.8-12.8V204.8c0-6.4-6.4-12.8-12.8-12.8h-22.4c-6.4 0-12.8 6.4-12.8 12.8v134.4c0 6.4 6.4 12.8 12.8 12.8zM496 400H48V80c0-8.84-7.16-16-16-16H16C7.16 64 0 71.16 0 80v336c0 17.67 14.33 32 32 32h464c8.84 0 16-7.16 16-16v-16c0-8.84-7.16-16-16-16zm-387.2-48h22.4c6.4 0 12.8-6.4 12.8-12.8v-70.4c0-6.4-6.4-12.8-12.8-12.8h-22.4c-6.4 0-12.8 6.4-12.8 12.8v70.4c0 6.4 6.4 12.8 12.8 12.8z\" class=\"\"><\/path><\/svg><\/i> <img loading=\"lazy\" decoding=\"async\" width=\"16\" height=\"16\" alt=\"Loading\" src=\"https:\/\/www.catureba.com.br\/baciadojacuipe\/wp-content\/plugins\/page-views-count\/ajax-loader-2x.gif\" border=0 \/><\/p>\n<div class=\"pvc_clear\"><\/div>\n","protected":false},"author":1,"featured_media":434,"comment_status":"closed","ping_status":"open","sticky":false,"template":"","format":"standard","meta":{"_uag_custom_page_level_css":"","footnotes":""},"categories":[6],"tags":[],"class_list":["post-433","post","type-post","status-publish","format-standard","has-post-thumbnail","hentry","category-baixa-grande"],"a3_pvc":{"activated":true,"total_views":11,"today_views":0},"yoast_head":"<!-- This site is optimized with the Yoast SEO plugin v27.4 - https:\/\/yoast.com\/product\/yoast-seo-wordpress\/ -->\n<title>Representantes do Territ\u00f3rio da Bacia do Jacu\u00edpe Realizam Assembleia em Baixa Grande para Aprova\u00e7\u00e3o do PTDRS - Bacia do Jacu\u00edpe<\/title>\n<meta name=\"robots\" content=\"index, follow, max-snippet:-1, max-image-preview:large, max-video-preview:-1\" \/>\n<link rel=\"canonical\" href=\"https:\/\/www.catureba.com.br\/baciadojacuipe\/2009\/10\/17\/representantes-do-territorio-da-bacia-do-jacuipe-realizam-assembleia-em-baixa-grande-para-aprovacao-do-ptdrs\/\" \/>\n<meta property=\"og:locale\" content=\"pt_BR\" \/>\n<meta property=\"og:type\" content=\"article\" \/>\n<meta property=\"og:title\" content=\"Representantes do Territ\u00f3rio da Bacia do Jacu\u00edpe Realizam Assembleia em Baixa Grande para Aprova\u00e7\u00e3o do PTDRS - Bacia do Jacu\u00edpe\" \/>\n<meta property=\"og:description\" content=\"Nos dias 15 e 16 de outubro, foi realizada em Baixa Grande, no Centro de\" \/>\n<meta property=\"og:url\" content=\"https:\/\/www.catureba.com.br\/baciadojacuipe\/2009\/10\/17\/representantes-do-territorio-da-bacia-do-jacuipe-realizam-assembleia-em-baixa-grande-para-aprovacao-do-ptdrs\/\" \/>\n<meta property=\"og:site_name\" content=\"Bacia do Jacu\u00edpe\" \/>\n<meta property=\"article:published_time\" content=\"2009-10-17T21:19:11+00:00\" \/>\n<meta property=\"article:modified_time\" content=\"2025-09-13T21:21:12+00:00\" \/>\n<meta property=\"og:image\" content=\"https:\/\/www.catureba.com.br\/baciadojacuipe\/wp-content\/uploads\/2025\/09\/foto1-15.jpg\" \/>\n\t<meta property=\"og:image:width\" content=\"379\" \/>\n\t<meta property=\"og:image:height\" content=\"283\" \/>\n\t<meta property=\"og:image:type\" content=\"image\/jpeg\" \/>\n<meta name=\"author\" content=\"Ediom\u00e1rio Catureba\" \/>\n<meta name=\"twitter:card\" content=\"summary_large_image\" \/>\n<meta name=\"twitter:label1\" content=\"Escrito por\" \/>\n\t<meta name=\"twitter:data1\" content=\"Ediom\u00e1rio Catureba\" \/>\n\t<meta name=\"twitter:label2\" content=\"Est. tempo de leitura\" \/>\n\t<meta name=\"twitter:data2\" content=\"2 minutos\" \/>\n<script type=\"application\/ld+json\" class=\"yoast-schema-graph\">{\"@context\":\"https:\\\/\\\/schema.org\",\"@graph\":[{\"@type\":\"Article\",\"@id\":\"https:\\\/\\\/www.catureba.com.br\\\/baciadojacuipe\\\/2009\\\/10\\\/17\\\/representantes-do-territorio-da-bacia-do-jacuipe-realizam-assembleia-em-baixa-grande-para-aprovacao-do-ptdrs\\\/#article\",\"isPartOf\":{\"@id\":\"https:\\\/\\\/www.catureba.com.br\\\/baciadojacuipe\\\/2009\\\/10\\\/17\\\/representantes-do-territorio-da-bacia-do-jacuipe-realizam-assembleia-em-baixa-grande-para-aprovacao-do-ptdrs\\\/\"},\"author\":{\"name\":\"Ediom\u00e1rio Catureba\",\"@id\":\"https:\\\/\\\/www.catureba.com.br\\\/baciadojacuipe\\\/#\\\/schema\\\/person\\\/ffc8c3b98b65cb69355d29afa2355ba3\"},\"headline\":\"Representantes do Territ\u00f3rio da Bacia do Jacu\u00edpe Realizam Assembleia em Baixa Grande para Aprova\u00e7\u00e3o do PTDRS\",\"datePublished\":\"2009-10-17T21:19:11+00:00\",\"dateModified\":\"2025-09-13T21:21:12+00:00\",\"mainEntityOfPage\":{\"@id\":\"https:\\\/\\\/www.catureba.com.br\\\/baciadojacuipe\\\/2009\\\/10\\\/17\\\/representantes-do-territorio-da-bacia-do-jacuipe-realizam-assembleia-em-baixa-grande-para-aprovacao-do-ptdrs\\\/\"},\"wordCount\":458,\"publisher\":{\"@id\":\"https:\\\/\\\/www.catureba.com.br\\\/baciadojacuipe\\\/#organization\"},\"image\":{\"@id\":\"https:\\\/\\\/www.catureba.com.br\\\/baciadojacuipe\\\/2009\\\/10\\\/17\\\/representantes-do-territorio-da-bacia-do-jacuipe-realizam-assembleia-em-baixa-grande-para-aprovacao-do-ptdrs\\\/#primaryimage\"},\"thumbnailUrl\":\"https:\\\/\\\/www.catureba.com.br\\\/baciadojacuipe\\\/wp-content\\\/uploads\\\/2025\\\/09\\\/foto1-15.jpg\",\"articleSection\":[\"Baixa Grande\"],\"inLanguage\":\"pt-BR\"},{\"@type\":\"WebPage\",\"@id\":\"https:\\\/\\\/www.catureba.com.br\\\/baciadojacuipe\\\/2009\\\/10\\\/17\\\/representantes-do-territorio-da-bacia-do-jacuipe-realizam-assembleia-em-baixa-grande-para-aprovacao-do-ptdrs\\\/\",\"url\":\"https:\\\/\\\/www.catureba.com.br\\\/baciadojacuipe\\\/2009\\\/10\\\/17\\\/representantes-do-territorio-da-bacia-do-jacuipe-realizam-assembleia-em-baixa-grande-para-aprovacao-do-ptdrs\\\/\",\"name\":\"Representantes do Territ\u00f3rio da Bacia do Jacu\u00edpe Realizam Assembleia em Baixa Grande para Aprova\u00e7\u00e3o do PTDRS - Bacia do Jacu\u00edpe\",\"isPartOf\":{\"@id\":\"https:\\\/\\\/www.catureba.com.br\\\/baciadojacuipe\\\/#website\"},\"primaryImageOfPage\":{\"@id\":\"https:\\\/\\\/www.catureba.com.br\\\/baciadojacuipe\\\/2009\\\/10\\\/17\\\/representantes-do-territorio-da-bacia-do-jacuipe-realizam-assembleia-em-baixa-grande-para-aprovacao-do-ptdrs\\\/#primaryimage\"},\"image\":{\"@id\":\"https:\\\/\\\/www.catureba.com.br\\\/baciadojacuipe\\\/2009\\\/10\\\/17\\\/representantes-do-territorio-da-bacia-do-jacuipe-realizam-assembleia-em-baixa-grande-para-aprovacao-do-ptdrs\\\/#primaryimage\"},\"thumbnailUrl\":\"https:\\\/\\\/www.catureba.com.br\\\/baciadojacuipe\\\/wp-content\\\/uploads\\\/2025\\\/09\\\/foto1-15.jpg\",\"datePublished\":\"2009-10-17T21:19:11+00:00\",\"dateModified\":\"2025-09-13T21:21:12+00:00\",\"breadcrumb\":{\"@id\":\"https:\\\/\\\/www.catureba.com.br\\\/baciadojacuipe\\\/2009\\\/10\\\/17\\\/representantes-do-territorio-da-bacia-do-jacuipe-realizam-assembleia-em-baixa-grande-para-aprovacao-do-ptdrs\\\/#breadcrumb\"},\"inLanguage\":\"pt-BR\",\"potentialAction\":[{\"@type\":\"ReadAction\",\"target\":[\"https:\\\/\\\/www.catureba.com.br\\\/baciadojacuipe\\\/2009\\\/10\\\/17\\\/representantes-do-territorio-da-bacia-do-jacuipe-realizam-assembleia-em-baixa-grande-para-aprovacao-do-ptdrs\\\/\"]}]},{\"@type\":\"ImageObject\",\"inLanguage\":\"pt-BR\",\"@id\":\"https:\\\/\\\/www.catureba.com.br\\\/baciadojacuipe\\\/2009\\\/10\\\/17\\\/representantes-do-territorio-da-bacia-do-jacuipe-realizam-assembleia-em-baixa-grande-para-aprovacao-do-ptdrs\\\/#primaryimage\",\"url\":\"https:\\\/\\\/www.catureba.com.br\\\/baciadojacuipe\\\/wp-content\\\/uploads\\\/2025\\\/09\\\/foto1-15.jpg\",\"contentUrl\":\"https:\\\/\\\/www.catureba.com.br\\\/baciadojacuipe\\\/wp-content\\\/uploads\\\/2025\\\/09\\\/foto1-15.jpg\",\"width\":379,\"height\":283},{\"@type\":\"BreadcrumbList\",\"@id\":\"https:\\\/\\\/www.catureba.com.br\\\/baciadojacuipe\\\/2009\\\/10\\\/17\\\/representantes-do-territorio-da-bacia-do-jacuipe-realizam-assembleia-em-baixa-grande-para-aprovacao-do-ptdrs\\\/#breadcrumb\",\"itemListElement\":[{\"@type\":\"ListItem\",\"position\":1,\"name\":\"In\u00edcio\",\"item\":\"https:\\\/\\\/www.catureba.com.br\\\/baciadojacuipe\\\/\"},{\"@type\":\"ListItem\",\"position\":2,\"name\":\"Representantes do Territ\u00f3rio da Bacia do Jacu\u00edpe Realizam Assembleia em Baixa Grande para Aprova\u00e7\u00e3o do PTDRS\"}]},{\"@type\":\"WebSite\",\"@id\":\"https:\\\/\\\/www.catureba.com.br\\\/baciadojacuipe\\\/#website\",\"url\":\"https:\\\/\\\/www.catureba.com.br\\\/baciadojacuipe\\\/\",\"name\":\"Bacia do Jacu\u00edpe\",\"description\":\"15 Munic\u00edpios em um s\u00f3 Lugar\",\"publisher\":{\"@id\":\"https:\\\/\\\/www.catureba.com.br\\\/baciadojacuipe\\\/#organization\"},\"potentialAction\":[{\"@type\":\"SearchAction\",\"target\":{\"@type\":\"EntryPoint\",\"urlTemplate\":\"https:\\\/\\\/www.catureba.com.br\\\/baciadojacuipe\\\/?s={search_term_string}\"},\"query-input\":{\"@type\":\"PropertyValueSpecification\",\"valueRequired\":true,\"valueName\":\"search_term_string\"}}],\"inLanguage\":\"pt-BR\"},{\"@type\":\"Organization\",\"@id\":\"https:\\\/\\\/www.catureba.com.br\\\/baciadojacuipe\\\/#organization\",\"name\":\"Bacia do Jacu\u00edpe\",\"url\":\"https:\\\/\\\/www.catureba.com.br\\\/baciadojacuipe\\\/\",\"logo\":{\"@type\":\"ImageObject\",\"inLanguage\":\"pt-BR\",\"@id\":\"https:\\\/\\\/www.catureba.com.br\\\/baciadojacuipe\\\/#\\\/schema\\\/logo\\\/image\\\/\",\"url\":\"https:\\\/\\\/www.catureba.com.br\\\/baciadojacuipe\\\/wp-content\\\/uploads\\\/2025\\\/08\\\/cropped-logo.png\",\"contentUrl\":\"https:\\\/\\\/www.catureba.com.br\\\/baciadojacuipe\\\/wp-content\\\/uploads\\\/2025\\\/08\\\/cropped-logo.png\",\"width\":149,\"height\":150,\"caption\":\"Bacia do Jacu\u00edpe\"},\"image\":{\"@id\":\"https:\\\/\\\/www.catureba.com.br\\\/baciadojacuipe\\\/#\\\/schema\\\/logo\\\/image\\\/\"}},{\"@type\":\"Person\",\"@id\":\"https:\\\/\\\/www.catureba.com.br\\\/baciadojacuipe\\\/#\\\/schema\\\/person\\\/ffc8c3b98b65cb69355d29afa2355ba3\",\"name\":\"Ediom\u00e1rio Catureba\",\"image\":{\"@type\":\"ImageObject\",\"inLanguage\":\"pt-BR\",\"@id\":\"https:\\\/\\\/secure.gravatar.com\\\/avatar\\\/63c567ef6e64a56df9e100701cb374d725dbb66b635cd56b3f13f88e28ba235e?s=96&d=mm&r=g\",\"url\":\"https:\\\/\\\/secure.gravatar.com\\\/avatar\\\/63c567ef6e64a56df9e100701cb374d725dbb66b635cd56b3f13f88e28ba235e?s=96&d=mm&r=g\",\"contentUrl\":\"https:\\\/\\\/secure.gravatar.com\\\/avatar\\\/63c567ef6e64a56df9e100701cb374d725dbb66b635cd56b3f13f88e28ba235e?s=96&d=mm&r=g\",\"caption\":\"Ediom\u00e1rio Catureba\"},\"description\":\"Ediom\u00e1rio Catureba, nascido em 1976 em Baixa Grande, Bahia, \u00e9 jornalista e redator. Al\u00e9m de sua atua\u00e7\u00e3o no jornalismo, Ediom\u00e1rio \u00e9 conhecido por sua participa\u00e7\u00e3o em eventos culturais e sociais na regi\u00e3o. Ediom\u00e1rio tamb\u00e9m \u00e9 respons\u00e1vel pelo site Catureba.com.br, onde publica not\u00edcias e informa\u00e7\u00f5es sobre eventos locais, pol\u00edtica e cultura, contribuindo para a dissemina\u00e7\u00e3o de informa\u00e7\u00f5es na comunidade de Baixa Grande e arredores.\",\"sameAs\":[\"https:\\\/\\\/www.catureba.com.br\\\/baciadojacuipe\"],\"url\":\"https:\\\/\\\/www.catureba.com.br\\\/baciadojacuipe\\\/author\\\/edyomario\\\/\"}]}<\/script>\n<!-- \/ Yoast SEO plugin. -->","yoast_head_json":{"title":"Representantes do Territ\u00f3rio da Bacia do Jacu\u00edpe Realizam Assembleia em Baixa Grande para Aprova\u00e7\u00e3o do PTDRS - Bacia do Jacu\u00edpe","robots":{"index":"index","follow":"follow","max-snippet":"max-snippet:-1","max-image-preview":"max-image-preview:large","max-video-preview":"max-video-preview:-1"},"canonical":"https:\/\/www.catureba.com.br\/baciadojacuipe\/2009\/10\/17\/representantes-do-territorio-da-bacia-do-jacuipe-realizam-assembleia-em-baixa-grande-para-aprovacao-do-ptdrs\/","og_locale":"pt_BR","og_type":"article","og_title":"Representantes do Territ\u00f3rio da Bacia do Jacu\u00edpe Realizam Assembleia em Baixa Grande para Aprova\u00e7\u00e3o do PTDRS - Bacia do Jacu\u00edpe","og_description":"Nos dias 15 e 16 de outubro, foi realizada em Baixa Grande, no Centro de","og_url":"https:\/\/www.catureba.com.br\/baciadojacuipe\/2009\/10\/17\/representantes-do-territorio-da-bacia-do-jacuipe-realizam-assembleia-em-baixa-grande-para-aprovacao-do-ptdrs\/","og_site_name":"Bacia do Jacu\u00edpe","article_published_time":"2009-10-17T21:19:11+00:00","article_modified_time":"2025-09-13T21:21:12+00:00","og_image":[{"width":379,"height":283,"url":"https:\/\/www.catureba.com.br\/baciadojacuipe\/wp-content\/uploads\/2025\/09\/foto1-15.jpg","type":"image\/jpeg"}],"author":"Ediom\u00e1rio Catureba","twitter_card":"summary_large_image","twitter_misc":{"Escrito por":"Ediom\u00e1rio Catureba","Est. tempo de leitura":"2 minutos"},"schema":{"@context":"https:\/\/schema.org","@graph":[{"@type":"Article","@id":"https:\/\/www.catureba.com.br\/baciadojacuipe\/2009\/10\/17\/representantes-do-territorio-da-bacia-do-jacuipe-realizam-assembleia-em-baixa-grande-para-aprovacao-do-ptdrs\/#article","isPartOf":{"@id":"https:\/\/www.catureba.com.br\/baciadojacuipe\/2009\/10\/17\/representantes-do-territorio-da-bacia-do-jacuipe-realizam-assembleia-em-baixa-grande-para-aprovacao-do-ptdrs\/"},"author":{"name":"Ediom\u00e1rio Catureba","@id":"https:\/\/www.catureba.com.br\/baciadojacuipe\/#\/schema\/person\/ffc8c3b98b65cb69355d29afa2355ba3"},"headline":"Representantes do Territ\u00f3rio da Bacia do Jacu\u00edpe Realizam Assembleia em Baixa Grande para Aprova\u00e7\u00e3o do PTDRS","datePublished":"2009-10-17T21:19:11+00:00","dateModified":"2025-09-13T21:21:12+00:00","mainEntityOfPage":{"@id":"https:\/\/www.catureba.com.br\/baciadojacuipe\/2009\/10\/17\/representantes-do-territorio-da-bacia-do-jacuipe-realizam-assembleia-em-baixa-grande-para-aprovacao-do-ptdrs\/"},"wordCount":458,"publisher":{"@id":"https:\/\/www.catureba.com.br\/baciadojacuipe\/#organization"},"image":{"@id":"https:\/\/www.catureba.com.br\/baciadojacuipe\/2009\/10\/17\/representantes-do-territorio-da-bacia-do-jacuipe-realizam-assembleia-em-baixa-grande-para-aprovacao-do-ptdrs\/#primaryimage"},"thumbnailUrl":"https:\/\/www.catureba.com.br\/baciadojacuipe\/wp-content\/uploads\/2025\/09\/foto1-15.jpg","articleSection":["Baixa Grande"],"inLanguage":"pt-BR"},{"@type":"WebPage","@id":"https:\/\/www.catureba.com.br\/baciadojacuipe\/2009\/10\/17\/representantes-do-territorio-da-bacia-do-jacuipe-realizam-assembleia-em-baixa-grande-para-aprovacao-do-ptdrs\/","url":"https:\/\/www.catureba.com.br\/baciadojacuipe\/2009\/10\/17\/representantes-do-territorio-da-bacia-do-jacuipe-realizam-assembleia-em-baixa-grande-para-aprovacao-do-ptdrs\/","name":"Representantes do Territ\u00f3rio da Bacia do Jacu\u00edpe Realizam Assembleia em Baixa Grande para Aprova\u00e7\u00e3o do PTDRS - Bacia do Jacu\u00edpe","isPartOf":{"@id":"https:\/\/www.catureba.com.br\/baciadojacuipe\/#website"},"primaryImageOfPage":{"@id":"https:\/\/www.catureba.com.br\/baciadojacuipe\/2009\/10\/17\/representantes-do-territorio-da-bacia-do-jacuipe-realizam-assembleia-em-baixa-grande-para-aprovacao-do-ptdrs\/#primaryimage"},"image":{"@id":"https:\/\/www.catureba.com.br\/baciadojacuipe\/2009\/10\/17\/representantes-do-territorio-da-bacia-do-jacuipe-realizam-assembleia-em-baixa-grande-para-aprovacao-do-ptdrs\/#primaryimage"},"thumbnailUrl":"https:\/\/www.catureba.com.br\/baciadojacuipe\/wp-content\/uploads\/2025\/09\/foto1-15.jpg","datePublished":"2009-10-17T21:19:11+00:00","dateModified":"2025-09-13T21:21:12+00:00","breadcrumb":{"@id":"https:\/\/www.catureba.com.br\/baciadojacuipe\/2009\/10\/17\/representantes-do-territorio-da-bacia-do-jacuipe-realizam-assembleia-em-baixa-grande-para-aprovacao-do-ptdrs\/#breadcrumb"},"inLanguage":"pt-BR","potentialAction":[{"@type":"ReadAction","target":["https:\/\/www.catureba.com.br\/baciadojacuipe\/2009\/10\/17\/representantes-do-territorio-da-bacia-do-jacuipe-realizam-assembleia-em-baixa-grande-para-aprovacao-do-ptdrs\/"]}]},{"@type":"ImageObject","inLanguage":"pt-BR","@id":"https:\/\/www.catureba.com.br\/baciadojacuipe\/2009\/10\/17\/representantes-do-territorio-da-bacia-do-jacuipe-realizam-assembleia-em-baixa-grande-para-aprovacao-do-ptdrs\/#primaryimage","url":"https:\/\/www.catureba.com.br\/baciadojacuipe\/wp-content\/uploads\/2025\/09\/foto1-15.jpg","contentUrl":"https:\/\/www.catureba.com.br\/baciadojacuipe\/wp-content\/uploads\/2025\/09\/foto1-15.jpg","width":379,"height":283},{"@type":"BreadcrumbList","@id":"https:\/\/www.catureba.com.br\/baciadojacuipe\/2009\/10\/17\/representantes-do-territorio-da-bacia-do-jacuipe-realizam-assembleia-em-baixa-grande-para-aprovacao-do-ptdrs\/#breadcrumb","itemListElement":[{"@type":"ListItem","position":1,"name":"In\u00edcio","item":"https:\/\/www.catureba.com.br\/baciadojacuipe\/"},{"@type":"ListItem","position":2,"name":"Representantes do Territ\u00f3rio da Bacia do Jacu\u00edpe Realizam Assembleia em Baixa Grande para Aprova\u00e7\u00e3o do PTDRS"}]},{"@type":"WebSite","@id":"https:\/\/www.catureba.com.br\/baciadojacuipe\/#website","url":"https:\/\/www.catureba.com.br\/baciadojacuipe\/","name":"Bacia do Jacu\u00edpe","description":"15 Munic\u00edpios em um s\u00f3 Lugar","publisher":{"@id":"https:\/\/www.catureba.com.br\/baciadojacuipe\/#organization"},"potentialAction":[{"@type":"SearchAction","target":{"@type":"EntryPoint","urlTemplate":"https:\/\/www.catureba.com.br\/baciadojacuipe\/?s={search_term_string}"},"query-input":{"@type":"PropertyValueSpecification","valueRequired":true,"valueName":"search_term_string"}}],"inLanguage":"pt-BR"},{"@type":"Organization","@id":"https:\/\/www.catureba.com.br\/baciadojacuipe\/#organization","name":"Bacia do Jacu\u00edpe","url":"https:\/\/www.catureba.com.br\/baciadojacuipe\/","logo":{"@type":"ImageObject","inLanguage":"pt-BR","@id":"https:\/\/www.catureba.com.br\/baciadojacuipe\/#\/schema\/logo\/image\/","url":"https:\/\/www.catureba.com.br\/baciadojacuipe\/wp-content\/uploads\/2025\/08\/cropped-logo.png","contentUrl":"https:\/\/www.catureba.com.br\/baciadojacuipe\/wp-content\/uploads\/2025\/08\/cropped-logo.png","width":149,"height":150,"caption":"Bacia do Jacu\u00edpe"},"image":{"@id":"https:\/\/www.catureba.com.br\/baciadojacuipe\/#\/schema\/logo\/image\/"}},{"@type":"Person","@id":"https:\/\/www.catureba.com.br\/baciadojacuipe\/#\/schema\/person\/ffc8c3b98b65cb69355d29afa2355ba3","name":"Ediom\u00e1rio Catureba","image":{"@type":"ImageObject","inLanguage":"pt-BR","@id":"https:\/\/secure.gravatar.com\/avatar\/63c567ef6e64a56df9e100701cb374d725dbb66b635cd56b3f13f88e28ba235e?s=96&d=mm&r=g","url":"https:\/\/secure.gravatar.com\/avatar\/63c567ef6e64a56df9e100701cb374d725dbb66b635cd56b3f13f88e28ba235e?s=96&d=mm&r=g","contentUrl":"https:\/\/secure.gravatar.com\/avatar\/63c567ef6e64a56df9e100701cb374d725dbb66b635cd56b3f13f88e28ba235e?s=96&d=mm&r=g","caption":"Ediom\u00e1rio Catureba"},"description":"Ediom\u00e1rio Catureba, nascido em 1976 em Baixa Grande, Bahia, \u00e9 jornalista e redator. Al\u00e9m de sua atua\u00e7\u00e3o no jornalismo, Ediom\u00e1rio \u00e9 conhecido por sua participa\u00e7\u00e3o em eventos culturais e sociais na regi\u00e3o. Ediom\u00e1rio tamb\u00e9m \u00e9 respons\u00e1vel pelo site Catureba.com.br, onde publica not\u00edcias e informa\u00e7\u00f5es sobre eventos locais, pol\u00edtica e cultura, contribuindo para a dissemina\u00e7\u00e3o de informa\u00e7\u00f5es na comunidade de Baixa Grande e arredores.","sameAs":["https:\/\/www.catureba.com.br\/baciadojacuipe"],"url":"https:\/\/www.catureba.com.br\/baciadojacuipe\/author\/edyomario\/"}]}},"uagb_featured_image_src":{"full":["https:\/\/www.catureba.com.br\/baciadojacuipe\/wp-content\/uploads\/2025\/09\/foto1-15.jpg",379,283,false],"thumbnail":["https:\/\/www.catureba.com.br\/baciadojacuipe\/wp-content\/uploads\/2025\/09\/foto1-15-150x150.jpg",150,150,true],"medium":["https:\/\/www.catureba.com.br\/baciadojacuipe\/wp-content\/uploads\/2025\/09\/foto1-15-300x224.jpg",300,224,true],"medium_large":["https:\/\/www.catureba.com.br\/baciadojacuipe\/wp-content\/uploads\/2025\/09\/foto1-15.jpg",379,283,false],"large":["https:\/\/www.catureba.com.br\/baciadojacuipe\/wp-content\/uploads\/2025\/09\/foto1-15.jpg",379,283,false],"1536x1536":["https:\/\/www.catureba.com.br\/baciadojacuipe\/wp-content\/uploads\/2025\/09\/foto1-15.jpg",379,283,false],"2048x2048":["https:\/\/www.catureba.com.br\/baciadojacuipe\/wp-content\/uploads\/2025\/09\/foto1-15.jpg",379,283,false],"cream-magazine-thumbnail-2":["https:\/\/www.catureba.com.br\/baciadojacuipe\/wp-content\/uploads\/2025\/09\/foto1-15.jpg",379,283,false],"cream-magazine-thumbnail-3":["https:\/\/www.catureba.com.br\/baciadojacuipe\/wp-content\/uploads\/2025\/09\/foto1-15.jpg",379,283,false],"cream-magazine-thumbnail-4":["https:\/\/www.catureba.com.br\/baciadojacuipe\/wp-content\/uploads\/2025\/09\/foto1-15.jpg",379,283,false]},"uagb_author_info":{"display_name":"Ediom\u00e1rio Catureba","author_link":"https:\/\/www.catureba.com.br\/baciadojacuipe\/author\/edyomario\/"},"uagb_comment_info":0,"uagb_excerpt":"Nos dias 15 e 16 de outubro, foi realizada em Baixa Grande, no Centro de","_links":{"self":[{"href":"https:\/\/www.catureba.com.br\/baciadojacuipe\/wp-json\/wp\/v2\/posts\/433","targetHints":{"allow":["GET"]}}],"collection":[{"href":"https:\/\/www.catureba.com.br\/baciadojacuipe\/wp-json\/wp\/v2\/posts"}],"about":[{"href":"https:\/\/www.catureba.com.br\/baciadojacuipe\/wp-json\/wp\/v2\/types\/post"}],"author":[{"embeddable":true,"href":"https:\/\/www.catureba.com.br\/baciadojacuipe\/wp-json\/wp\/v2\/users\/1"}],"replies":[{"embeddable":true,"href":"https:\/\/www.catureba.com.br\/baciadojacuipe\/wp-json\/wp\/v2\/comments?post=433"}],"version-history":[{"count":3,"href":"https:\/\/www.catureba.com.br\/baciadojacuipe\/wp-json\/wp\/v2\/posts\/433\/revisions"}],"predecessor-version":[{"id":447,"href":"https:\/\/www.catureba.com.br\/baciadojacuipe\/wp-json\/wp\/v2\/posts\/433\/revisions\/447"}],"wp:featuredmedia":[{"embeddable":true,"href":"https:\/\/www.catureba.com.br\/baciadojacuipe\/wp-json\/wp\/v2\/media\/434"}],"wp:attachment":[{"href":"https:\/\/www.catureba.com.br\/baciadojacuipe\/wp-json\/wp\/v2\/media?parent=433"}],"wp:term":[{"taxonomy":"category","embeddable":true,"href":"https:\/\/www.catureba.com.br\/baciadojacuipe\/wp-json\/wp\/v2\/categories?post=433"},{"taxonomy":"post_tag","embeddable":true,"href":"https:\/\/www.catureba.com.br\/baciadojacuipe\/wp-json\/wp\/v2\/tags?post=433"}],"curies":[{"name":"wp","href":"https:\/\/api.w.org\/{rel}","templated":true}]}}