{"id":302,"date":"2009-10-02T20:44:13","date_gmt":"2009-10-02T23:44:13","guid":{"rendered":"https:\/\/www.catureba.com.br\/baciadojacuipe\/?p=302"},"modified":"2025-09-03T20:46:09","modified_gmt":"2025-09-03T23:46:09","slug":"loja-cafe-cia-moda-mania-realiza-desfile-de-moda-primavera-verao","status":"publish","type":"post","link":"https:\/\/www.catureba.com.br\/baciadojacuipe\/2009\/10\/02\/loja-cafe-cia-moda-mania-realiza-desfile-de-moda-primavera-verao\/","title":{"rendered":"Loja Caf\u00e9 &#038; Cia Moda Mania realiza desfile de moda Primavera-Ver\u00e3o"},"content":{"rendered":"<p style=\"text-align: justify;\" data-start=\"234\" data-end=\"490\">Na noite de sexta-feira, 02 de outubro de 2009, a loja <strong data-start=\"289\" data-end=\"314\">Caf\u00e9 &amp; Cia Moda Mania<\/strong> realizou um desfile de moda em pra\u00e7a p\u00fablica, apresentando as novas cole\u00e7\u00f5es primavera-ver\u00e3o. O evento aconteceu na <strong data-start=\"431\" data-end=\"462\">Pra\u00e7a Manoel Ribeiro Soares<\/strong>, em frente \u00e0 Igreja Matriz.<\/p>\n<p style=\"text-align: justify;\" data-start=\"492\" data-end=\"682\">O desfile trouxe ao p\u00fablico pe\u00e7as das linhas <strong data-start=\"537\" data-end=\"571\">masculina, feminina e infantil<\/strong>, exibindo looks das marcas exclusivas da loja, como <strong data-start=\"624\" data-end=\"662\">Ousa Brasil, Tricole, Anni, Idiose<\/strong> e <strong data-start=\"665\" data-end=\"681\">Turma da Gil<\/strong>.<\/p>\n<p style=\"text-align: justify;\" data-start=\"684\" data-end=\"850\">A empres\u00e1ria <strong data-start=\"697\" data-end=\"714\">Josete Macedo<\/strong>, respons\u00e1vel pela loja, destacou que busca sempre inovar, &#8220;estando antenada nas tend\u00eancias da moda e focando na satisfa\u00e7\u00e3o do cliente&#8221;.<\/p>\n<p style=\"text-align: justify;\" data-start=\"852\" data-end=\"1045\">O evento contou com o apoio de diversos parceiros locais, entre eles: <strong data-start=\"922\" data-end=\"1026\">Moto Itaberaba, Jornal da Regi\u00e3o, Comercial Oliveira Santos, Instituto de Beleza Sara, Sal\u00e3o Stillus<\/strong> e <strong data-start=\"1029\" data-end=\"1044\">Bella Chick<\/strong>.<\/p>\n<hr data-start=\"1047\" data-end=\"1050\" \/>\n<p style=\"text-align: justify;\" data-start=\"1052\" data-end=\"1154\"><strong data-start=\"1052\" data-end=\"1061\">Fonte<\/strong>: <a class=\"decorated-link cursor-pointer\" target=\"_new\" rel=\"noopener\" data-start=\"1063\" data-end=\"1124\">www.baciadojacuipe.com.br<\/a><br data-start=\"1124\" data-end=\"1127\" \/><strong data-start=\"1127\" data-end=\"1134\">Por<\/strong>: Ediom\u00e1rio Catureba<\/p>\n<p><img loading=\"lazy\" decoding=\"async\" class=\"aligncenter size-full wp-image-19243\" src=\"https:\/\/www.baixagrande.net\/wp-content\/uploads\/2025\/01\/foto2-2.jpg\" alt=\"\" width=\"379\" height=\"283\" \/> <img loading=\"lazy\" decoding=\"async\" class=\"aligncenter size-full wp-image-19244\" src=\"https:\/\/www.baixagrande.net\/wp-content\/uploads\/2025\/01\/foto3-2.jpg\" alt=\"\" width=\"379\" height=\"283\" \/> <img loading=\"lazy\" decoding=\"async\" class=\"aligncenter size-full wp-image-19245\" src=\"https:\/\/www.baixagrande.net\/wp-content\/uploads\/2025\/01\/foto4-2.jpg\" alt=\"\" width=\"379\" height=\"283\" \/> <img loading=\"lazy\" decoding=\"async\" class=\"aligncenter size-full wp-image-19246\" src=\"https:\/\/www.baixagrande.net\/wp-content\/uploads\/2025\/01\/foto5-2.jpg\" alt=\"\" width=\"379\" height=\"283\" \/> <img loading=\"lazy\" decoding=\"async\" class=\"aligncenter size-full wp-image-19247\" src=\"https:\/\/www.baixagrande.net\/wp-content\/uploads\/2025\/01\/foto6-1.jpg\" alt=\"\" width=\"379\" height=\"283\" \/> <img loading=\"lazy\" decoding=\"async\" class=\"aligncenter size-full wp-image-19248\" src=\"https:\/\/www.baixagrande.net\/wp-content\/uploads\/2025\/01\/foto7-1.jpg\" alt=\"\" width=\"379\" height=\"283\" \/> <img loading=\"lazy\" decoding=\"async\" class=\"aligncenter size-full wp-image-19249\" src=\"https:\/\/www.baixagrande.net\/wp-content\/uploads\/2025\/01\/foto8-1.jpg\" alt=\"\" width=\"379\" height=\"283\" \/> <img loading=\"lazy\" decoding=\"async\" class=\"aligncenter size-full wp-image-19250\" src=\"https:\/\/www.baixagrande.net\/wp-content\/uploads\/2025\/01\/foto9-2.jpg\" alt=\"\" width=\"379\" height=\"283\" \/> <img loading=\"lazy\" decoding=\"async\" class=\"aligncenter size-full wp-image-19251\" src=\"https:\/\/www.baixagrande.net\/wp-content\/uploads\/2025\/01\/foto10-1.jpg\" alt=\"\" width=\"379\" height=\"283\" \/> <img loading=\"lazy\" decoding=\"async\" class=\"aligncenter size-full wp-image-19252\" src=\"https:\/\/www.baixagrande.net\/wp-content\/uploads\/2025\/01\/foto11-1.jpg\" alt=\"\" width=\"379\" height=\"283\" \/> <img loading=\"lazy\" decoding=\"async\" class=\"aligncenter size-full wp-image-19253\" src=\"https:\/\/www.baixagrande.net\/wp-content\/uploads\/2025\/01\/foto12-2.jpg\" alt=\"\" width=\"379\" height=\"283\" \/> <img loading=\"lazy\" decoding=\"async\" class=\"aligncenter size-full wp-image-19254\" src=\"https:\/\/www.baixagrande.net\/wp-content\/uploads\/2025\/01\/foto13-1.jpg\" alt=\"\" width=\"379\" height=\"283\" \/> <img loading=\"lazy\" decoding=\"async\" class=\"aligncenter size-full wp-image-19255\" src=\"https:\/\/www.baixagrande.net\/wp-content\/uploads\/2025\/01\/foto14-2.jpg\" alt=\"\" width=\"379\" height=\"283\" \/> <img loading=\"lazy\" decoding=\"async\" class=\"aligncenter size-full wp-image-19256\" src=\"https:\/\/www.baixagrande.net\/wp-content\/uploads\/2025\/01\/foto15-1.jpg\" alt=\"\" width=\"379\" height=\"283\" \/> <img loading=\"lazy\" decoding=\"async\" class=\"aligncenter size-full wp-image-19257\" src=\"https:\/\/www.baixagrande.net\/wp-content\/uploads\/2025\/01\/foto16-1.jpg\" alt=\"\" width=\"379\" height=\"283\" \/> <img loading=\"lazy\" decoding=\"async\" class=\"aligncenter size-full wp-image-19258\" src=\"https:\/\/www.baixagrande.net\/wp-content\/uploads\/2025\/01\/foto17.jpg\" alt=\"\" width=\"379\" height=\"283\" \/> <img loading=\"lazy\" decoding=\"async\" class=\"aligncenter size-full wp-image-19259\" src=\"https:\/\/www.baixagrande.net\/wp-content\/uploads\/2025\/01\/foto18.jpg\" alt=\"\" width=\"379\" height=\"283\" \/> <img loading=\"lazy\" decoding=\"async\" class=\"aligncenter size-full wp-image-19260\" src=\"https:\/\/www.baixagrande.net\/wp-content\/uploads\/2025\/01\/foto19.jpg\" alt=\"\" width=\"379\" height=\"283\" \/> <img loading=\"lazy\" decoding=\"async\" class=\"aligncenter size-full wp-image-19261\" src=\"https:\/\/www.baixagrande.net\/wp-content\/uploads\/2025\/01\/foto20.jpg\" alt=\"\" width=\"379\" height=\"283\" \/> <img loading=\"lazy\" decoding=\"async\" class=\"aligncenter size-full wp-image-19262\" src=\"https:\/\/www.baixagrande.net\/wp-content\/uploads\/2025\/01\/foto21.jpg\" alt=\"\" width=\"379\" height=\"283\" \/> <img loading=\"lazy\" decoding=\"async\" class=\"aligncenter size-full wp-image-19263\" src=\"https:\/\/www.baixagrande.net\/wp-content\/uploads\/2025\/01\/foto22.jpg\" alt=\"\" width=\"379\" height=\"283\" \/> <img loading=\"lazy\" decoding=\"async\" class=\"aligncenter size-full wp-image-19264\" src=\"https:\/\/www.baixagrande.net\/wp-content\/uploads\/2025\/01\/foto23.jpg\" alt=\"\" width=\"379\" height=\"283\" \/> <img loading=\"lazy\" decoding=\"async\" class=\"aligncenter size-full wp-image-19265\" src=\"https:\/\/www.baixagrande.net\/wp-content\/uploads\/2025\/01\/foto24.jpg\" alt=\"\" width=\"379\" height=\"283\" \/> <img loading=\"lazy\" decoding=\"async\" class=\"aligncenter size-full wp-image-19266\" src=\"https:\/\/www.baixagrande.net\/wp-content\/uploads\/2025\/01\/foto25.jpg\" alt=\"\" width=\"379\" height=\"283\" \/> <img loading=\"lazy\" decoding=\"async\" class=\"aligncenter size-full wp-image-19267\" src=\"https:\/\/www.baixagrande.net\/wp-content\/uploads\/2025\/01\/foto26.jpg\" alt=\"\" width=\"379\" height=\"283\" \/><\/p>\n<div class=\"pvc_clear\"><\/div>\n<p id=\"pvc_stats_302\" class=\"pvc_stats total_only  \" data-element-id=\"302\" style=\"\"><i class=\"pvc-stats-icon medium\" aria-hidden=\"true\"><svg aria-hidden=\"true\" focusable=\"false\" data-prefix=\"far\" data-icon=\"chart-bar\" role=\"img\" xmlns=\"http:\/\/www.w3.org\/2000\/svg\" viewBox=\"0 0 512 512\" class=\"svg-inline--fa fa-chart-bar fa-w-16 fa-2x\"><path fill=\"currentColor\" d=\"M396.8 352h22.4c6.4 0 12.8-6.4 12.8-12.8V108.8c0-6.4-6.4-12.8-12.8-12.8h-22.4c-6.4 0-12.8 6.4-12.8 12.8v230.4c0 6.4 6.4 12.8 12.8 12.8zm-192 0h22.4c6.4 0 12.8-6.4 12.8-12.8V140.8c0-6.4-6.4-12.8-12.8-12.8h-22.4c-6.4 0-12.8 6.4-12.8 12.8v198.4c0 6.4 6.4 12.8 12.8 12.8zm96 0h22.4c6.4 0 12.8-6.4 12.8-12.8V204.8c0-6.4-6.4-12.8-12.8-12.8h-22.4c-6.4 0-12.8 6.4-12.8 12.8v134.4c0 6.4 6.4 12.8 12.8 12.8zM496 400H48V80c0-8.84-7.16-16-16-16H16C7.16 64 0 71.16 0 80v336c0 17.67 14.33 32 32 32h464c8.84 0 16-7.16 16-16v-16c0-8.84-7.16-16-16-16zm-387.2-48h22.4c6.4 0 12.8-6.4 12.8-12.8v-70.4c0-6.4-6.4-12.8-12.8-12.8h-22.4c-6.4 0-12.8 6.4-12.8 12.8v70.4c0 6.4 6.4 12.8 12.8 12.8z\" class=\"\"><\/path><\/svg><\/i> <img loading=\"lazy\" decoding=\"async\" width=\"16\" height=\"16\" alt=\"Loading\" src=\"https:\/\/www.catureba.com.br\/baciadojacuipe\/wp-content\/plugins\/page-views-count\/ajax-loader-2x.gif\" border=0 \/><\/p>\n<div class=\"pvc_clear\"><\/div>\n","protected":false},"excerpt":{"rendered":"<p>Na noite de sexta-feira, 02 de outubro de 2009, a loja Caf\u00e9 &amp; Cia Moda<\/p>\n<div class=\"pvc_clear\"><\/div>\n<p id=\"pvc_stats_302\" class=\"pvc_stats total_only  \" data-element-id=\"302\" style=\"\"><i class=\"pvc-stats-icon medium\" aria-hidden=\"true\"><svg aria-hidden=\"true\" focusable=\"false\" data-prefix=\"far\" data-icon=\"chart-bar\" role=\"img\" xmlns=\"http:\/\/www.w3.org\/2000\/svg\" viewBox=\"0 0 512 512\" class=\"svg-inline--fa fa-chart-bar fa-w-16 fa-2x\"><path fill=\"currentColor\" d=\"M396.8 352h22.4c6.4 0 12.8-6.4 12.8-12.8V108.8c0-6.4-6.4-12.8-12.8-12.8h-22.4c-6.4 0-12.8 6.4-12.8 12.8v230.4c0 6.4 6.4 12.8 12.8 12.8zm-192 0h22.4c6.4 0 12.8-6.4 12.8-12.8V140.8c0-6.4-6.4-12.8-12.8-12.8h-22.4c-6.4 0-12.8 6.4-12.8 12.8v198.4c0 6.4 6.4 12.8 12.8 12.8zm96 0h22.4c6.4 0 12.8-6.4 12.8-12.8V204.8c0-6.4-6.4-12.8-12.8-12.8h-22.4c-6.4 0-12.8 6.4-12.8 12.8v134.4c0 6.4 6.4 12.8 12.8 12.8zM496 400H48V80c0-8.84-7.16-16-16-16H16C7.16 64 0 71.16 0 80v336c0 17.67 14.33 32 32 32h464c8.84 0 16-7.16 16-16v-16c0-8.84-7.16-16-16-16zm-387.2-48h22.4c6.4 0 12.8-6.4 12.8-12.8v-70.4c0-6.4-6.4-12.8-12.8-12.8h-22.4c-6.4 0-12.8 6.4-12.8 12.8v70.4c0 6.4 6.4 12.8 12.8 12.8z\" class=\"\"><\/path><\/svg><\/i> <img loading=\"lazy\" decoding=\"async\" width=\"16\" height=\"16\" alt=\"Loading\" src=\"https:\/\/www.catureba.com.br\/baciadojacuipe\/wp-content\/plugins\/page-views-count\/ajax-loader-2x.gif\" border=0 \/><\/p>\n<div class=\"pvc_clear\"><\/div>\n","protected":false},"author":1,"featured_media":303,"comment_status":"closed","ping_status":"open","sticky":false,"template":"","format":"standard","meta":{"_uag_custom_page_level_css":"","footnotes":""},"categories":[6],"tags":[],"class_list":["post-302","post","type-post","status-publish","format-standard","has-post-thumbnail","hentry","category-baixa-grande"],"a3_pvc":{"activated":true,"total_views":13,"today_views":0},"yoast_head":"<!-- This site is optimized with the Yoast SEO plugin v27.4 - https:\/\/yoast.com\/product\/yoast-seo-wordpress\/ -->\n<title>Loja Caf\u00e9 &amp; Cia Moda Mania realiza desfile de moda Primavera-Ver\u00e3o - Bacia do Jacu\u00edpe<\/title>\n<meta name=\"robots\" content=\"index, follow, max-snippet:-1, max-image-preview:large, max-video-preview:-1\" \/>\n<link rel=\"canonical\" href=\"https:\/\/www.catureba.com.br\/baciadojacuipe\/2009\/10\/02\/loja-cafe-cia-moda-mania-realiza-desfile-de-moda-primavera-verao\/\" \/>\n<meta property=\"og:locale\" content=\"pt_BR\" \/>\n<meta property=\"og:type\" content=\"article\" \/>\n<meta property=\"og:title\" content=\"Loja Caf\u00e9 &amp; Cia Moda Mania realiza desfile de moda Primavera-Ver\u00e3o - Bacia do Jacu\u00edpe\" \/>\n<meta property=\"og:description\" content=\"Na noite de sexta-feira, 02 de outubro de 2009, a loja Caf\u00e9 &amp; Cia Moda\" \/>\n<meta property=\"og:url\" content=\"https:\/\/www.catureba.com.br\/baciadojacuipe\/2009\/10\/02\/loja-cafe-cia-moda-mania-realiza-desfile-de-moda-primavera-verao\/\" \/>\n<meta property=\"og:site_name\" content=\"Bacia do Jacu\u00edpe\" \/>\n<meta property=\"article:published_time\" content=\"2009-10-02T23:44:13+00:00\" \/>\n<meta property=\"article:modified_time\" content=\"2025-09-03T23:46:09+00:00\" \/>\n<meta property=\"og:image\" content=\"https:\/\/www.catureba.com.br\/baciadojacuipe\/wp-content\/uploads\/2025\/09\/foto1-4.jpg\" \/>\n\t<meta property=\"og:image:width\" content=\"379\" \/>\n\t<meta property=\"og:image:height\" content=\"283\" \/>\n\t<meta property=\"og:image:type\" content=\"image\/jpeg\" \/>\n<meta name=\"author\" content=\"Ediom\u00e1rio Catureba\" \/>\n<meta name=\"twitter:card\" content=\"summary_large_image\" \/>\n<meta name=\"twitter:label1\" content=\"Escrito por\" \/>\n\t<meta name=\"twitter:data1\" content=\"Ediom\u00e1rio Catureba\" \/>\n\t<meta name=\"twitter:label2\" content=\"Est. tempo de leitura\" \/>\n\t<meta name=\"twitter:data2\" content=\"1 minuto\" \/>\n<script type=\"application\/ld+json\" class=\"yoast-schema-graph\">{\"@context\":\"https:\\\/\\\/schema.org\",\"@graph\":[{\"@type\":\"Article\",\"@id\":\"https:\\\/\\\/www.catureba.com.br\\\/baciadojacuipe\\\/2009\\\/10\\\/02\\\/loja-cafe-cia-moda-mania-realiza-desfile-de-moda-primavera-verao\\\/#article\",\"isPartOf\":{\"@id\":\"https:\\\/\\\/www.catureba.com.br\\\/baciadojacuipe\\\/2009\\\/10\\\/02\\\/loja-cafe-cia-moda-mania-realiza-desfile-de-moda-primavera-verao\\\/\"},\"author\":{\"name\":\"Ediom\u00e1rio Catureba\",\"@id\":\"https:\\\/\\\/www.catureba.com.br\\\/baciadojacuipe\\\/#\\\/schema\\\/person\\\/ffc8c3b98b65cb69355d29afa2355ba3\"},\"headline\":\"Loja Caf\u00e9 &#038; Cia Moda Mania realiza desfile de moda Primavera-Ver\u00e3o\",\"datePublished\":\"2009-10-02T23:44:13+00:00\",\"dateModified\":\"2025-09-03T23:46:09+00:00\",\"mainEntityOfPage\":{\"@id\":\"https:\\\/\\\/www.catureba.com.br\\\/baciadojacuipe\\\/2009\\\/10\\\/02\\\/loja-cafe-cia-moda-mania-realiza-desfile-de-moda-primavera-verao\\\/\"},\"wordCount\":154,\"publisher\":{\"@id\":\"https:\\\/\\\/www.catureba.com.br\\\/baciadojacuipe\\\/#organization\"},\"image\":{\"@id\":\"https:\\\/\\\/www.catureba.com.br\\\/baciadojacuipe\\\/2009\\\/10\\\/02\\\/loja-cafe-cia-moda-mania-realiza-desfile-de-moda-primavera-verao\\\/#primaryimage\"},\"thumbnailUrl\":\"https:\\\/\\\/www.catureba.com.br\\\/baciadojacuipe\\\/wp-content\\\/uploads\\\/2025\\\/09\\\/foto1-4.jpg\",\"articleSection\":[\"Baixa Grande\"],\"inLanguage\":\"pt-BR\"},{\"@type\":\"WebPage\",\"@id\":\"https:\\\/\\\/www.catureba.com.br\\\/baciadojacuipe\\\/2009\\\/10\\\/02\\\/loja-cafe-cia-moda-mania-realiza-desfile-de-moda-primavera-verao\\\/\",\"url\":\"https:\\\/\\\/www.catureba.com.br\\\/baciadojacuipe\\\/2009\\\/10\\\/02\\\/loja-cafe-cia-moda-mania-realiza-desfile-de-moda-primavera-verao\\\/\",\"name\":\"Loja Caf\u00e9 & Cia Moda Mania realiza desfile de moda Primavera-Ver\u00e3o - Bacia do Jacu\u00edpe\",\"isPartOf\":{\"@id\":\"https:\\\/\\\/www.catureba.com.br\\\/baciadojacuipe\\\/#website\"},\"primaryImageOfPage\":{\"@id\":\"https:\\\/\\\/www.catureba.com.br\\\/baciadojacuipe\\\/2009\\\/10\\\/02\\\/loja-cafe-cia-moda-mania-realiza-desfile-de-moda-primavera-verao\\\/#primaryimage\"},\"image\":{\"@id\":\"https:\\\/\\\/www.catureba.com.br\\\/baciadojacuipe\\\/2009\\\/10\\\/02\\\/loja-cafe-cia-moda-mania-realiza-desfile-de-moda-primavera-verao\\\/#primaryimage\"},\"thumbnailUrl\":\"https:\\\/\\\/www.catureba.com.br\\\/baciadojacuipe\\\/wp-content\\\/uploads\\\/2025\\\/09\\\/foto1-4.jpg\",\"datePublished\":\"2009-10-02T23:44:13+00:00\",\"dateModified\":\"2025-09-03T23:46:09+00:00\",\"breadcrumb\":{\"@id\":\"https:\\\/\\\/www.catureba.com.br\\\/baciadojacuipe\\\/2009\\\/10\\\/02\\\/loja-cafe-cia-moda-mania-realiza-desfile-de-moda-primavera-verao\\\/#breadcrumb\"},\"inLanguage\":\"pt-BR\",\"potentialAction\":[{\"@type\":\"ReadAction\",\"target\":[\"https:\\\/\\\/www.catureba.com.br\\\/baciadojacuipe\\\/2009\\\/10\\\/02\\\/loja-cafe-cia-moda-mania-realiza-desfile-de-moda-primavera-verao\\\/\"]}]},{\"@type\":\"ImageObject\",\"inLanguage\":\"pt-BR\",\"@id\":\"https:\\\/\\\/www.catureba.com.br\\\/baciadojacuipe\\\/2009\\\/10\\\/02\\\/loja-cafe-cia-moda-mania-realiza-desfile-de-moda-primavera-verao\\\/#primaryimage\",\"url\":\"https:\\\/\\\/www.catureba.com.br\\\/baciadojacuipe\\\/wp-content\\\/uploads\\\/2025\\\/09\\\/foto1-4.jpg\",\"contentUrl\":\"https:\\\/\\\/www.catureba.com.br\\\/baciadojacuipe\\\/wp-content\\\/uploads\\\/2025\\\/09\\\/foto1-4.jpg\",\"width\":379,\"height\":283},{\"@type\":\"BreadcrumbList\",\"@id\":\"https:\\\/\\\/www.catureba.com.br\\\/baciadojacuipe\\\/2009\\\/10\\\/02\\\/loja-cafe-cia-moda-mania-realiza-desfile-de-moda-primavera-verao\\\/#breadcrumb\",\"itemListElement\":[{\"@type\":\"ListItem\",\"position\":1,\"name\":\"In\u00edcio\",\"item\":\"https:\\\/\\\/www.catureba.com.br\\\/baciadojacuipe\\\/\"},{\"@type\":\"ListItem\",\"position\":2,\"name\":\"Loja Caf\u00e9 &#038; Cia Moda Mania realiza desfile de moda Primavera-Ver\u00e3o\"}]},{\"@type\":\"WebSite\",\"@id\":\"https:\\\/\\\/www.catureba.com.br\\\/baciadojacuipe\\\/#website\",\"url\":\"https:\\\/\\\/www.catureba.com.br\\\/baciadojacuipe\\\/\",\"name\":\"Bacia do Jacu\u00edpe\",\"description\":\"15 Munic\u00edpios em um s\u00f3 Lugar\",\"publisher\":{\"@id\":\"https:\\\/\\\/www.catureba.com.br\\\/baciadojacuipe\\\/#organization\"},\"potentialAction\":[{\"@type\":\"SearchAction\",\"target\":{\"@type\":\"EntryPoint\",\"urlTemplate\":\"https:\\\/\\\/www.catureba.com.br\\\/baciadojacuipe\\\/?s={search_term_string}\"},\"query-input\":{\"@type\":\"PropertyValueSpecification\",\"valueRequired\":true,\"valueName\":\"search_term_string\"}}],\"inLanguage\":\"pt-BR\"},{\"@type\":\"Organization\",\"@id\":\"https:\\\/\\\/www.catureba.com.br\\\/baciadojacuipe\\\/#organization\",\"name\":\"Bacia do Jacu\u00edpe\",\"url\":\"https:\\\/\\\/www.catureba.com.br\\\/baciadojacuipe\\\/\",\"logo\":{\"@type\":\"ImageObject\",\"inLanguage\":\"pt-BR\",\"@id\":\"https:\\\/\\\/www.catureba.com.br\\\/baciadojacuipe\\\/#\\\/schema\\\/logo\\\/image\\\/\",\"url\":\"https:\\\/\\\/www.catureba.com.br\\\/baciadojacuipe\\\/wp-content\\\/uploads\\\/2025\\\/08\\\/cropped-logo.png\",\"contentUrl\":\"https:\\\/\\\/www.catureba.com.br\\\/baciadojacuipe\\\/wp-content\\\/uploads\\\/2025\\\/08\\\/cropped-logo.png\",\"width\":149,\"height\":150,\"caption\":\"Bacia do Jacu\u00edpe\"},\"image\":{\"@id\":\"https:\\\/\\\/www.catureba.com.br\\\/baciadojacuipe\\\/#\\\/schema\\\/logo\\\/image\\\/\"}},{\"@type\":\"Person\",\"@id\":\"https:\\\/\\\/www.catureba.com.br\\\/baciadojacuipe\\\/#\\\/schema\\\/person\\\/ffc8c3b98b65cb69355d29afa2355ba3\",\"name\":\"Ediom\u00e1rio Catureba\",\"image\":{\"@type\":\"ImageObject\",\"inLanguage\":\"pt-BR\",\"@id\":\"https:\\\/\\\/secure.gravatar.com\\\/avatar\\\/63c567ef6e64a56df9e100701cb374d725dbb66b635cd56b3f13f88e28ba235e?s=96&d=mm&r=g\",\"url\":\"https:\\\/\\\/secure.gravatar.com\\\/avatar\\\/63c567ef6e64a56df9e100701cb374d725dbb66b635cd56b3f13f88e28ba235e?s=96&d=mm&r=g\",\"contentUrl\":\"https:\\\/\\\/secure.gravatar.com\\\/avatar\\\/63c567ef6e64a56df9e100701cb374d725dbb66b635cd56b3f13f88e28ba235e?s=96&d=mm&r=g\",\"caption\":\"Ediom\u00e1rio Catureba\"},\"description\":\"Ediom\u00e1rio Catureba, nascido em 1976 em Baixa Grande, Bahia, \u00e9 jornalista e redator. Al\u00e9m de sua atua\u00e7\u00e3o no jornalismo, Ediom\u00e1rio \u00e9 conhecido por sua participa\u00e7\u00e3o em eventos culturais e sociais na regi\u00e3o. Ediom\u00e1rio tamb\u00e9m \u00e9 respons\u00e1vel pelo site Catureba.com.br, onde publica not\u00edcias e informa\u00e7\u00f5es sobre eventos locais, pol\u00edtica e cultura, contribuindo para a dissemina\u00e7\u00e3o de informa\u00e7\u00f5es na comunidade de Baixa Grande e arredores.\",\"sameAs\":[\"https:\\\/\\\/www.catureba.com.br\\\/baciadojacuipe\"],\"url\":\"https:\\\/\\\/www.catureba.com.br\\\/baciadojacuipe\\\/author\\\/edyomario\\\/\"}]}<\/script>\n<!-- \/ Yoast SEO plugin. -->","yoast_head_json":{"title":"Loja Caf\u00e9 & Cia Moda Mania realiza desfile de moda Primavera-Ver\u00e3o - Bacia do Jacu\u00edpe","robots":{"index":"index","follow":"follow","max-snippet":"max-snippet:-1","max-image-preview":"max-image-preview:large","max-video-preview":"max-video-preview:-1"},"canonical":"https:\/\/www.catureba.com.br\/baciadojacuipe\/2009\/10\/02\/loja-cafe-cia-moda-mania-realiza-desfile-de-moda-primavera-verao\/","og_locale":"pt_BR","og_type":"article","og_title":"Loja Caf\u00e9 & Cia Moda Mania realiza desfile de moda Primavera-Ver\u00e3o - Bacia do Jacu\u00edpe","og_description":"Na noite de sexta-feira, 02 de outubro de 2009, a loja Caf\u00e9 &amp; Cia Moda","og_url":"https:\/\/www.catureba.com.br\/baciadojacuipe\/2009\/10\/02\/loja-cafe-cia-moda-mania-realiza-desfile-de-moda-primavera-verao\/","og_site_name":"Bacia do Jacu\u00edpe","article_published_time":"2009-10-02T23:44:13+00:00","article_modified_time":"2025-09-03T23:46:09+00:00","og_image":[{"width":379,"height":283,"url":"https:\/\/www.catureba.com.br\/baciadojacuipe\/wp-content\/uploads\/2025\/09\/foto1-4.jpg","type":"image\/jpeg"}],"author":"Ediom\u00e1rio Catureba","twitter_card":"summary_large_image","twitter_misc":{"Escrito por":"Ediom\u00e1rio Catureba","Est. tempo de leitura":"1 minuto"},"schema":{"@context":"https:\/\/schema.org","@graph":[{"@type":"Article","@id":"https:\/\/www.catureba.com.br\/baciadojacuipe\/2009\/10\/02\/loja-cafe-cia-moda-mania-realiza-desfile-de-moda-primavera-verao\/#article","isPartOf":{"@id":"https:\/\/www.catureba.com.br\/baciadojacuipe\/2009\/10\/02\/loja-cafe-cia-moda-mania-realiza-desfile-de-moda-primavera-verao\/"},"author":{"name":"Ediom\u00e1rio Catureba","@id":"https:\/\/www.catureba.com.br\/baciadojacuipe\/#\/schema\/person\/ffc8c3b98b65cb69355d29afa2355ba3"},"headline":"Loja Caf\u00e9 &#038; Cia Moda Mania realiza desfile de moda Primavera-Ver\u00e3o","datePublished":"2009-10-02T23:44:13+00:00","dateModified":"2025-09-03T23:46:09+00:00","mainEntityOfPage":{"@id":"https:\/\/www.catureba.com.br\/baciadojacuipe\/2009\/10\/02\/loja-cafe-cia-moda-mania-realiza-desfile-de-moda-primavera-verao\/"},"wordCount":154,"publisher":{"@id":"https:\/\/www.catureba.com.br\/baciadojacuipe\/#organization"},"image":{"@id":"https:\/\/www.catureba.com.br\/baciadojacuipe\/2009\/10\/02\/loja-cafe-cia-moda-mania-realiza-desfile-de-moda-primavera-verao\/#primaryimage"},"thumbnailUrl":"https:\/\/www.catureba.com.br\/baciadojacuipe\/wp-content\/uploads\/2025\/09\/foto1-4.jpg","articleSection":["Baixa Grande"],"inLanguage":"pt-BR"},{"@type":"WebPage","@id":"https:\/\/www.catureba.com.br\/baciadojacuipe\/2009\/10\/02\/loja-cafe-cia-moda-mania-realiza-desfile-de-moda-primavera-verao\/","url":"https:\/\/www.catureba.com.br\/baciadojacuipe\/2009\/10\/02\/loja-cafe-cia-moda-mania-realiza-desfile-de-moda-primavera-verao\/","name":"Loja Caf\u00e9 & Cia Moda Mania realiza desfile de moda Primavera-Ver\u00e3o - Bacia do Jacu\u00edpe","isPartOf":{"@id":"https:\/\/www.catureba.com.br\/baciadojacuipe\/#website"},"primaryImageOfPage":{"@id":"https:\/\/www.catureba.com.br\/baciadojacuipe\/2009\/10\/02\/loja-cafe-cia-moda-mania-realiza-desfile-de-moda-primavera-verao\/#primaryimage"},"image":{"@id":"https:\/\/www.catureba.com.br\/baciadojacuipe\/2009\/10\/02\/loja-cafe-cia-moda-mania-realiza-desfile-de-moda-primavera-verao\/#primaryimage"},"thumbnailUrl":"https:\/\/www.catureba.com.br\/baciadojacuipe\/wp-content\/uploads\/2025\/09\/foto1-4.jpg","datePublished":"2009-10-02T23:44:13+00:00","dateModified":"2025-09-03T23:46:09+00:00","breadcrumb":{"@id":"https:\/\/www.catureba.com.br\/baciadojacuipe\/2009\/10\/02\/loja-cafe-cia-moda-mania-realiza-desfile-de-moda-primavera-verao\/#breadcrumb"},"inLanguage":"pt-BR","potentialAction":[{"@type":"ReadAction","target":["https:\/\/www.catureba.com.br\/baciadojacuipe\/2009\/10\/02\/loja-cafe-cia-moda-mania-realiza-desfile-de-moda-primavera-verao\/"]}]},{"@type":"ImageObject","inLanguage":"pt-BR","@id":"https:\/\/www.catureba.com.br\/baciadojacuipe\/2009\/10\/02\/loja-cafe-cia-moda-mania-realiza-desfile-de-moda-primavera-verao\/#primaryimage","url":"https:\/\/www.catureba.com.br\/baciadojacuipe\/wp-content\/uploads\/2025\/09\/foto1-4.jpg","contentUrl":"https:\/\/www.catureba.com.br\/baciadojacuipe\/wp-content\/uploads\/2025\/09\/foto1-4.jpg","width":379,"height":283},{"@type":"BreadcrumbList","@id":"https:\/\/www.catureba.com.br\/baciadojacuipe\/2009\/10\/02\/loja-cafe-cia-moda-mania-realiza-desfile-de-moda-primavera-verao\/#breadcrumb","itemListElement":[{"@type":"ListItem","position":1,"name":"In\u00edcio","item":"https:\/\/www.catureba.com.br\/baciadojacuipe\/"},{"@type":"ListItem","position":2,"name":"Loja Caf\u00e9 &#038; Cia Moda Mania realiza desfile de moda Primavera-Ver\u00e3o"}]},{"@type":"WebSite","@id":"https:\/\/www.catureba.com.br\/baciadojacuipe\/#website","url":"https:\/\/www.catureba.com.br\/baciadojacuipe\/","name":"Bacia do Jacu\u00edpe","description":"15 Munic\u00edpios em um s\u00f3 Lugar","publisher":{"@id":"https:\/\/www.catureba.com.br\/baciadojacuipe\/#organization"},"potentialAction":[{"@type":"SearchAction","target":{"@type":"EntryPoint","urlTemplate":"https:\/\/www.catureba.com.br\/baciadojacuipe\/?s={search_term_string}"},"query-input":{"@type":"PropertyValueSpecification","valueRequired":true,"valueName":"search_term_string"}}],"inLanguage":"pt-BR"},{"@type":"Organization","@id":"https:\/\/www.catureba.com.br\/baciadojacuipe\/#organization","name":"Bacia do Jacu\u00edpe","url":"https:\/\/www.catureba.com.br\/baciadojacuipe\/","logo":{"@type":"ImageObject","inLanguage":"pt-BR","@id":"https:\/\/www.catureba.com.br\/baciadojacuipe\/#\/schema\/logo\/image\/","url":"https:\/\/www.catureba.com.br\/baciadojacuipe\/wp-content\/uploads\/2025\/08\/cropped-logo.png","contentUrl":"https:\/\/www.catureba.com.br\/baciadojacuipe\/wp-content\/uploads\/2025\/08\/cropped-logo.png","width":149,"height":150,"caption":"Bacia do Jacu\u00edpe"},"image":{"@id":"https:\/\/www.catureba.com.br\/baciadojacuipe\/#\/schema\/logo\/image\/"}},{"@type":"Person","@id":"https:\/\/www.catureba.com.br\/baciadojacuipe\/#\/schema\/person\/ffc8c3b98b65cb69355d29afa2355ba3","name":"Ediom\u00e1rio Catureba","image":{"@type":"ImageObject","inLanguage":"pt-BR","@id":"https:\/\/secure.gravatar.com\/avatar\/63c567ef6e64a56df9e100701cb374d725dbb66b635cd56b3f13f88e28ba235e?s=96&d=mm&r=g","url":"https:\/\/secure.gravatar.com\/avatar\/63c567ef6e64a56df9e100701cb374d725dbb66b635cd56b3f13f88e28ba235e?s=96&d=mm&r=g","contentUrl":"https:\/\/secure.gravatar.com\/avatar\/63c567ef6e64a56df9e100701cb374d725dbb66b635cd56b3f13f88e28ba235e?s=96&d=mm&r=g","caption":"Ediom\u00e1rio Catureba"},"description":"Ediom\u00e1rio Catureba, nascido em 1976 em Baixa Grande, Bahia, \u00e9 jornalista e redator. Al\u00e9m de sua atua\u00e7\u00e3o no jornalismo, Ediom\u00e1rio \u00e9 conhecido por sua participa\u00e7\u00e3o em eventos culturais e sociais na regi\u00e3o. Ediom\u00e1rio tamb\u00e9m \u00e9 respons\u00e1vel pelo site Catureba.com.br, onde publica not\u00edcias e informa\u00e7\u00f5es sobre eventos locais, pol\u00edtica e cultura, contribuindo para a dissemina\u00e7\u00e3o de informa\u00e7\u00f5es na comunidade de Baixa Grande e arredores.","sameAs":["https:\/\/www.catureba.com.br\/baciadojacuipe"],"url":"https:\/\/www.catureba.com.br\/baciadojacuipe\/author\/edyomario\/"}]}},"uagb_featured_image_src":{"full":["https:\/\/www.catureba.com.br\/baciadojacuipe\/wp-content\/uploads\/2025\/09\/foto1-4.jpg",379,283,false],"thumbnail":["https:\/\/www.catureba.com.br\/baciadojacuipe\/wp-content\/uploads\/2025\/09\/foto1-4-150x150.jpg",150,150,true],"medium":["https:\/\/www.catureba.com.br\/baciadojacuipe\/wp-content\/uploads\/2025\/09\/foto1-4-300x224.jpg",300,224,true],"medium_large":["https:\/\/www.catureba.com.br\/baciadojacuipe\/wp-content\/uploads\/2025\/09\/foto1-4.jpg",379,283,false],"large":["https:\/\/www.catureba.com.br\/baciadojacuipe\/wp-content\/uploads\/2025\/09\/foto1-4.jpg",379,283,false],"1536x1536":["https:\/\/www.catureba.com.br\/baciadojacuipe\/wp-content\/uploads\/2025\/09\/foto1-4.jpg",379,283,false],"2048x2048":["https:\/\/www.catureba.com.br\/baciadojacuipe\/wp-content\/uploads\/2025\/09\/foto1-4.jpg",379,283,false],"cream-magazine-thumbnail-2":["https:\/\/www.catureba.com.br\/baciadojacuipe\/wp-content\/uploads\/2025\/09\/foto1-4.jpg",379,283,false],"cream-magazine-thumbnail-3":["https:\/\/www.catureba.com.br\/baciadojacuipe\/wp-content\/uploads\/2025\/09\/foto1-4.jpg",379,283,false],"cream-magazine-thumbnail-4":["https:\/\/www.catureba.com.br\/baciadojacuipe\/wp-content\/uploads\/2025\/09\/foto1-4.jpg",379,283,false]},"uagb_author_info":{"display_name":"Ediom\u00e1rio Catureba","author_link":"https:\/\/www.catureba.com.br\/baciadojacuipe\/author\/edyomario\/"},"uagb_comment_info":0,"uagb_excerpt":"Na noite de sexta-feira, 02 de outubro de 2009, a loja Caf\u00e9 &amp; Cia Moda","_links":{"self":[{"href":"https:\/\/www.catureba.com.br\/baciadojacuipe\/wp-json\/wp\/v2\/posts\/302","targetHints":{"allow":["GET"]}}],"collection":[{"href":"https:\/\/www.catureba.com.br\/baciadojacuipe\/wp-json\/wp\/v2\/posts"}],"about":[{"href":"https:\/\/www.catureba.com.br\/baciadojacuipe\/wp-json\/wp\/v2\/types\/post"}],"author":[{"embeddable":true,"href":"https:\/\/www.catureba.com.br\/baciadojacuipe\/wp-json\/wp\/v2\/users\/1"}],"replies":[{"embeddable":true,"href":"https:\/\/www.catureba.com.br\/baciadojacuipe\/wp-json\/wp\/v2\/comments?post=302"}],"version-history":[{"count":1,"href":"https:\/\/www.catureba.com.br\/baciadojacuipe\/wp-json\/wp\/v2\/posts\/302\/revisions"}],"predecessor-version":[{"id":304,"href":"https:\/\/www.catureba.com.br\/baciadojacuipe\/wp-json\/wp\/v2\/posts\/302\/revisions\/304"}],"wp:featuredmedia":[{"embeddable":true,"href":"https:\/\/www.catureba.com.br\/baciadojacuipe\/wp-json\/wp\/v2\/media\/303"}],"wp:attachment":[{"href":"https:\/\/www.catureba.com.br\/baciadojacuipe\/wp-json\/wp\/v2\/media?parent=302"}],"wp:term":[{"taxonomy":"category","embeddable":true,"href":"https:\/\/www.catureba.com.br\/baciadojacuipe\/wp-json\/wp\/v2\/categories?post=302"},{"taxonomy":"post_tag","embeddable":true,"href":"https:\/\/www.catureba.com.br\/baciadojacuipe\/wp-json\/wp\/v2\/tags?post=302"}],"curies":[{"name":"wp","href":"https:\/\/api.w.org\/{rel}","templated":true}]}}