{"id":297,"date":"2009-10-02T18:19:33","date_gmt":"2009-10-02T21:19:33","guid":{"rendered":"https:\/\/www.catureba.com.br\/baciadojacuipe\/?p=297"},"modified":"2025-09-03T10:11:21","modified_gmt":"2025-09-03T13:11:21","slug":"reivindicacao-da-populacao-de-baixa-grande-e-atendida","status":"publish","type":"post","link":"https:\/\/www.catureba.com.br\/baciadojacuipe\/2009\/10\/02\/reivindicacao-da-populacao-de-baixa-grande-e-atendida\/","title":{"rendered":"Reivindica\u00e7\u00e3o da Popula\u00e7\u00e3o de Baixa Grande \u00e9 Atendida"},"content":{"rendered":"<p style=\"text-align: justify;\" data-start=\"236\" data-end=\"607\">Um dia ap\u00f3s o movimento que interditou a BA-052, conhecida como Estrada do Feij\u00e3o, no entroncamento de Baixa Grande, a reivindica\u00e7\u00e3o da popula\u00e7\u00e3o foi atendida. O protesto aconteceu devido aos diversos acidentes registrados na localidade. Moradores e comunidades da regi\u00e3o exigiam a constru\u00e7\u00e3o de quebra-molas para reduzir a velocidade dos ve\u00edculos e aumentar a seguran\u00e7a.<\/p>\n<p style=\"text-align: justify;\" data-start=\"609\" data-end=\"820\">Durante o protesto, a pista foi bloqueada com pneus em chamas e uma vala aberta no meio da estrada. A principal exig\u00eancia era a presen\u00e7a de representantes do Departamento de Estradas de Rodagem da Bahia (DERBA).<\/p>\n<p style=\"text-align: justify;\" data-start=\"822\" data-end=\"1050\">Atendendo ao apelo da popula\u00e7\u00e3o, ainda na quarta-feira, uma equipe do DERBA foi enviada ao local para negociar com a comiss\u00e3o formada em Baixa Grande. O \u00f3rg\u00e3o se comprometeu a iniciar imediatamente a constru\u00e7\u00e3o dos quebra-molas.<\/p>\n<p style=\"text-align: justify;\" data-start=\"1052\" data-end=\"1175\">Na manh\u00e3 de quinta-feira, equipes do DERBA e da Prefeitura iniciaram as obras de implanta\u00e7\u00e3o dos dispositivos de seguran\u00e7a.<\/p>\n<p style=\"text-align: justify;\" data-start=\"1177\" data-end=\"1558\"><img loading=\"lazy\" decoding=\"async\" class=\"size-full wp-image-299 alignleft\" src=\"https:\/\/www.catureba.com.br\/baciadojacuipe\/wp-content\/uploads\/2025\/09\/foto2-2.jpg\" alt=\"\" width=\"379\" height=\"283\" srcset=\"https:\/\/www.catureba.com.br\/baciadojacuipe\/wp-content\/uploads\/2025\/09\/foto2-2.jpg 379w, https:\/\/www.catureba.com.br\/baciadojacuipe\/wp-content\/uploads\/2025\/09\/foto2-2-300x224.jpg 300w\" sizes=\"auto, (max-width: 379px) 100vw, 379px\" \/>O prefeito Gilvan Rios, em entrevista \u00e0 r\u00e1dio Ipir\u00e1 FM, lamentou os acidentes ocorridos, especialmente o registrado na \u00faltima segunda-feira. Ele reconheceu que o trecho \u00e9 de alto risco e afirmou que o protesto da popula\u00e7\u00e3o foi leg\u00edtimo. Rios relatou que esteve no local por volta das 6h30 e entrou em contato com a deputada Neusa Cadore, solicitando sua interven\u00e7\u00e3o junto ao DERBA.<\/p>\n<p style=\"text-align: justify;\" data-start=\"1560\" data-end=\"1797\">Como resultado, o \u00f3rg\u00e3o designou dois representantes para uma reuni\u00e3o com a comiss\u00e3o local. Ficou acertada a constru\u00e7\u00e3o de dois quebra-molas e, posteriormente, a apresenta\u00e7\u00e3o de um projeto para a constru\u00e7\u00e3o de um contorno vi\u00e1rio na \u00e1rea.<\/p>\n<p style=\"text-align: justify;\" data-start=\"1799\" data-end=\"1960\">O prefeito tamb\u00e9m fez um apelo a todos que trafegam pela regi\u00e3o, pedindo aten\u00e7\u00e3o redobrada e consci\u00eancia dos motoristas, para que novos acidentes sejam evitados.<\/p>\n<p style=\"text-align: justify;\" data-start=\"1962\" data-end=\"2064\"><strong data-start=\"1962\" data-end=\"1972\">Fonte:<\/strong> <a class=\"decorated-link cursor-pointer\" target=\"_new\" rel=\"noopener\" data-start=\"1973\" data-end=\"2034\">www.baciadojacuipe.com.br<\/a><br data-start=\"2034\" data-end=\"2037\" \/><strong data-start=\"2037\" data-end=\"2045\">Por:<\/strong> Ediom\u00e1rio Catureba<\/p>\n<div class=\"pvc_clear\"><\/div>\n<p id=\"pvc_stats_297\" class=\"pvc_stats total_only  \" data-element-id=\"297\" style=\"\"><i class=\"pvc-stats-icon medium\" aria-hidden=\"true\"><svg aria-hidden=\"true\" focusable=\"false\" data-prefix=\"far\" data-icon=\"chart-bar\" role=\"img\" xmlns=\"http:\/\/www.w3.org\/2000\/svg\" viewBox=\"0 0 512 512\" class=\"svg-inline--fa fa-chart-bar fa-w-16 fa-2x\"><path fill=\"currentColor\" d=\"M396.8 352h22.4c6.4 0 12.8-6.4 12.8-12.8V108.8c0-6.4-6.4-12.8-12.8-12.8h-22.4c-6.4 0-12.8 6.4-12.8 12.8v230.4c0 6.4 6.4 12.8 12.8 12.8zm-192 0h22.4c6.4 0 12.8-6.4 12.8-12.8V140.8c0-6.4-6.4-12.8-12.8-12.8h-22.4c-6.4 0-12.8 6.4-12.8 12.8v198.4c0 6.4 6.4 12.8 12.8 12.8zm96 0h22.4c6.4 0 12.8-6.4 12.8-12.8V204.8c0-6.4-6.4-12.8-12.8-12.8h-22.4c-6.4 0-12.8 6.4-12.8 12.8v134.4c0 6.4 6.4 12.8 12.8 12.8zM496 400H48V80c0-8.84-7.16-16-16-16H16C7.16 64 0 71.16 0 80v336c0 17.67 14.33 32 32 32h464c8.84 0 16-7.16 16-16v-16c0-8.84-7.16-16-16-16zm-387.2-48h22.4c6.4 0 12.8-6.4 12.8-12.8v-70.4c0-6.4-6.4-12.8-12.8-12.8h-22.4c-6.4 0-12.8 6.4-12.8 12.8v70.4c0 6.4 6.4 12.8 12.8 12.8z\" class=\"\"><\/path><\/svg><\/i> <img loading=\"lazy\" decoding=\"async\" width=\"16\" height=\"16\" alt=\"Loading\" src=\"https:\/\/www.catureba.com.br\/baciadojacuipe\/wp-content\/plugins\/page-views-count\/ajax-loader-2x.gif\" border=0 \/><\/p>\n<div class=\"pvc_clear\"><\/div>\n","protected":false},"excerpt":{"rendered":"<p>Um dia ap\u00f3s o movimento que interditou a BA-052, conhecida como Estrada do Feij\u00e3o, no<\/p>\n<div class=\"pvc_clear\"><\/div>\n<p id=\"pvc_stats_297\" class=\"pvc_stats total_only  \" data-element-id=\"297\" style=\"\"><i class=\"pvc-stats-icon medium\" aria-hidden=\"true\"><svg aria-hidden=\"true\" focusable=\"false\" data-prefix=\"far\" data-icon=\"chart-bar\" role=\"img\" xmlns=\"http:\/\/www.w3.org\/2000\/svg\" viewBox=\"0 0 512 512\" class=\"svg-inline--fa fa-chart-bar fa-w-16 fa-2x\"><path fill=\"currentColor\" d=\"M396.8 352h22.4c6.4 0 12.8-6.4 12.8-12.8V108.8c0-6.4-6.4-12.8-12.8-12.8h-22.4c-6.4 0-12.8 6.4-12.8 12.8v230.4c0 6.4 6.4 12.8 12.8 12.8zm-192 0h22.4c6.4 0 12.8-6.4 12.8-12.8V140.8c0-6.4-6.4-12.8-12.8-12.8h-22.4c-6.4 0-12.8 6.4-12.8 12.8v198.4c0 6.4 6.4 12.8 12.8 12.8zm96 0h22.4c6.4 0 12.8-6.4 12.8-12.8V204.8c0-6.4-6.4-12.8-12.8-12.8h-22.4c-6.4 0-12.8 6.4-12.8 12.8v134.4c0 6.4 6.4 12.8 12.8 12.8zM496 400H48V80c0-8.84-7.16-16-16-16H16C7.16 64 0 71.16 0 80v336c0 17.67 14.33 32 32 32h464c8.84 0 16-7.16 16-16v-16c0-8.84-7.16-16-16-16zm-387.2-48h22.4c6.4 0 12.8-6.4 12.8-12.8v-70.4c0-6.4-6.4-12.8-12.8-12.8h-22.4c-6.4 0-12.8 6.4-12.8 12.8v70.4c0 6.4 6.4 12.8 12.8 12.8z\" class=\"\"><\/path><\/svg><\/i> <img loading=\"lazy\" decoding=\"async\" width=\"16\" height=\"16\" alt=\"Loading\" src=\"https:\/\/www.catureba.com.br\/baciadojacuipe\/wp-content\/plugins\/page-views-count\/ajax-loader-2x.gif\" border=0 \/><\/p>\n<div class=\"pvc_clear\"><\/div>\n","protected":false},"author":1,"featured_media":298,"comment_status":"closed","ping_status":"open","sticky":false,"template":"","format":"standard","meta":{"_uag_custom_page_level_css":"","footnotes":""},"categories":[6],"tags":[],"class_list":["post-297","post","type-post","status-publish","format-standard","has-post-thumbnail","hentry","category-baixa-grande"],"a3_pvc":{"activated":true,"total_views":18,"today_views":0},"yoast_head":"<!-- This site is optimized with the Yoast SEO plugin v27.4 - https:\/\/yoast.com\/product\/yoast-seo-wordpress\/ -->\n<title>Reivindica\u00e7\u00e3o da Popula\u00e7\u00e3o de Baixa Grande \u00e9 Atendida - Bacia do Jacu\u00edpe<\/title>\n<meta name=\"robots\" content=\"index, follow, max-snippet:-1, max-image-preview:large, max-video-preview:-1\" \/>\n<link rel=\"canonical\" href=\"https:\/\/www.catureba.com.br\/baciadojacuipe\/2009\/10\/02\/reivindicacao-da-populacao-de-baixa-grande-e-atendida\/\" \/>\n<meta property=\"og:locale\" content=\"pt_BR\" \/>\n<meta property=\"og:type\" content=\"article\" \/>\n<meta property=\"og:title\" content=\"Reivindica\u00e7\u00e3o da Popula\u00e7\u00e3o de Baixa Grande \u00e9 Atendida - Bacia do Jacu\u00edpe\" \/>\n<meta property=\"og:description\" content=\"Um dia ap\u00f3s o movimento que interditou a BA-052, conhecida como Estrada do Feij\u00e3o, no\" \/>\n<meta property=\"og:url\" content=\"https:\/\/www.catureba.com.br\/baciadojacuipe\/2009\/10\/02\/reivindicacao-da-populacao-de-baixa-grande-e-atendida\/\" \/>\n<meta property=\"og:site_name\" content=\"Bacia do Jacu\u00edpe\" \/>\n<meta property=\"article:published_time\" content=\"2009-10-02T21:19:33+00:00\" \/>\n<meta property=\"article:modified_time\" content=\"2025-09-03T13:11:21+00:00\" \/>\n<meta property=\"og:image\" content=\"https:\/\/www.catureba.com.br\/baciadojacuipe\/wp-content\/uploads\/2025\/09\/foto1-3.jpg\" \/>\n\t<meta property=\"og:image:width\" content=\"379\" \/>\n\t<meta property=\"og:image:height\" content=\"283\" \/>\n\t<meta property=\"og:image:type\" content=\"image\/jpeg\" \/>\n<meta name=\"author\" content=\"Ediom\u00e1rio Catureba\" \/>\n<meta name=\"twitter:card\" content=\"summary_large_image\" \/>\n<meta name=\"twitter:label1\" content=\"Escrito por\" \/>\n\t<meta name=\"twitter:data1\" content=\"Ediom\u00e1rio Catureba\" \/>\n\t<meta name=\"twitter:label2\" content=\"Est. tempo de leitura\" \/>\n\t<meta name=\"twitter:data2\" content=\"2 minutos\" \/>\n<script type=\"application\/ld+json\" class=\"yoast-schema-graph\">{\"@context\":\"https:\\\/\\\/schema.org\",\"@graph\":[{\"@type\":\"Article\",\"@id\":\"https:\\\/\\\/www.catureba.com.br\\\/baciadojacuipe\\\/2009\\\/10\\\/02\\\/reivindicacao-da-populacao-de-baixa-grande-e-atendida\\\/#article\",\"isPartOf\":{\"@id\":\"https:\\\/\\\/www.catureba.com.br\\\/baciadojacuipe\\\/2009\\\/10\\\/02\\\/reivindicacao-da-populacao-de-baixa-grande-e-atendida\\\/\"},\"author\":{\"name\":\"Ediom\u00e1rio Catureba\",\"@id\":\"https:\\\/\\\/www.catureba.com.br\\\/baciadojacuipe\\\/#\\\/schema\\\/person\\\/ffc8c3b98b65cb69355d29afa2355ba3\"},\"headline\":\"Reivindica\u00e7\u00e3o da Popula\u00e7\u00e3o de Baixa Grande \u00e9 Atendida\",\"datePublished\":\"2009-10-02T21:19:33+00:00\",\"dateModified\":\"2025-09-03T13:11:21+00:00\",\"mainEntityOfPage\":{\"@id\":\"https:\\\/\\\/www.catureba.com.br\\\/baciadojacuipe\\\/2009\\\/10\\\/02\\\/reivindicacao-da-populacao-de-baixa-grande-e-atendida\\\/\"},\"wordCount\":318,\"publisher\":{\"@id\":\"https:\\\/\\\/www.catureba.com.br\\\/baciadojacuipe\\\/#organization\"},\"image\":{\"@id\":\"https:\\\/\\\/www.catureba.com.br\\\/baciadojacuipe\\\/2009\\\/10\\\/02\\\/reivindicacao-da-populacao-de-baixa-grande-e-atendida\\\/#primaryimage\"},\"thumbnailUrl\":\"https:\\\/\\\/www.catureba.com.br\\\/baciadojacuipe\\\/wp-content\\\/uploads\\\/2025\\\/09\\\/foto1-3.jpg\",\"articleSection\":[\"Baixa Grande\"],\"inLanguage\":\"pt-BR\"},{\"@type\":\"WebPage\",\"@id\":\"https:\\\/\\\/www.catureba.com.br\\\/baciadojacuipe\\\/2009\\\/10\\\/02\\\/reivindicacao-da-populacao-de-baixa-grande-e-atendida\\\/\",\"url\":\"https:\\\/\\\/www.catureba.com.br\\\/baciadojacuipe\\\/2009\\\/10\\\/02\\\/reivindicacao-da-populacao-de-baixa-grande-e-atendida\\\/\",\"name\":\"Reivindica\u00e7\u00e3o da Popula\u00e7\u00e3o de Baixa Grande \u00e9 Atendida - Bacia do Jacu\u00edpe\",\"isPartOf\":{\"@id\":\"https:\\\/\\\/www.catureba.com.br\\\/baciadojacuipe\\\/#website\"},\"primaryImageOfPage\":{\"@id\":\"https:\\\/\\\/www.catureba.com.br\\\/baciadojacuipe\\\/2009\\\/10\\\/02\\\/reivindicacao-da-populacao-de-baixa-grande-e-atendida\\\/#primaryimage\"},\"image\":{\"@id\":\"https:\\\/\\\/www.catureba.com.br\\\/baciadojacuipe\\\/2009\\\/10\\\/02\\\/reivindicacao-da-populacao-de-baixa-grande-e-atendida\\\/#primaryimage\"},\"thumbnailUrl\":\"https:\\\/\\\/www.catureba.com.br\\\/baciadojacuipe\\\/wp-content\\\/uploads\\\/2025\\\/09\\\/foto1-3.jpg\",\"datePublished\":\"2009-10-02T21:19:33+00:00\",\"dateModified\":\"2025-09-03T13:11:21+00:00\",\"breadcrumb\":{\"@id\":\"https:\\\/\\\/www.catureba.com.br\\\/baciadojacuipe\\\/2009\\\/10\\\/02\\\/reivindicacao-da-populacao-de-baixa-grande-e-atendida\\\/#breadcrumb\"},\"inLanguage\":\"pt-BR\",\"potentialAction\":[{\"@type\":\"ReadAction\",\"target\":[\"https:\\\/\\\/www.catureba.com.br\\\/baciadojacuipe\\\/2009\\\/10\\\/02\\\/reivindicacao-da-populacao-de-baixa-grande-e-atendida\\\/\"]}]},{\"@type\":\"ImageObject\",\"inLanguage\":\"pt-BR\",\"@id\":\"https:\\\/\\\/www.catureba.com.br\\\/baciadojacuipe\\\/2009\\\/10\\\/02\\\/reivindicacao-da-populacao-de-baixa-grande-e-atendida\\\/#primaryimage\",\"url\":\"https:\\\/\\\/www.catureba.com.br\\\/baciadojacuipe\\\/wp-content\\\/uploads\\\/2025\\\/09\\\/foto1-3.jpg\",\"contentUrl\":\"https:\\\/\\\/www.catureba.com.br\\\/baciadojacuipe\\\/wp-content\\\/uploads\\\/2025\\\/09\\\/foto1-3.jpg\",\"width\":379,\"height\":283},{\"@type\":\"BreadcrumbList\",\"@id\":\"https:\\\/\\\/www.catureba.com.br\\\/baciadojacuipe\\\/2009\\\/10\\\/02\\\/reivindicacao-da-populacao-de-baixa-grande-e-atendida\\\/#breadcrumb\",\"itemListElement\":[{\"@type\":\"ListItem\",\"position\":1,\"name\":\"In\u00edcio\",\"item\":\"https:\\\/\\\/www.catureba.com.br\\\/baciadojacuipe\\\/\"},{\"@type\":\"ListItem\",\"position\":2,\"name\":\"Reivindica\u00e7\u00e3o da Popula\u00e7\u00e3o de Baixa Grande \u00e9 Atendida\"}]},{\"@type\":\"WebSite\",\"@id\":\"https:\\\/\\\/www.catureba.com.br\\\/baciadojacuipe\\\/#website\",\"url\":\"https:\\\/\\\/www.catureba.com.br\\\/baciadojacuipe\\\/\",\"name\":\"Bacia do Jacu\u00edpe\",\"description\":\"15 Munic\u00edpios em um s\u00f3 Lugar\",\"publisher\":{\"@id\":\"https:\\\/\\\/www.catureba.com.br\\\/baciadojacuipe\\\/#organization\"},\"potentialAction\":[{\"@type\":\"SearchAction\",\"target\":{\"@type\":\"EntryPoint\",\"urlTemplate\":\"https:\\\/\\\/www.catureba.com.br\\\/baciadojacuipe\\\/?s={search_term_string}\"},\"query-input\":{\"@type\":\"PropertyValueSpecification\",\"valueRequired\":true,\"valueName\":\"search_term_string\"}}],\"inLanguage\":\"pt-BR\"},{\"@type\":\"Organization\",\"@id\":\"https:\\\/\\\/www.catureba.com.br\\\/baciadojacuipe\\\/#organization\",\"name\":\"Bacia do Jacu\u00edpe\",\"url\":\"https:\\\/\\\/www.catureba.com.br\\\/baciadojacuipe\\\/\",\"logo\":{\"@type\":\"ImageObject\",\"inLanguage\":\"pt-BR\",\"@id\":\"https:\\\/\\\/www.catureba.com.br\\\/baciadojacuipe\\\/#\\\/schema\\\/logo\\\/image\\\/\",\"url\":\"https:\\\/\\\/www.catureba.com.br\\\/baciadojacuipe\\\/wp-content\\\/uploads\\\/2025\\\/08\\\/cropped-logo.png\",\"contentUrl\":\"https:\\\/\\\/www.catureba.com.br\\\/baciadojacuipe\\\/wp-content\\\/uploads\\\/2025\\\/08\\\/cropped-logo.png\",\"width\":149,\"height\":150,\"caption\":\"Bacia do Jacu\u00edpe\"},\"image\":{\"@id\":\"https:\\\/\\\/www.catureba.com.br\\\/baciadojacuipe\\\/#\\\/schema\\\/logo\\\/image\\\/\"}},{\"@type\":\"Person\",\"@id\":\"https:\\\/\\\/www.catureba.com.br\\\/baciadojacuipe\\\/#\\\/schema\\\/person\\\/ffc8c3b98b65cb69355d29afa2355ba3\",\"name\":\"Ediom\u00e1rio Catureba\",\"image\":{\"@type\":\"ImageObject\",\"inLanguage\":\"pt-BR\",\"@id\":\"https:\\\/\\\/secure.gravatar.com\\\/avatar\\\/63c567ef6e64a56df9e100701cb374d725dbb66b635cd56b3f13f88e28ba235e?s=96&d=mm&r=g\",\"url\":\"https:\\\/\\\/secure.gravatar.com\\\/avatar\\\/63c567ef6e64a56df9e100701cb374d725dbb66b635cd56b3f13f88e28ba235e?s=96&d=mm&r=g\",\"contentUrl\":\"https:\\\/\\\/secure.gravatar.com\\\/avatar\\\/63c567ef6e64a56df9e100701cb374d725dbb66b635cd56b3f13f88e28ba235e?s=96&d=mm&r=g\",\"caption\":\"Ediom\u00e1rio Catureba\"},\"description\":\"Ediom\u00e1rio Catureba, nascido em 1976 em Baixa Grande, Bahia, \u00e9 jornalista e redator. Al\u00e9m de sua atua\u00e7\u00e3o no jornalismo, Ediom\u00e1rio \u00e9 conhecido por sua participa\u00e7\u00e3o em eventos culturais e sociais na regi\u00e3o. Ediom\u00e1rio tamb\u00e9m \u00e9 respons\u00e1vel pelo site Catureba.com.br, onde publica not\u00edcias e informa\u00e7\u00f5es sobre eventos locais, pol\u00edtica e cultura, contribuindo para a dissemina\u00e7\u00e3o de informa\u00e7\u00f5es na comunidade de Baixa Grande e arredores.\",\"sameAs\":[\"https:\\\/\\\/www.catureba.com.br\\\/baciadojacuipe\"],\"url\":\"https:\\\/\\\/www.catureba.com.br\\\/baciadojacuipe\\\/author\\\/edyomario\\\/\"}]}<\/script>\n<!-- \/ Yoast SEO plugin. -->","yoast_head_json":{"title":"Reivindica\u00e7\u00e3o da Popula\u00e7\u00e3o de Baixa Grande \u00e9 Atendida - Bacia do Jacu\u00edpe","robots":{"index":"index","follow":"follow","max-snippet":"max-snippet:-1","max-image-preview":"max-image-preview:large","max-video-preview":"max-video-preview:-1"},"canonical":"https:\/\/www.catureba.com.br\/baciadojacuipe\/2009\/10\/02\/reivindicacao-da-populacao-de-baixa-grande-e-atendida\/","og_locale":"pt_BR","og_type":"article","og_title":"Reivindica\u00e7\u00e3o da Popula\u00e7\u00e3o de Baixa Grande \u00e9 Atendida - Bacia do Jacu\u00edpe","og_description":"Um dia ap\u00f3s o movimento que interditou a BA-052, conhecida como Estrada do Feij\u00e3o, no","og_url":"https:\/\/www.catureba.com.br\/baciadojacuipe\/2009\/10\/02\/reivindicacao-da-populacao-de-baixa-grande-e-atendida\/","og_site_name":"Bacia do Jacu\u00edpe","article_published_time":"2009-10-02T21:19:33+00:00","article_modified_time":"2025-09-03T13:11:21+00:00","og_image":[{"width":379,"height":283,"url":"https:\/\/www.catureba.com.br\/baciadojacuipe\/wp-content\/uploads\/2025\/09\/foto1-3.jpg","type":"image\/jpeg"}],"author":"Ediom\u00e1rio Catureba","twitter_card":"summary_large_image","twitter_misc":{"Escrito por":"Ediom\u00e1rio Catureba","Est. tempo de leitura":"2 minutos"},"schema":{"@context":"https:\/\/schema.org","@graph":[{"@type":"Article","@id":"https:\/\/www.catureba.com.br\/baciadojacuipe\/2009\/10\/02\/reivindicacao-da-populacao-de-baixa-grande-e-atendida\/#article","isPartOf":{"@id":"https:\/\/www.catureba.com.br\/baciadojacuipe\/2009\/10\/02\/reivindicacao-da-populacao-de-baixa-grande-e-atendida\/"},"author":{"name":"Ediom\u00e1rio Catureba","@id":"https:\/\/www.catureba.com.br\/baciadojacuipe\/#\/schema\/person\/ffc8c3b98b65cb69355d29afa2355ba3"},"headline":"Reivindica\u00e7\u00e3o da Popula\u00e7\u00e3o de Baixa Grande \u00e9 Atendida","datePublished":"2009-10-02T21:19:33+00:00","dateModified":"2025-09-03T13:11:21+00:00","mainEntityOfPage":{"@id":"https:\/\/www.catureba.com.br\/baciadojacuipe\/2009\/10\/02\/reivindicacao-da-populacao-de-baixa-grande-e-atendida\/"},"wordCount":318,"publisher":{"@id":"https:\/\/www.catureba.com.br\/baciadojacuipe\/#organization"},"image":{"@id":"https:\/\/www.catureba.com.br\/baciadojacuipe\/2009\/10\/02\/reivindicacao-da-populacao-de-baixa-grande-e-atendida\/#primaryimage"},"thumbnailUrl":"https:\/\/www.catureba.com.br\/baciadojacuipe\/wp-content\/uploads\/2025\/09\/foto1-3.jpg","articleSection":["Baixa Grande"],"inLanguage":"pt-BR"},{"@type":"WebPage","@id":"https:\/\/www.catureba.com.br\/baciadojacuipe\/2009\/10\/02\/reivindicacao-da-populacao-de-baixa-grande-e-atendida\/","url":"https:\/\/www.catureba.com.br\/baciadojacuipe\/2009\/10\/02\/reivindicacao-da-populacao-de-baixa-grande-e-atendida\/","name":"Reivindica\u00e7\u00e3o da Popula\u00e7\u00e3o de Baixa Grande \u00e9 Atendida - Bacia do Jacu\u00edpe","isPartOf":{"@id":"https:\/\/www.catureba.com.br\/baciadojacuipe\/#website"},"primaryImageOfPage":{"@id":"https:\/\/www.catureba.com.br\/baciadojacuipe\/2009\/10\/02\/reivindicacao-da-populacao-de-baixa-grande-e-atendida\/#primaryimage"},"image":{"@id":"https:\/\/www.catureba.com.br\/baciadojacuipe\/2009\/10\/02\/reivindicacao-da-populacao-de-baixa-grande-e-atendida\/#primaryimage"},"thumbnailUrl":"https:\/\/www.catureba.com.br\/baciadojacuipe\/wp-content\/uploads\/2025\/09\/foto1-3.jpg","datePublished":"2009-10-02T21:19:33+00:00","dateModified":"2025-09-03T13:11:21+00:00","breadcrumb":{"@id":"https:\/\/www.catureba.com.br\/baciadojacuipe\/2009\/10\/02\/reivindicacao-da-populacao-de-baixa-grande-e-atendida\/#breadcrumb"},"inLanguage":"pt-BR","potentialAction":[{"@type":"ReadAction","target":["https:\/\/www.catureba.com.br\/baciadojacuipe\/2009\/10\/02\/reivindicacao-da-populacao-de-baixa-grande-e-atendida\/"]}]},{"@type":"ImageObject","inLanguage":"pt-BR","@id":"https:\/\/www.catureba.com.br\/baciadojacuipe\/2009\/10\/02\/reivindicacao-da-populacao-de-baixa-grande-e-atendida\/#primaryimage","url":"https:\/\/www.catureba.com.br\/baciadojacuipe\/wp-content\/uploads\/2025\/09\/foto1-3.jpg","contentUrl":"https:\/\/www.catureba.com.br\/baciadojacuipe\/wp-content\/uploads\/2025\/09\/foto1-3.jpg","width":379,"height":283},{"@type":"BreadcrumbList","@id":"https:\/\/www.catureba.com.br\/baciadojacuipe\/2009\/10\/02\/reivindicacao-da-populacao-de-baixa-grande-e-atendida\/#breadcrumb","itemListElement":[{"@type":"ListItem","position":1,"name":"In\u00edcio","item":"https:\/\/www.catureba.com.br\/baciadojacuipe\/"},{"@type":"ListItem","position":2,"name":"Reivindica\u00e7\u00e3o da Popula\u00e7\u00e3o de Baixa Grande \u00e9 Atendida"}]},{"@type":"WebSite","@id":"https:\/\/www.catureba.com.br\/baciadojacuipe\/#website","url":"https:\/\/www.catureba.com.br\/baciadojacuipe\/","name":"Bacia do Jacu\u00edpe","description":"15 Munic\u00edpios em um s\u00f3 Lugar","publisher":{"@id":"https:\/\/www.catureba.com.br\/baciadojacuipe\/#organization"},"potentialAction":[{"@type":"SearchAction","target":{"@type":"EntryPoint","urlTemplate":"https:\/\/www.catureba.com.br\/baciadojacuipe\/?s={search_term_string}"},"query-input":{"@type":"PropertyValueSpecification","valueRequired":true,"valueName":"search_term_string"}}],"inLanguage":"pt-BR"},{"@type":"Organization","@id":"https:\/\/www.catureba.com.br\/baciadojacuipe\/#organization","name":"Bacia do Jacu\u00edpe","url":"https:\/\/www.catureba.com.br\/baciadojacuipe\/","logo":{"@type":"ImageObject","inLanguage":"pt-BR","@id":"https:\/\/www.catureba.com.br\/baciadojacuipe\/#\/schema\/logo\/image\/","url":"https:\/\/www.catureba.com.br\/baciadojacuipe\/wp-content\/uploads\/2025\/08\/cropped-logo.png","contentUrl":"https:\/\/www.catureba.com.br\/baciadojacuipe\/wp-content\/uploads\/2025\/08\/cropped-logo.png","width":149,"height":150,"caption":"Bacia do Jacu\u00edpe"},"image":{"@id":"https:\/\/www.catureba.com.br\/baciadojacuipe\/#\/schema\/logo\/image\/"}},{"@type":"Person","@id":"https:\/\/www.catureba.com.br\/baciadojacuipe\/#\/schema\/person\/ffc8c3b98b65cb69355d29afa2355ba3","name":"Ediom\u00e1rio Catureba","image":{"@type":"ImageObject","inLanguage":"pt-BR","@id":"https:\/\/secure.gravatar.com\/avatar\/63c567ef6e64a56df9e100701cb374d725dbb66b635cd56b3f13f88e28ba235e?s=96&d=mm&r=g","url":"https:\/\/secure.gravatar.com\/avatar\/63c567ef6e64a56df9e100701cb374d725dbb66b635cd56b3f13f88e28ba235e?s=96&d=mm&r=g","contentUrl":"https:\/\/secure.gravatar.com\/avatar\/63c567ef6e64a56df9e100701cb374d725dbb66b635cd56b3f13f88e28ba235e?s=96&d=mm&r=g","caption":"Ediom\u00e1rio Catureba"},"description":"Ediom\u00e1rio Catureba, nascido em 1976 em Baixa Grande, Bahia, \u00e9 jornalista e redator. Al\u00e9m de sua atua\u00e7\u00e3o no jornalismo, Ediom\u00e1rio \u00e9 conhecido por sua participa\u00e7\u00e3o em eventos culturais e sociais na regi\u00e3o. Ediom\u00e1rio tamb\u00e9m \u00e9 respons\u00e1vel pelo site Catureba.com.br, onde publica not\u00edcias e informa\u00e7\u00f5es sobre eventos locais, pol\u00edtica e cultura, contribuindo para a dissemina\u00e7\u00e3o de informa\u00e7\u00f5es na comunidade de Baixa Grande e arredores.","sameAs":["https:\/\/www.catureba.com.br\/baciadojacuipe"],"url":"https:\/\/www.catureba.com.br\/baciadojacuipe\/author\/edyomario\/"}]}},"uagb_featured_image_src":{"full":["https:\/\/www.catureba.com.br\/baciadojacuipe\/wp-content\/uploads\/2025\/09\/foto1-3.jpg",379,283,false],"thumbnail":["https:\/\/www.catureba.com.br\/baciadojacuipe\/wp-content\/uploads\/2025\/09\/foto1-3-150x150.jpg",150,150,true],"medium":["https:\/\/www.catureba.com.br\/baciadojacuipe\/wp-content\/uploads\/2025\/09\/foto1-3-300x224.jpg",300,224,true],"medium_large":["https:\/\/www.catureba.com.br\/baciadojacuipe\/wp-content\/uploads\/2025\/09\/foto1-3.jpg",379,283,false],"large":["https:\/\/www.catureba.com.br\/baciadojacuipe\/wp-content\/uploads\/2025\/09\/foto1-3.jpg",379,283,false],"1536x1536":["https:\/\/www.catureba.com.br\/baciadojacuipe\/wp-content\/uploads\/2025\/09\/foto1-3.jpg",379,283,false],"2048x2048":["https:\/\/www.catureba.com.br\/baciadojacuipe\/wp-content\/uploads\/2025\/09\/foto1-3.jpg",379,283,false],"cream-magazine-thumbnail-2":["https:\/\/www.catureba.com.br\/baciadojacuipe\/wp-content\/uploads\/2025\/09\/foto1-3.jpg",379,283,false],"cream-magazine-thumbnail-3":["https:\/\/www.catureba.com.br\/baciadojacuipe\/wp-content\/uploads\/2025\/09\/foto1-3.jpg",379,283,false],"cream-magazine-thumbnail-4":["https:\/\/www.catureba.com.br\/baciadojacuipe\/wp-content\/uploads\/2025\/09\/foto1-3.jpg",379,283,false]},"uagb_author_info":{"display_name":"Ediom\u00e1rio Catureba","author_link":"https:\/\/www.catureba.com.br\/baciadojacuipe\/author\/edyomario\/"},"uagb_comment_info":0,"uagb_excerpt":"Um dia ap\u00f3s o movimento que interditou a BA-052, conhecida como Estrada do Feij\u00e3o, no","_links":{"self":[{"href":"https:\/\/www.catureba.com.br\/baciadojacuipe\/wp-json\/wp\/v2\/posts\/297","targetHints":{"allow":["GET"]}}],"collection":[{"href":"https:\/\/www.catureba.com.br\/baciadojacuipe\/wp-json\/wp\/v2\/posts"}],"about":[{"href":"https:\/\/www.catureba.com.br\/baciadojacuipe\/wp-json\/wp\/v2\/types\/post"}],"author":[{"embeddable":true,"href":"https:\/\/www.catureba.com.br\/baciadojacuipe\/wp-json\/wp\/v2\/users\/1"}],"replies":[{"embeddable":true,"href":"https:\/\/www.catureba.com.br\/baciadojacuipe\/wp-json\/wp\/v2\/comments?post=297"}],"version-history":[{"count":1,"href":"https:\/\/www.catureba.com.br\/baciadojacuipe\/wp-json\/wp\/v2\/posts\/297\/revisions"}],"predecessor-version":[{"id":300,"href":"https:\/\/www.catureba.com.br\/baciadojacuipe\/wp-json\/wp\/v2\/posts\/297\/revisions\/300"}],"wp:featuredmedia":[{"embeddable":true,"href":"https:\/\/www.catureba.com.br\/baciadojacuipe\/wp-json\/wp\/v2\/media\/298"}],"wp:attachment":[{"href":"https:\/\/www.catureba.com.br\/baciadojacuipe\/wp-json\/wp\/v2\/media?parent=297"}],"wp:term":[{"taxonomy":"category","embeddable":true,"href":"https:\/\/www.catureba.com.br\/baciadojacuipe\/wp-json\/wp\/v2\/categories?post=297"},{"taxonomy":"post_tag","embeddable":true,"href":"https:\/\/www.catureba.com.br\/baciadojacuipe\/wp-json\/wp\/v2\/tags?post=297"}],"curies":[{"name":"wp","href":"https:\/\/api.w.org\/{rel}","templated":true}]}}