{"id":211,"date":"2009-09-28T09:15:22","date_gmt":"2009-09-28T12:15:22","guid":{"rendered":"https:\/\/www.catureba.com.br\/baciadojacuipe\/?p=211"},"modified":"2025-08-26T09:18:02","modified_gmt":"2025-08-26T12:18:02","slug":"ponto-de-cultura-pensar-filme-realiza-mais-um-modulo-de-formacao","status":"publish","type":"post","link":"https:\/\/www.catureba.com.br\/baciadojacuipe\/2009\/09\/28\/ponto-de-cultura-pensar-filme-realiza-mais-um-modulo-de-formacao\/","title":{"rendered":"Ponto de Cultura Pensar Filme realiza mais um m\u00f3dulo de forma\u00e7\u00e3o"},"content":{"rendered":"<p style=\"text-align: justify;\">Nos dias 26 e 27 de setembro, o Ponto de Cultura Pensar Filme realizou mais um m\u00f3dulo de seu curso de forma\u00e7\u00e3o. O tema abordado foi &#8220;Cinema Moderno e Pensamento Pol\u00edtico&#8221;, ministrado pelo professor Cl\u00e1udio Novaes, do Departamento de Letras e Artes da Universidade Estadual de Feira de Santana (UEFS).<\/p>\n<p><img loading=\"lazy\" decoding=\"async\" class=\"aligncenter size-full wp-image-214\" src=\"https:\/\/www.catureba.com.br\/baciadojacuipe\/wp-content\/uploads\/2009\/09\/foto2.jpg\" alt=\"\" width=\"379\" height=\"283\" srcset=\"https:\/\/www.catureba.com.br\/baciadojacuipe\/wp-content\/uploads\/2009\/09\/foto2.jpg 379w, https:\/\/www.catureba.com.br\/baciadojacuipe\/wp-content\/uploads\/2009\/09\/foto2-300x224.jpg 300w\" sizes=\"auto, (max-width: 379px) 100vw, 379px\" \/><\/p>\n<p style=\"text-align: justify;\">Lan\u00e7ado nos dias 22 e 23 de maio, em Pintadas, o projeto tem como objetivo fortalecer a identidade territorial da Bacia do Jacu\u00edpe por meio da produ\u00e7\u00e3o de cinema e v\u00eddeo. Participam do curso cerca de 40 jovens dos 14 munic\u00edpios que comp\u00f5em o territ\u00f3rio.<\/p>\n<p><img loading=\"lazy\" decoding=\"async\" class=\"aligncenter size-full wp-image-215\" src=\"https:\/\/www.catureba.com.br\/baciadojacuipe\/wp-content\/uploads\/2009\/09\/foto3.jpg\" alt=\"\" width=\"379\" height=\"283\" srcset=\"https:\/\/www.catureba.com.br\/baciadojacuipe\/wp-content\/uploads\/2009\/09\/foto3.jpg 379w, https:\/\/www.catureba.com.br\/baciadojacuipe\/wp-content\/uploads\/2009\/09\/foto3-300x224.jpg 300w\" sizes=\"auto, (max-width: 379px) 100vw, 379px\" \/><\/p>\n<p style=\"text-align: justify;\">O Pensar Filme \u00e9 um dos Pontos de Cultura selecionados pela Secretaria de Cultura do Estado da Bahia (SECULT) no ano passado. Trata-se de um projeto in\u00e9dito na regi\u00e3o, envolvendo jovens e adultos em atividades te\u00f3ricas e pr\u00e1ticas durante um per\u00edodo de tr\u00eas anos. Os participantes aprendem desde a capta\u00e7\u00e3o de imagens, elabora\u00e7\u00e3o de roteiros, edi\u00e7\u00e3o, at\u00e9 a produ\u00e7\u00e3o final de v\u00eddeos.<\/p>\n<p style=\"text-align: right;\">Fonte: <a href=\"http:\/\/www.baciadojacuipe.com.br\">www.baciadojacuipe.com.br<\/a><br \/>\nPor: Ediom\u00e1rio Catureba<\/p>\n<p><img loading=\"lazy\" decoding=\"async\" class=\"aligncenter size-full wp-image-217\" src=\"https:\/\/www.catureba.com.br\/baciadojacuipe\/wp-content\/uploads\/2009\/09\/foto5.jpg\" alt=\"\" width=\"379\" height=\"283\" srcset=\"https:\/\/www.catureba.com.br\/baciadojacuipe\/wp-content\/uploads\/2009\/09\/foto5.jpg 379w, https:\/\/www.catureba.com.br\/baciadojacuipe\/wp-content\/uploads\/2009\/09\/foto5-300x224.jpg 300w\" sizes=\"auto, (max-width: 379px) 100vw, 379px\" \/> <img loading=\"lazy\" decoding=\"async\" class=\"aligncenter size-full wp-image-218\" src=\"https:\/\/www.catureba.com.br\/baciadojacuipe\/wp-content\/uploads\/2009\/09\/foto6.jpg\" alt=\"\" width=\"379\" height=\"283\" srcset=\"https:\/\/www.catureba.com.br\/baciadojacuipe\/wp-content\/uploads\/2009\/09\/foto6.jpg 379w, https:\/\/www.catureba.com.br\/baciadojacuipe\/wp-content\/uploads\/2009\/09\/foto6-300x224.jpg 300w\" sizes=\"auto, (max-width: 379px) 100vw, 379px\" \/> <img loading=\"lazy\" decoding=\"async\" class=\"aligncenter size-full wp-image-219\" src=\"https:\/\/www.catureba.com.br\/baciadojacuipe\/wp-content\/uploads\/2009\/09\/foto7.jpg\" alt=\"\" width=\"379\" height=\"283\" srcset=\"https:\/\/www.catureba.com.br\/baciadojacuipe\/wp-content\/uploads\/2009\/09\/foto7.jpg 379w, https:\/\/www.catureba.com.br\/baciadojacuipe\/wp-content\/uploads\/2009\/09\/foto7-300x224.jpg 300w\" sizes=\"auto, (max-width: 379px) 100vw, 379px\" \/> <img loading=\"lazy\" decoding=\"async\" class=\"aligncenter size-full wp-image-220\" src=\"https:\/\/www.catureba.com.br\/baciadojacuipe\/wp-content\/uploads\/2009\/09\/foto8.jpg\" alt=\"\" width=\"379\" height=\"283\" srcset=\"https:\/\/www.catureba.com.br\/baciadojacuipe\/wp-content\/uploads\/2009\/09\/foto8.jpg 379w, https:\/\/www.catureba.com.br\/baciadojacuipe\/wp-content\/uploads\/2009\/09\/foto8-300x224.jpg 300w\" sizes=\"auto, (max-width: 379px) 100vw, 379px\" \/><\/p>\n<div class=\"pvc_clear\"><\/div>\n<p id=\"pvc_stats_211\" class=\"pvc_stats total_only  \" data-element-id=\"211\" style=\"\"><i class=\"pvc-stats-icon medium\" aria-hidden=\"true\"><svg aria-hidden=\"true\" focusable=\"false\" data-prefix=\"far\" data-icon=\"chart-bar\" role=\"img\" xmlns=\"http:\/\/www.w3.org\/2000\/svg\" viewBox=\"0 0 512 512\" class=\"svg-inline--fa fa-chart-bar fa-w-16 fa-2x\"><path fill=\"currentColor\" d=\"M396.8 352h22.4c6.4 0 12.8-6.4 12.8-12.8V108.8c0-6.4-6.4-12.8-12.8-12.8h-22.4c-6.4 0-12.8 6.4-12.8 12.8v230.4c0 6.4 6.4 12.8 12.8 12.8zm-192 0h22.4c6.4 0 12.8-6.4 12.8-12.8V140.8c0-6.4-6.4-12.8-12.8-12.8h-22.4c-6.4 0-12.8 6.4-12.8 12.8v198.4c0 6.4 6.4 12.8 12.8 12.8zm96 0h22.4c6.4 0 12.8-6.4 12.8-12.8V204.8c0-6.4-6.4-12.8-12.8-12.8h-22.4c-6.4 0-12.8 6.4-12.8 12.8v134.4c0 6.4 6.4 12.8 12.8 12.8zM496 400H48V80c0-8.84-7.16-16-16-16H16C7.16 64 0 71.16 0 80v336c0 17.67 14.33 32 32 32h464c8.84 0 16-7.16 16-16v-16c0-8.84-7.16-16-16-16zm-387.2-48h22.4c6.4 0 12.8-6.4 12.8-12.8v-70.4c0-6.4-6.4-12.8-12.8-12.8h-22.4c-6.4 0-12.8 6.4-12.8 12.8v70.4c0 6.4 6.4 12.8 12.8 12.8z\" class=\"\"><\/path><\/svg><\/i> <img loading=\"lazy\" decoding=\"async\" width=\"16\" height=\"16\" alt=\"Loading\" src=\"https:\/\/www.catureba.com.br\/baciadojacuipe\/wp-content\/plugins\/page-views-count\/ajax-loader-2x.gif\" border=0 \/><\/p>\n<div class=\"pvc_clear\"><\/div>\n","protected":false},"excerpt":{"rendered":"<p>Nos dias 26 e 27 de setembro, o Ponto de Cultura Pensar Filme realizou mais<\/p>\n<div class=\"pvc_clear\"><\/div>\n<p id=\"pvc_stats_211\" class=\"pvc_stats total_only  \" data-element-id=\"211\" style=\"\"><i class=\"pvc-stats-icon medium\" aria-hidden=\"true\"><svg aria-hidden=\"true\" focusable=\"false\" data-prefix=\"far\" data-icon=\"chart-bar\" role=\"img\" xmlns=\"http:\/\/www.w3.org\/2000\/svg\" viewBox=\"0 0 512 512\" class=\"svg-inline--fa fa-chart-bar fa-w-16 fa-2x\"><path fill=\"currentColor\" d=\"M396.8 352h22.4c6.4 0 12.8-6.4 12.8-12.8V108.8c0-6.4-6.4-12.8-12.8-12.8h-22.4c-6.4 0-12.8 6.4-12.8 12.8v230.4c0 6.4 6.4 12.8 12.8 12.8zm-192 0h22.4c6.4 0 12.8-6.4 12.8-12.8V140.8c0-6.4-6.4-12.8-12.8-12.8h-22.4c-6.4 0-12.8 6.4-12.8 12.8v198.4c0 6.4 6.4 12.8 12.8 12.8zm96 0h22.4c6.4 0 12.8-6.4 12.8-12.8V204.8c0-6.4-6.4-12.8-12.8-12.8h-22.4c-6.4 0-12.8 6.4-12.8 12.8v134.4c0 6.4 6.4 12.8 12.8 12.8zM496 400H48V80c0-8.84-7.16-16-16-16H16C7.16 64 0 71.16 0 80v336c0 17.67 14.33 32 32 32h464c8.84 0 16-7.16 16-16v-16c0-8.84-7.16-16-16-16zm-387.2-48h22.4c6.4 0 12.8-6.4 12.8-12.8v-70.4c0-6.4-6.4-12.8-12.8-12.8h-22.4c-6.4 0-12.8 6.4-12.8 12.8v70.4c0 6.4 6.4 12.8 12.8 12.8z\" class=\"\"><\/path><\/svg><\/i> <img loading=\"lazy\" decoding=\"async\" width=\"16\" height=\"16\" alt=\"Loading\" src=\"https:\/\/www.catureba.com.br\/baciadojacuipe\/wp-content\/plugins\/page-views-count\/ajax-loader-2x.gif\" border=0 \/><\/p>\n<div class=\"pvc_clear\"><\/div>\n","protected":false},"author":1,"featured_media":212,"comment_status":"closed","ping_status":"open","sticky":false,"template":"","format":"standard","meta":{"_uag_custom_page_level_css":"","footnotes":""},"categories":[6],"tags":[],"class_list":["post-211","post","type-post","status-publish","format-standard","has-post-thumbnail","hentry","category-baixa-grande"],"a3_pvc":{"activated":true,"total_views":9,"today_views":0},"yoast_head":"<!-- This site is optimized with the Yoast SEO plugin v27.4 - https:\/\/yoast.com\/product\/yoast-seo-wordpress\/ -->\n<title>Ponto de Cultura Pensar Filme realiza mais um m\u00f3dulo de forma\u00e7\u00e3o - Bacia do Jacu\u00edpe<\/title>\n<meta name=\"robots\" content=\"index, follow, max-snippet:-1, max-image-preview:large, max-video-preview:-1\" \/>\n<link rel=\"canonical\" href=\"https:\/\/www.catureba.com.br\/baciadojacuipe\/2009\/09\/28\/ponto-de-cultura-pensar-filme-realiza-mais-um-modulo-de-formacao\/\" \/>\n<meta property=\"og:locale\" content=\"pt_BR\" \/>\n<meta property=\"og:type\" content=\"article\" \/>\n<meta property=\"og:title\" content=\"Ponto de Cultura Pensar Filme realiza mais um m\u00f3dulo de forma\u00e7\u00e3o - Bacia do Jacu\u00edpe\" \/>\n<meta property=\"og:description\" content=\"Nos dias 26 e 27 de setembro, o Ponto de Cultura Pensar Filme realizou mais\" \/>\n<meta property=\"og:url\" content=\"https:\/\/www.catureba.com.br\/baciadojacuipe\/2009\/09\/28\/ponto-de-cultura-pensar-filme-realiza-mais-um-modulo-de-formacao\/\" \/>\n<meta property=\"og:site_name\" content=\"Bacia do Jacu\u00edpe\" \/>\n<meta property=\"article:published_time\" content=\"2009-09-28T12:15:22+00:00\" \/>\n<meta property=\"article:modified_time\" content=\"2025-08-26T12:18:02+00:00\" \/>\n<meta property=\"og:image\" content=\"https:\/\/www.catureba.com.br\/baciadojacuipe\/wp-content\/uploads\/2025\/08\/foto1-15.jpg\" \/>\n\t<meta property=\"og:image:width\" content=\"379\" \/>\n\t<meta property=\"og:image:height\" content=\"283\" \/>\n\t<meta property=\"og:image:type\" content=\"image\/jpeg\" \/>\n<meta name=\"author\" content=\"Ediom\u00e1rio Catureba\" \/>\n<meta name=\"twitter:card\" content=\"summary_large_image\" \/>\n<meta name=\"twitter:label1\" content=\"Escrito por\" \/>\n\t<meta name=\"twitter:data1\" content=\"Ediom\u00e1rio Catureba\" \/>\n\t<meta name=\"twitter:label2\" content=\"Est. tempo de leitura\" \/>\n\t<meta name=\"twitter:data2\" content=\"1 minuto\" \/>\n<script type=\"application\/ld+json\" class=\"yoast-schema-graph\">{\"@context\":\"https:\\\/\\\/schema.org\",\"@graph\":[{\"@type\":\"Article\",\"@id\":\"https:\\\/\\\/www.catureba.com.br\\\/baciadojacuipe\\\/2009\\\/09\\\/28\\\/ponto-de-cultura-pensar-filme-realiza-mais-um-modulo-de-formacao\\\/#article\",\"isPartOf\":{\"@id\":\"https:\\\/\\\/www.catureba.com.br\\\/baciadojacuipe\\\/2009\\\/09\\\/28\\\/ponto-de-cultura-pensar-filme-realiza-mais-um-modulo-de-formacao\\\/\"},\"author\":{\"name\":\"Ediom\u00e1rio Catureba\",\"@id\":\"https:\\\/\\\/www.catureba.com.br\\\/baciadojacuipe\\\/#\\\/schema\\\/person\\\/ffc8c3b98b65cb69355d29afa2355ba3\"},\"headline\":\"Ponto de Cultura Pensar Filme realiza mais um m\u00f3dulo de forma\u00e7\u00e3o\",\"datePublished\":\"2009-09-28T12:15:22+00:00\",\"dateModified\":\"2025-08-26T12:18:02+00:00\",\"mainEntityOfPage\":{\"@id\":\"https:\\\/\\\/www.catureba.com.br\\\/baciadojacuipe\\\/2009\\\/09\\\/28\\\/ponto-de-cultura-pensar-filme-realiza-mais-um-modulo-de-formacao\\\/\"},\"wordCount\":194,\"publisher\":{\"@id\":\"https:\\\/\\\/www.catureba.com.br\\\/baciadojacuipe\\\/#organization\"},\"image\":{\"@id\":\"https:\\\/\\\/www.catureba.com.br\\\/baciadojacuipe\\\/2009\\\/09\\\/28\\\/ponto-de-cultura-pensar-filme-realiza-mais-um-modulo-de-formacao\\\/#primaryimage\"},\"thumbnailUrl\":\"https:\\\/\\\/www.catureba.com.br\\\/baciadojacuipe\\\/wp-content\\\/uploads\\\/2025\\\/08\\\/foto1-15.jpg\",\"articleSection\":[\"Baixa Grande\"],\"inLanguage\":\"pt-BR\"},{\"@type\":\"WebPage\",\"@id\":\"https:\\\/\\\/www.catureba.com.br\\\/baciadojacuipe\\\/2009\\\/09\\\/28\\\/ponto-de-cultura-pensar-filme-realiza-mais-um-modulo-de-formacao\\\/\",\"url\":\"https:\\\/\\\/www.catureba.com.br\\\/baciadojacuipe\\\/2009\\\/09\\\/28\\\/ponto-de-cultura-pensar-filme-realiza-mais-um-modulo-de-formacao\\\/\",\"name\":\"Ponto de Cultura Pensar Filme realiza mais um m\u00f3dulo de forma\u00e7\u00e3o - Bacia do Jacu\u00edpe\",\"isPartOf\":{\"@id\":\"https:\\\/\\\/www.catureba.com.br\\\/baciadojacuipe\\\/#website\"},\"primaryImageOfPage\":{\"@id\":\"https:\\\/\\\/www.catureba.com.br\\\/baciadojacuipe\\\/2009\\\/09\\\/28\\\/ponto-de-cultura-pensar-filme-realiza-mais-um-modulo-de-formacao\\\/#primaryimage\"},\"image\":{\"@id\":\"https:\\\/\\\/www.catureba.com.br\\\/baciadojacuipe\\\/2009\\\/09\\\/28\\\/ponto-de-cultura-pensar-filme-realiza-mais-um-modulo-de-formacao\\\/#primaryimage\"},\"thumbnailUrl\":\"https:\\\/\\\/www.catureba.com.br\\\/baciadojacuipe\\\/wp-content\\\/uploads\\\/2025\\\/08\\\/foto1-15.jpg\",\"datePublished\":\"2009-09-28T12:15:22+00:00\",\"dateModified\":\"2025-08-26T12:18:02+00:00\",\"breadcrumb\":{\"@id\":\"https:\\\/\\\/www.catureba.com.br\\\/baciadojacuipe\\\/2009\\\/09\\\/28\\\/ponto-de-cultura-pensar-filme-realiza-mais-um-modulo-de-formacao\\\/#breadcrumb\"},\"inLanguage\":\"pt-BR\",\"potentialAction\":[{\"@type\":\"ReadAction\",\"target\":[\"https:\\\/\\\/www.catureba.com.br\\\/baciadojacuipe\\\/2009\\\/09\\\/28\\\/ponto-de-cultura-pensar-filme-realiza-mais-um-modulo-de-formacao\\\/\"]}]},{\"@type\":\"ImageObject\",\"inLanguage\":\"pt-BR\",\"@id\":\"https:\\\/\\\/www.catureba.com.br\\\/baciadojacuipe\\\/2009\\\/09\\\/28\\\/ponto-de-cultura-pensar-filme-realiza-mais-um-modulo-de-formacao\\\/#primaryimage\",\"url\":\"https:\\\/\\\/www.catureba.com.br\\\/baciadojacuipe\\\/wp-content\\\/uploads\\\/2025\\\/08\\\/foto1-15.jpg\",\"contentUrl\":\"https:\\\/\\\/www.catureba.com.br\\\/baciadojacuipe\\\/wp-content\\\/uploads\\\/2025\\\/08\\\/foto1-15.jpg\",\"width\":379,\"height\":283},{\"@type\":\"BreadcrumbList\",\"@id\":\"https:\\\/\\\/www.catureba.com.br\\\/baciadojacuipe\\\/2009\\\/09\\\/28\\\/ponto-de-cultura-pensar-filme-realiza-mais-um-modulo-de-formacao\\\/#breadcrumb\",\"itemListElement\":[{\"@type\":\"ListItem\",\"position\":1,\"name\":\"In\u00edcio\",\"item\":\"https:\\\/\\\/www.catureba.com.br\\\/baciadojacuipe\\\/\"},{\"@type\":\"ListItem\",\"position\":2,\"name\":\"Ponto de Cultura Pensar Filme realiza mais um m\u00f3dulo de forma\u00e7\u00e3o\"}]},{\"@type\":\"WebSite\",\"@id\":\"https:\\\/\\\/www.catureba.com.br\\\/baciadojacuipe\\\/#website\",\"url\":\"https:\\\/\\\/www.catureba.com.br\\\/baciadojacuipe\\\/\",\"name\":\"Bacia do Jacu\u00edpe\",\"description\":\"15 Munic\u00edpios em um s\u00f3 Lugar\",\"publisher\":{\"@id\":\"https:\\\/\\\/www.catureba.com.br\\\/baciadojacuipe\\\/#organization\"},\"potentialAction\":[{\"@type\":\"SearchAction\",\"target\":{\"@type\":\"EntryPoint\",\"urlTemplate\":\"https:\\\/\\\/www.catureba.com.br\\\/baciadojacuipe\\\/?s={search_term_string}\"},\"query-input\":{\"@type\":\"PropertyValueSpecification\",\"valueRequired\":true,\"valueName\":\"search_term_string\"}}],\"inLanguage\":\"pt-BR\"},{\"@type\":\"Organization\",\"@id\":\"https:\\\/\\\/www.catureba.com.br\\\/baciadojacuipe\\\/#organization\",\"name\":\"Bacia do Jacu\u00edpe\",\"url\":\"https:\\\/\\\/www.catureba.com.br\\\/baciadojacuipe\\\/\",\"logo\":{\"@type\":\"ImageObject\",\"inLanguage\":\"pt-BR\",\"@id\":\"https:\\\/\\\/www.catureba.com.br\\\/baciadojacuipe\\\/#\\\/schema\\\/logo\\\/image\\\/\",\"url\":\"https:\\\/\\\/www.catureba.com.br\\\/baciadojacuipe\\\/wp-content\\\/uploads\\\/2025\\\/08\\\/cropped-logo.png\",\"contentUrl\":\"https:\\\/\\\/www.catureba.com.br\\\/baciadojacuipe\\\/wp-content\\\/uploads\\\/2025\\\/08\\\/cropped-logo.png\",\"width\":149,\"height\":150,\"caption\":\"Bacia do Jacu\u00edpe\"},\"image\":{\"@id\":\"https:\\\/\\\/www.catureba.com.br\\\/baciadojacuipe\\\/#\\\/schema\\\/logo\\\/image\\\/\"}},{\"@type\":\"Person\",\"@id\":\"https:\\\/\\\/www.catureba.com.br\\\/baciadojacuipe\\\/#\\\/schema\\\/person\\\/ffc8c3b98b65cb69355d29afa2355ba3\",\"name\":\"Ediom\u00e1rio Catureba\",\"image\":{\"@type\":\"ImageObject\",\"inLanguage\":\"pt-BR\",\"@id\":\"https:\\\/\\\/secure.gravatar.com\\\/avatar\\\/63c567ef6e64a56df9e100701cb374d725dbb66b635cd56b3f13f88e28ba235e?s=96&d=mm&r=g\",\"url\":\"https:\\\/\\\/secure.gravatar.com\\\/avatar\\\/63c567ef6e64a56df9e100701cb374d725dbb66b635cd56b3f13f88e28ba235e?s=96&d=mm&r=g\",\"contentUrl\":\"https:\\\/\\\/secure.gravatar.com\\\/avatar\\\/63c567ef6e64a56df9e100701cb374d725dbb66b635cd56b3f13f88e28ba235e?s=96&d=mm&r=g\",\"caption\":\"Ediom\u00e1rio Catureba\"},\"description\":\"Ediom\u00e1rio Catureba, nascido em 1976 em Baixa Grande, Bahia, \u00e9 jornalista e redator. Al\u00e9m de sua atua\u00e7\u00e3o no jornalismo, Ediom\u00e1rio \u00e9 conhecido por sua participa\u00e7\u00e3o em eventos culturais e sociais na regi\u00e3o. Ediom\u00e1rio tamb\u00e9m \u00e9 respons\u00e1vel pelo site Catureba.com.br, onde publica not\u00edcias e informa\u00e7\u00f5es sobre eventos locais, pol\u00edtica e cultura, contribuindo para a dissemina\u00e7\u00e3o de informa\u00e7\u00f5es na comunidade de Baixa Grande e arredores.\",\"sameAs\":[\"https:\\\/\\\/www.catureba.com.br\\\/baciadojacuipe\"],\"url\":\"https:\\\/\\\/www.catureba.com.br\\\/baciadojacuipe\\\/author\\\/edyomario\\\/\"}]}<\/script>\n<!-- \/ Yoast SEO plugin. -->","yoast_head_json":{"title":"Ponto de Cultura Pensar Filme realiza mais um m\u00f3dulo de forma\u00e7\u00e3o - Bacia do Jacu\u00edpe","robots":{"index":"index","follow":"follow","max-snippet":"max-snippet:-1","max-image-preview":"max-image-preview:large","max-video-preview":"max-video-preview:-1"},"canonical":"https:\/\/www.catureba.com.br\/baciadojacuipe\/2009\/09\/28\/ponto-de-cultura-pensar-filme-realiza-mais-um-modulo-de-formacao\/","og_locale":"pt_BR","og_type":"article","og_title":"Ponto de Cultura Pensar Filme realiza mais um m\u00f3dulo de forma\u00e7\u00e3o - Bacia do Jacu\u00edpe","og_description":"Nos dias 26 e 27 de setembro, o Ponto de Cultura Pensar Filme realizou mais","og_url":"https:\/\/www.catureba.com.br\/baciadojacuipe\/2009\/09\/28\/ponto-de-cultura-pensar-filme-realiza-mais-um-modulo-de-formacao\/","og_site_name":"Bacia do Jacu\u00edpe","article_published_time":"2009-09-28T12:15:22+00:00","article_modified_time":"2025-08-26T12:18:02+00:00","og_image":[{"width":379,"height":283,"url":"https:\/\/www.catureba.com.br\/baciadojacuipe\/wp-content\/uploads\/2025\/08\/foto1-15.jpg","type":"image\/jpeg"}],"author":"Ediom\u00e1rio Catureba","twitter_card":"summary_large_image","twitter_misc":{"Escrito por":"Ediom\u00e1rio Catureba","Est. tempo de leitura":"1 minuto"},"schema":{"@context":"https:\/\/schema.org","@graph":[{"@type":"Article","@id":"https:\/\/www.catureba.com.br\/baciadojacuipe\/2009\/09\/28\/ponto-de-cultura-pensar-filme-realiza-mais-um-modulo-de-formacao\/#article","isPartOf":{"@id":"https:\/\/www.catureba.com.br\/baciadojacuipe\/2009\/09\/28\/ponto-de-cultura-pensar-filme-realiza-mais-um-modulo-de-formacao\/"},"author":{"name":"Ediom\u00e1rio Catureba","@id":"https:\/\/www.catureba.com.br\/baciadojacuipe\/#\/schema\/person\/ffc8c3b98b65cb69355d29afa2355ba3"},"headline":"Ponto de Cultura Pensar Filme realiza mais um m\u00f3dulo de forma\u00e7\u00e3o","datePublished":"2009-09-28T12:15:22+00:00","dateModified":"2025-08-26T12:18:02+00:00","mainEntityOfPage":{"@id":"https:\/\/www.catureba.com.br\/baciadojacuipe\/2009\/09\/28\/ponto-de-cultura-pensar-filme-realiza-mais-um-modulo-de-formacao\/"},"wordCount":194,"publisher":{"@id":"https:\/\/www.catureba.com.br\/baciadojacuipe\/#organization"},"image":{"@id":"https:\/\/www.catureba.com.br\/baciadojacuipe\/2009\/09\/28\/ponto-de-cultura-pensar-filme-realiza-mais-um-modulo-de-formacao\/#primaryimage"},"thumbnailUrl":"https:\/\/www.catureba.com.br\/baciadojacuipe\/wp-content\/uploads\/2025\/08\/foto1-15.jpg","articleSection":["Baixa Grande"],"inLanguage":"pt-BR"},{"@type":"WebPage","@id":"https:\/\/www.catureba.com.br\/baciadojacuipe\/2009\/09\/28\/ponto-de-cultura-pensar-filme-realiza-mais-um-modulo-de-formacao\/","url":"https:\/\/www.catureba.com.br\/baciadojacuipe\/2009\/09\/28\/ponto-de-cultura-pensar-filme-realiza-mais-um-modulo-de-formacao\/","name":"Ponto de Cultura Pensar Filme realiza mais um m\u00f3dulo de forma\u00e7\u00e3o - Bacia do Jacu\u00edpe","isPartOf":{"@id":"https:\/\/www.catureba.com.br\/baciadojacuipe\/#website"},"primaryImageOfPage":{"@id":"https:\/\/www.catureba.com.br\/baciadojacuipe\/2009\/09\/28\/ponto-de-cultura-pensar-filme-realiza-mais-um-modulo-de-formacao\/#primaryimage"},"image":{"@id":"https:\/\/www.catureba.com.br\/baciadojacuipe\/2009\/09\/28\/ponto-de-cultura-pensar-filme-realiza-mais-um-modulo-de-formacao\/#primaryimage"},"thumbnailUrl":"https:\/\/www.catureba.com.br\/baciadojacuipe\/wp-content\/uploads\/2025\/08\/foto1-15.jpg","datePublished":"2009-09-28T12:15:22+00:00","dateModified":"2025-08-26T12:18:02+00:00","breadcrumb":{"@id":"https:\/\/www.catureba.com.br\/baciadojacuipe\/2009\/09\/28\/ponto-de-cultura-pensar-filme-realiza-mais-um-modulo-de-formacao\/#breadcrumb"},"inLanguage":"pt-BR","potentialAction":[{"@type":"ReadAction","target":["https:\/\/www.catureba.com.br\/baciadojacuipe\/2009\/09\/28\/ponto-de-cultura-pensar-filme-realiza-mais-um-modulo-de-formacao\/"]}]},{"@type":"ImageObject","inLanguage":"pt-BR","@id":"https:\/\/www.catureba.com.br\/baciadojacuipe\/2009\/09\/28\/ponto-de-cultura-pensar-filme-realiza-mais-um-modulo-de-formacao\/#primaryimage","url":"https:\/\/www.catureba.com.br\/baciadojacuipe\/wp-content\/uploads\/2025\/08\/foto1-15.jpg","contentUrl":"https:\/\/www.catureba.com.br\/baciadojacuipe\/wp-content\/uploads\/2025\/08\/foto1-15.jpg","width":379,"height":283},{"@type":"BreadcrumbList","@id":"https:\/\/www.catureba.com.br\/baciadojacuipe\/2009\/09\/28\/ponto-de-cultura-pensar-filme-realiza-mais-um-modulo-de-formacao\/#breadcrumb","itemListElement":[{"@type":"ListItem","position":1,"name":"In\u00edcio","item":"https:\/\/www.catureba.com.br\/baciadojacuipe\/"},{"@type":"ListItem","position":2,"name":"Ponto de Cultura Pensar Filme realiza mais um m\u00f3dulo de forma\u00e7\u00e3o"}]},{"@type":"WebSite","@id":"https:\/\/www.catureba.com.br\/baciadojacuipe\/#website","url":"https:\/\/www.catureba.com.br\/baciadojacuipe\/","name":"Bacia do Jacu\u00edpe","description":"15 Munic\u00edpios em um s\u00f3 Lugar","publisher":{"@id":"https:\/\/www.catureba.com.br\/baciadojacuipe\/#organization"},"potentialAction":[{"@type":"SearchAction","target":{"@type":"EntryPoint","urlTemplate":"https:\/\/www.catureba.com.br\/baciadojacuipe\/?s={search_term_string}"},"query-input":{"@type":"PropertyValueSpecification","valueRequired":true,"valueName":"search_term_string"}}],"inLanguage":"pt-BR"},{"@type":"Organization","@id":"https:\/\/www.catureba.com.br\/baciadojacuipe\/#organization","name":"Bacia do Jacu\u00edpe","url":"https:\/\/www.catureba.com.br\/baciadojacuipe\/","logo":{"@type":"ImageObject","inLanguage":"pt-BR","@id":"https:\/\/www.catureba.com.br\/baciadojacuipe\/#\/schema\/logo\/image\/","url":"https:\/\/www.catureba.com.br\/baciadojacuipe\/wp-content\/uploads\/2025\/08\/cropped-logo.png","contentUrl":"https:\/\/www.catureba.com.br\/baciadojacuipe\/wp-content\/uploads\/2025\/08\/cropped-logo.png","width":149,"height":150,"caption":"Bacia do Jacu\u00edpe"},"image":{"@id":"https:\/\/www.catureba.com.br\/baciadojacuipe\/#\/schema\/logo\/image\/"}},{"@type":"Person","@id":"https:\/\/www.catureba.com.br\/baciadojacuipe\/#\/schema\/person\/ffc8c3b98b65cb69355d29afa2355ba3","name":"Ediom\u00e1rio Catureba","image":{"@type":"ImageObject","inLanguage":"pt-BR","@id":"https:\/\/secure.gravatar.com\/avatar\/63c567ef6e64a56df9e100701cb374d725dbb66b635cd56b3f13f88e28ba235e?s=96&d=mm&r=g","url":"https:\/\/secure.gravatar.com\/avatar\/63c567ef6e64a56df9e100701cb374d725dbb66b635cd56b3f13f88e28ba235e?s=96&d=mm&r=g","contentUrl":"https:\/\/secure.gravatar.com\/avatar\/63c567ef6e64a56df9e100701cb374d725dbb66b635cd56b3f13f88e28ba235e?s=96&d=mm&r=g","caption":"Ediom\u00e1rio Catureba"},"description":"Ediom\u00e1rio Catureba, nascido em 1976 em Baixa Grande, Bahia, \u00e9 jornalista e redator. Al\u00e9m de sua atua\u00e7\u00e3o no jornalismo, Ediom\u00e1rio \u00e9 conhecido por sua participa\u00e7\u00e3o em eventos culturais e sociais na regi\u00e3o. Ediom\u00e1rio tamb\u00e9m \u00e9 respons\u00e1vel pelo site Catureba.com.br, onde publica not\u00edcias e informa\u00e7\u00f5es sobre eventos locais, pol\u00edtica e cultura, contribuindo para a dissemina\u00e7\u00e3o de informa\u00e7\u00f5es na comunidade de Baixa Grande e arredores.","sameAs":["https:\/\/www.catureba.com.br\/baciadojacuipe"],"url":"https:\/\/www.catureba.com.br\/baciadojacuipe\/author\/edyomario\/"}]}},"uagb_featured_image_src":{"full":["https:\/\/www.catureba.com.br\/baciadojacuipe\/wp-content\/uploads\/2025\/08\/foto1-15.jpg",379,283,false],"thumbnail":["https:\/\/www.catureba.com.br\/baciadojacuipe\/wp-content\/uploads\/2025\/08\/foto1-15-150x150.jpg",150,150,true],"medium":["https:\/\/www.catureba.com.br\/baciadojacuipe\/wp-content\/uploads\/2025\/08\/foto1-15-300x224.jpg",300,224,true],"medium_large":["https:\/\/www.catureba.com.br\/baciadojacuipe\/wp-content\/uploads\/2025\/08\/foto1-15.jpg",379,283,false],"large":["https:\/\/www.catureba.com.br\/baciadojacuipe\/wp-content\/uploads\/2025\/08\/foto1-15.jpg",379,283,false],"1536x1536":["https:\/\/www.catureba.com.br\/baciadojacuipe\/wp-content\/uploads\/2025\/08\/foto1-15.jpg",379,283,false],"2048x2048":["https:\/\/www.catureba.com.br\/baciadojacuipe\/wp-content\/uploads\/2025\/08\/foto1-15.jpg",379,283,false],"cream-magazine-thumbnail-2":["https:\/\/www.catureba.com.br\/baciadojacuipe\/wp-content\/uploads\/2025\/08\/foto1-15.jpg",379,283,false],"cream-magazine-thumbnail-3":["https:\/\/www.catureba.com.br\/baciadojacuipe\/wp-content\/uploads\/2025\/08\/foto1-15.jpg",379,283,false],"cream-magazine-thumbnail-4":["https:\/\/www.catureba.com.br\/baciadojacuipe\/wp-content\/uploads\/2025\/08\/foto1-15.jpg",379,283,false]},"uagb_author_info":{"display_name":"Ediom\u00e1rio Catureba","author_link":"https:\/\/www.catureba.com.br\/baciadojacuipe\/author\/edyomario\/"},"uagb_comment_info":0,"uagb_excerpt":"Nos dias 26 e 27 de setembro, o Ponto de Cultura Pensar Filme realizou mais","_links":{"self":[{"href":"https:\/\/www.catureba.com.br\/baciadojacuipe\/wp-json\/wp\/v2\/posts\/211","targetHints":{"allow":["GET"]}}],"collection":[{"href":"https:\/\/www.catureba.com.br\/baciadojacuipe\/wp-json\/wp\/v2\/posts"}],"about":[{"href":"https:\/\/www.catureba.com.br\/baciadojacuipe\/wp-json\/wp\/v2\/types\/post"}],"author":[{"embeddable":true,"href":"https:\/\/www.catureba.com.br\/baciadojacuipe\/wp-json\/wp\/v2\/users\/1"}],"replies":[{"embeddable":true,"href":"https:\/\/www.catureba.com.br\/baciadojacuipe\/wp-json\/wp\/v2\/comments?post=211"}],"version-history":[{"count":3,"href":"https:\/\/www.catureba.com.br\/baciadojacuipe\/wp-json\/wp\/v2\/posts\/211\/revisions"}],"predecessor-version":[{"id":221,"href":"https:\/\/www.catureba.com.br\/baciadojacuipe\/wp-json\/wp\/v2\/posts\/211\/revisions\/221"}],"wp:featuredmedia":[{"embeddable":true,"href":"https:\/\/www.catureba.com.br\/baciadojacuipe\/wp-json\/wp\/v2\/media\/212"}],"wp:attachment":[{"href":"https:\/\/www.catureba.com.br\/baciadojacuipe\/wp-json\/wp\/v2\/media?parent=211"}],"wp:term":[{"taxonomy":"category","embeddable":true,"href":"https:\/\/www.catureba.com.br\/baciadojacuipe\/wp-json\/wp\/v2\/categories?post=211"},{"taxonomy":"post_tag","embeddable":true,"href":"https:\/\/www.catureba.com.br\/baciadojacuipe\/wp-json\/wp\/v2\/tags?post=211"}],"curies":[{"name":"wp","href":"https:\/\/api.w.org\/{rel}","templated":true}]}}