{"id":202,"date":"2009-09-26T09:09:48","date_gmt":"2009-09-26T12:09:48","guid":{"rendered":"https:\/\/www.catureba.com.br\/baciadojacuipe\/?p=202"},"modified":"2025-08-26T09:10:49","modified_gmt":"2025-08-26T12:10:49","slug":"varzea-do-poco-busca-alternativas-para-resolver-problemas-da-falta-dagua","status":"publish","type":"post","link":"https:\/\/www.catureba.com.br\/baciadojacuipe\/2009\/09\/26\/varzea-do-poco-busca-alternativas-para-resolver-problemas-da-falta-dagua\/","title":{"rendered":"V\u00e1rzea do Po\u00e7o busca alternativas para resolver problemas da falta d\u00b4\u00e1gua"},"content":{"rendered":"<p style=\"text-align: justify;\">Representantes estiveram na barragem de Cachoeira Grande em Jacobina para verificar a viabilidade de aproveitamento do precioso l\u00edquido.<\/p>\n<p style=\"text-align: justify;\">O prefeito Paulo Jos\u00e9 Ferreira (PSDB), de V\u00e1rzea do Po\u00e7o, juntamente com o presidente da C\u00e2mara Municipal, Nelton Jos\u00e9 Rios (PRB), o secret\u00e1rio de Agricultura e Meio Ambiente, Valter Jo\u00e3o dos Santos e o gerente E.R. da Embasa, daquele munic\u00edpio, Agnaldo Trindade, visitaram na \u00faltima semana a barragem de Cachoeira Grande, no munic\u00edpio de Jacobina, a fim de conhecer a sua capacidade de armazenamento de \u00e1gua, com vistas a viabilizar estudos buscando atender tamb\u00e9m aquela cidade bem como aos povoados de Nova Esperan\u00e7a e Barra Nova, naquele munic\u00edpio.<\/p>\n<p style=\"text-align: justify;\">Ao chegarem \u00e0 referida represa e constatarem \u201cin loco\u201d, que a mesma estava transbordando por cima e ainda com uma comporta aberta n\u00e3o tiveram d\u00favidas de que o problema da falta de \u00e1gua daquele munic\u00edpio poder\u00e1 ser resolvido pela barragem de Cachoeira Grande, com capacidade de 5.000.000 m2 de \u00e1gua, segundo informa\u00e7\u00f5es de t\u00e9cnicos da Embasa, uma vez que ela atende apenas ao munic\u00edpio de Serrol\u00e2ndia e, provisoriamente, um dos bairros da cidade de Jacobina, at\u00e9 que seja constru\u00edda a adutora de Pindoba\u00e7u que ir\u00e1 abastecer os munic\u00edpios de Sa\u00fade, Ca\u00e9m e Jacobina, cuja obra j\u00e1 fora licitada pela Embasa.<\/p>\n<p style=\"text-align: justify;\">Na sexta-feira (25), o gerente regional da UNS-EMBASA, de Senhor do Bonfim, Arnor de Oliveira Fernandes J\u00fanior, visitou o munic\u00edpio acompanhado da Assistente Social, Eliz\u00e2ngela Lopes Braga, para conhecerem de perto a situa\u00e7\u00e3o por que passam os moradores daquele munic\u00edpio, com a falta do l\u00edquido, oportunidade em que, ap\u00f3s reuni\u00e3o com o prefeito Paulo Jos\u00e9 (PSDB) e os vereadores que fazem parte de sua bancada, prometeram buscar solu\u00e7\u00f5es, j\u00e1 antecipando que a partir da \u00faltima segunda-feira, 21, o munic\u00edpio iria dispor de carros-pipas para minorar os problemas, o que a popula\u00e7\u00e3o sente como um descaso por parte da Embasa deixar que chegasse a atual situa\u00e7\u00e3o<\/p>\n<p style=\"text-align: justify;\">Inconformados com o que est\u00e3o enfrentando, por parte da popula\u00e7\u00e3o, no \u00faltimo domingo, o presidente da C\u00e2mara, Nelton Jos\u00e9 Rios (PRB), juntamente com os vereadores Aleandro Oliveira da Paix\u00e3o (PSDB), Wilson Rios Filho (PSDB) e Valdilson Oliveira Lima, Secret\u00e1rio de Controle Interno, fizeram uma visita \u00e0 Esta\u00e7\u00e3o de Tratamento (ETA) que abastece os munic\u00edpios de V\u00e1rzea do Po\u00e7o e Mairi, bem como o local de capta\u00e7\u00e3o onde perceberam que a esta\u00e7\u00e3o fora ampliada, inclusive com instala\u00e7\u00e3o de equipamentos modernos para o tratamento da \u00e1gua, por\u00e9m sem ter em que operar, j\u00e1 que o local de capta\u00e7\u00e3o, segundo eles, \u00e9 um verdadeiro retrato do descaso dado pela Embasa, al\u00e9m do mato tomando conta, numa antiga barragem que fora constru\u00edda na d\u00e9cada de oitenta.<\/p>\n<p style=\"text-align: justify;\">Visitaram tamb\u00e9m outras partes ao longo da represa de S\u00e3o Jos\u00e9 que no decorrer desses anos, a Embasa instalou pontos de capta\u00e7\u00e3o de \u00e1gua e devido a situa\u00e7\u00e3o clim\u00e1tica n\u00e3o tem mais para onde apelar, j\u00e1 que da barragem de S\u00e3o Jos\u00e9, n\u00e3o se tem o que tirar, al\u00e9m do alto teor de sal ali existente.<\/p>\n<p style=\"text-align: justify;\">Quando em visita ao munic\u00edpio de Serrol\u00e2ndia, em julho passado, pelo governador Jaques Wagner, acompanhado de sua comitiva o vereador Nelton Rios, aproveitando da presen\u00e7a de prepostos da Embasa, chamou a aten\u00e7\u00e3o para o que estava acontecendo com aproxima\u00e7\u00e3o da alta esta\u00e7\u00e3o, tendo escutado de um dos funcion\u00e1rios da empresa que o abastecimento de \u00e1gua estava garantido, n\u00e3o existindo qualquer preocupa\u00e7\u00e3o, pois iria solucionar o problema com a barragem do Fran\u00e7a.<br \/>\nAcontece que aquela barragem j\u00e1 abastece os munic\u00edpios de Piritiba, Mundo Novo e Miguel Calmon, hoje apenas com 40% de sua capacidade, como poder\u00e1 atender tamb\u00e9m a V\u00e1rzea do Po\u00e7o e Mairi. Hoje o que se v\u00ea por toda a cidade s\u00e3o caminh\u00f5es-pipas e a popula\u00e7\u00e3o correndo de forma humilhante em busca de uma vasilha de \u00e1gua.<\/p>\n<p style=\"text-align: justify;\">O prefeito Paulo Jos\u00e9, diante da real situa\u00e7\u00e3o, j\u00e1 sinaliza para decretar Situa\u00e7\u00e3o de Emerg\u00eancia no munic\u00edpio de V\u00e1rzea do Po\u00e7o e a C\u00e2mara de Vereadores j\u00e1 se prepara para a possibilidade da realiza\u00e7\u00e3o de uma audi\u00eancia p\u00fablica com a presen\u00e7a do Poder Executivo, Minist\u00e9rio P\u00fablico, Poder Judici\u00e1rio e demais autoridades civis e eclesi\u00e1sticas.<\/p>\n<p style=\"text-align: justify;\">A popula\u00e7\u00e3o est\u00e1 confiante nas provid\u00eancias por parte da Embasa, \u201cmas o problema \u00e9 que ningu\u00e9m pode esperar\u201d, afirma o agricultor Antonio Souza Ramos.<\/p>\n<p style=\"text-align: right;\"><a href=\"http:\/\/www.calilanoticias.com\">www.calilanoticias.com<\/a><br \/>\nPor: Valdem\u00ed de Assis<\/p>\n<div class=\"pvc_clear\"><\/div>\n<p id=\"pvc_stats_202\" class=\"pvc_stats total_only  \" data-element-id=\"202\" style=\"\"><i class=\"pvc-stats-icon medium\" aria-hidden=\"true\"><svg aria-hidden=\"true\" focusable=\"false\" data-prefix=\"far\" data-icon=\"chart-bar\" role=\"img\" xmlns=\"http:\/\/www.w3.org\/2000\/svg\" viewBox=\"0 0 512 512\" class=\"svg-inline--fa fa-chart-bar fa-w-16 fa-2x\"><path fill=\"currentColor\" d=\"M396.8 352h22.4c6.4 0 12.8-6.4 12.8-12.8V108.8c0-6.4-6.4-12.8-12.8-12.8h-22.4c-6.4 0-12.8 6.4-12.8 12.8v230.4c0 6.4 6.4 12.8 12.8 12.8zm-192 0h22.4c6.4 0 12.8-6.4 12.8-12.8V140.8c0-6.4-6.4-12.8-12.8-12.8h-22.4c-6.4 0-12.8 6.4-12.8 12.8v198.4c0 6.4 6.4 12.8 12.8 12.8zm96 0h22.4c6.4 0 12.8-6.4 12.8-12.8V204.8c0-6.4-6.4-12.8-12.8-12.8h-22.4c-6.4 0-12.8 6.4-12.8 12.8v134.4c0 6.4 6.4 12.8 12.8 12.8zM496 400H48V80c0-8.84-7.16-16-16-16H16C7.16 64 0 71.16 0 80v336c0 17.67 14.33 32 32 32h464c8.84 0 16-7.16 16-16v-16c0-8.84-7.16-16-16-16zm-387.2-48h22.4c6.4 0 12.8-6.4 12.8-12.8v-70.4c0-6.4-6.4-12.8-12.8-12.8h-22.4c-6.4 0-12.8 6.4-12.8 12.8v70.4c0 6.4 6.4 12.8 12.8 12.8z\" class=\"\"><\/path><\/svg><\/i> <img loading=\"lazy\" decoding=\"async\" width=\"16\" height=\"16\" alt=\"Loading\" src=\"https:\/\/www.catureba.com.br\/baciadojacuipe\/wp-content\/plugins\/page-views-count\/ajax-loader-2x.gif\" border=0 \/><\/p>\n<div class=\"pvc_clear\"><\/div>\n","protected":false},"excerpt":{"rendered":"<p>Representantes estiveram na barragem de Cachoeira Grande em Jacobina para verificar a viabilidade de aproveitamento<\/p>\n<div class=\"pvc_clear\"><\/div>\n<p id=\"pvc_stats_202\" class=\"pvc_stats total_only  \" data-element-id=\"202\" style=\"\"><i class=\"pvc-stats-icon medium\" aria-hidden=\"true\"><svg aria-hidden=\"true\" focusable=\"false\" data-prefix=\"far\" data-icon=\"chart-bar\" role=\"img\" xmlns=\"http:\/\/www.w3.org\/2000\/svg\" viewBox=\"0 0 512 512\" class=\"svg-inline--fa fa-chart-bar fa-w-16 fa-2x\"><path fill=\"currentColor\" d=\"M396.8 352h22.4c6.4 0 12.8-6.4 12.8-12.8V108.8c0-6.4-6.4-12.8-12.8-12.8h-22.4c-6.4 0-12.8 6.4-12.8 12.8v230.4c0 6.4 6.4 12.8 12.8 12.8zm-192 0h22.4c6.4 0 12.8-6.4 12.8-12.8V140.8c0-6.4-6.4-12.8-12.8-12.8h-22.4c-6.4 0-12.8 6.4-12.8 12.8v198.4c0 6.4 6.4 12.8 12.8 12.8zm96 0h22.4c6.4 0 12.8-6.4 12.8-12.8V204.8c0-6.4-6.4-12.8-12.8-12.8h-22.4c-6.4 0-12.8 6.4-12.8 12.8v134.4c0 6.4 6.4 12.8 12.8 12.8zM496 400H48V80c0-8.84-7.16-16-16-16H16C7.16 64 0 71.16 0 80v336c0 17.67 14.33 32 32 32h464c8.84 0 16-7.16 16-16v-16c0-8.84-7.16-16-16-16zm-387.2-48h22.4c6.4 0 12.8-6.4 12.8-12.8v-70.4c0-6.4-6.4-12.8-12.8-12.8h-22.4c-6.4 0-12.8 6.4-12.8 12.8v70.4c0 6.4 6.4 12.8 12.8 12.8z\" class=\"\"><\/path><\/svg><\/i> <img loading=\"lazy\" decoding=\"async\" width=\"16\" height=\"16\" alt=\"Loading\" src=\"https:\/\/www.catureba.com.br\/baciadojacuipe\/wp-content\/plugins\/page-views-count\/ajax-loader-2x.gif\" border=0 \/><\/p>\n<div class=\"pvc_clear\"><\/div>\n","protected":false},"author":1,"featured_media":203,"comment_status":"closed","ping_status":"open","sticky":false,"template":"","format":"standard","meta":{"_uag_custom_page_level_css":"","footnotes":""},"categories":[9],"tags":[],"class_list":["post-202","post","type-post","status-publish","format-standard","has-post-thumbnail","hentry","category-varzea-do-poco"],"a3_pvc":{"activated":true,"total_views":13,"today_views":0},"yoast_head":"<!-- This site is optimized with the Yoast SEO plugin v27.4 - https:\/\/yoast.com\/product\/yoast-seo-wordpress\/ -->\n<title>V\u00e1rzea do Po\u00e7o busca alternativas para resolver problemas da falta d\u00b4\u00e1gua - Bacia do Jacu\u00edpe<\/title>\n<meta name=\"robots\" content=\"index, follow, max-snippet:-1, max-image-preview:large, max-video-preview:-1\" \/>\n<link rel=\"canonical\" href=\"https:\/\/www.catureba.com.br\/baciadojacuipe\/2009\/09\/26\/varzea-do-poco-busca-alternativas-para-resolver-problemas-da-falta-dagua\/\" \/>\n<meta property=\"og:locale\" content=\"pt_BR\" \/>\n<meta property=\"og:type\" content=\"article\" \/>\n<meta property=\"og:title\" content=\"V\u00e1rzea do Po\u00e7o busca alternativas para resolver problemas da falta d\u00b4\u00e1gua - Bacia do Jacu\u00edpe\" \/>\n<meta property=\"og:description\" content=\"Representantes estiveram na barragem de Cachoeira Grande em Jacobina para verificar a viabilidade de aproveitamento\" \/>\n<meta property=\"og:url\" content=\"https:\/\/www.catureba.com.br\/baciadojacuipe\/2009\/09\/26\/varzea-do-poco-busca-alternativas-para-resolver-problemas-da-falta-dagua\/\" \/>\n<meta property=\"og:site_name\" content=\"Bacia do Jacu\u00edpe\" \/>\n<meta property=\"article:published_time\" content=\"2009-09-26T12:09:48+00:00\" \/>\n<meta property=\"article:modified_time\" content=\"2025-08-26T12:10:49+00:00\" \/>\n<meta property=\"og:image\" content=\"https:\/\/www.catureba.com.br\/baciadojacuipe\/wp-content\/uploads\/2025\/08\/foto1-13.jpg\" \/>\n\t<meta property=\"og:image:width\" content=\"379\" \/>\n\t<meta property=\"og:image:height\" content=\"283\" \/>\n\t<meta property=\"og:image:type\" content=\"image\/jpeg\" \/>\n<meta name=\"author\" content=\"Ediom\u00e1rio Catureba\" \/>\n<meta name=\"twitter:card\" content=\"summary_large_image\" \/>\n<meta name=\"twitter:label1\" content=\"Escrito por\" \/>\n\t<meta name=\"twitter:data1\" content=\"Ediom\u00e1rio Catureba\" \/>\n\t<meta name=\"twitter:label2\" content=\"Est. tempo de leitura\" \/>\n\t<meta name=\"twitter:data2\" content=\"4 minutos\" \/>\n<script type=\"application\/ld+json\" class=\"yoast-schema-graph\">{\"@context\":\"https:\\\/\\\/schema.org\",\"@graph\":[{\"@type\":\"Article\",\"@id\":\"https:\\\/\\\/www.catureba.com.br\\\/baciadojacuipe\\\/2009\\\/09\\\/26\\\/varzea-do-poco-busca-alternativas-para-resolver-problemas-da-falta-dagua\\\/#article\",\"isPartOf\":{\"@id\":\"https:\\\/\\\/www.catureba.com.br\\\/baciadojacuipe\\\/2009\\\/09\\\/26\\\/varzea-do-poco-busca-alternativas-para-resolver-problemas-da-falta-dagua\\\/\"},\"author\":{\"name\":\"Ediom\u00e1rio Catureba\",\"@id\":\"https:\\\/\\\/www.catureba.com.br\\\/baciadojacuipe\\\/#\\\/schema\\\/person\\\/ffc8c3b98b65cb69355d29afa2355ba3\"},\"headline\":\"V\u00e1rzea do Po\u00e7o busca alternativas para resolver problemas da falta d\u00b4\u00e1gua\",\"datePublished\":\"2009-09-26T12:09:48+00:00\",\"dateModified\":\"2025-08-26T12:10:49+00:00\",\"mainEntityOfPage\":{\"@id\":\"https:\\\/\\\/www.catureba.com.br\\\/baciadojacuipe\\\/2009\\\/09\\\/26\\\/varzea-do-poco-busca-alternativas-para-resolver-problemas-da-falta-dagua\\\/\"},\"wordCount\":805,\"publisher\":{\"@id\":\"https:\\\/\\\/www.catureba.com.br\\\/baciadojacuipe\\\/#organization\"},\"image\":{\"@id\":\"https:\\\/\\\/www.catureba.com.br\\\/baciadojacuipe\\\/2009\\\/09\\\/26\\\/varzea-do-poco-busca-alternativas-para-resolver-problemas-da-falta-dagua\\\/#primaryimage\"},\"thumbnailUrl\":\"https:\\\/\\\/www.catureba.com.br\\\/baciadojacuipe\\\/wp-content\\\/uploads\\\/2025\\\/08\\\/foto1-13.jpg\",\"articleSection\":[\"V\u00e1rzea do Po\u00e7o\"],\"inLanguage\":\"pt-BR\"},{\"@type\":\"WebPage\",\"@id\":\"https:\\\/\\\/www.catureba.com.br\\\/baciadojacuipe\\\/2009\\\/09\\\/26\\\/varzea-do-poco-busca-alternativas-para-resolver-problemas-da-falta-dagua\\\/\",\"url\":\"https:\\\/\\\/www.catureba.com.br\\\/baciadojacuipe\\\/2009\\\/09\\\/26\\\/varzea-do-poco-busca-alternativas-para-resolver-problemas-da-falta-dagua\\\/\",\"name\":\"V\u00e1rzea do Po\u00e7o busca alternativas para resolver problemas da falta d\u00b4\u00e1gua - Bacia do Jacu\u00edpe\",\"isPartOf\":{\"@id\":\"https:\\\/\\\/www.catureba.com.br\\\/baciadojacuipe\\\/#website\"},\"primaryImageOfPage\":{\"@id\":\"https:\\\/\\\/www.catureba.com.br\\\/baciadojacuipe\\\/2009\\\/09\\\/26\\\/varzea-do-poco-busca-alternativas-para-resolver-problemas-da-falta-dagua\\\/#primaryimage\"},\"image\":{\"@id\":\"https:\\\/\\\/www.catureba.com.br\\\/baciadojacuipe\\\/2009\\\/09\\\/26\\\/varzea-do-poco-busca-alternativas-para-resolver-problemas-da-falta-dagua\\\/#primaryimage\"},\"thumbnailUrl\":\"https:\\\/\\\/www.catureba.com.br\\\/baciadojacuipe\\\/wp-content\\\/uploads\\\/2025\\\/08\\\/foto1-13.jpg\",\"datePublished\":\"2009-09-26T12:09:48+00:00\",\"dateModified\":\"2025-08-26T12:10:49+00:00\",\"breadcrumb\":{\"@id\":\"https:\\\/\\\/www.catureba.com.br\\\/baciadojacuipe\\\/2009\\\/09\\\/26\\\/varzea-do-poco-busca-alternativas-para-resolver-problemas-da-falta-dagua\\\/#breadcrumb\"},\"inLanguage\":\"pt-BR\",\"potentialAction\":[{\"@type\":\"ReadAction\",\"target\":[\"https:\\\/\\\/www.catureba.com.br\\\/baciadojacuipe\\\/2009\\\/09\\\/26\\\/varzea-do-poco-busca-alternativas-para-resolver-problemas-da-falta-dagua\\\/\"]}]},{\"@type\":\"ImageObject\",\"inLanguage\":\"pt-BR\",\"@id\":\"https:\\\/\\\/www.catureba.com.br\\\/baciadojacuipe\\\/2009\\\/09\\\/26\\\/varzea-do-poco-busca-alternativas-para-resolver-problemas-da-falta-dagua\\\/#primaryimage\",\"url\":\"https:\\\/\\\/www.catureba.com.br\\\/baciadojacuipe\\\/wp-content\\\/uploads\\\/2025\\\/08\\\/foto1-13.jpg\",\"contentUrl\":\"https:\\\/\\\/www.catureba.com.br\\\/baciadojacuipe\\\/wp-content\\\/uploads\\\/2025\\\/08\\\/foto1-13.jpg\",\"width\":379,\"height\":283},{\"@type\":\"BreadcrumbList\",\"@id\":\"https:\\\/\\\/www.catureba.com.br\\\/baciadojacuipe\\\/2009\\\/09\\\/26\\\/varzea-do-poco-busca-alternativas-para-resolver-problemas-da-falta-dagua\\\/#breadcrumb\",\"itemListElement\":[{\"@type\":\"ListItem\",\"position\":1,\"name\":\"In\u00edcio\",\"item\":\"https:\\\/\\\/www.catureba.com.br\\\/baciadojacuipe\\\/\"},{\"@type\":\"ListItem\",\"position\":2,\"name\":\"V\u00e1rzea do Po\u00e7o busca alternativas para resolver problemas da falta d\u00b4\u00e1gua\"}]},{\"@type\":\"WebSite\",\"@id\":\"https:\\\/\\\/www.catureba.com.br\\\/baciadojacuipe\\\/#website\",\"url\":\"https:\\\/\\\/www.catureba.com.br\\\/baciadojacuipe\\\/\",\"name\":\"Bacia do Jacu\u00edpe\",\"description\":\"15 Munic\u00edpios em um s\u00f3 Lugar\",\"publisher\":{\"@id\":\"https:\\\/\\\/www.catureba.com.br\\\/baciadojacuipe\\\/#organization\"},\"potentialAction\":[{\"@type\":\"SearchAction\",\"target\":{\"@type\":\"EntryPoint\",\"urlTemplate\":\"https:\\\/\\\/www.catureba.com.br\\\/baciadojacuipe\\\/?s={search_term_string}\"},\"query-input\":{\"@type\":\"PropertyValueSpecification\",\"valueRequired\":true,\"valueName\":\"search_term_string\"}}],\"inLanguage\":\"pt-BR\"},{\"@type\":\"Organization\",\"@id\":\"https:\\\/\\\/www.catureba.com.br\\\/baciadojacuipe\\\/#organization\",\"name\":\"Bacia do Jacu\u00edpe\",\"url\":\"https:\\\/\\\/www.catureba.com.br\\\/baciadojacuipe\\\/\",\"logo\":{\"@type\":\"ImageObject\",\"inLanguage\":\"pt-BR\",\"@id\":\"https:\\\/\\\/www.catureba.com.br\\\/baciadojacuipe\\\/#\\\/schema\\\/logo\\\/image\\\/\",\"url\":\"https:\\\/\\\/www.catureba.com.br\\\/baciadojacuipe\\\/wp-content\\\/uploads\\\/2025\\\/08\\\/cropped-logo.png\",\"contentUrl\":\"https:\\\/\\\/www.catureba.com.br\\\/baciadojacuipe\\\/wp-content\\\/uploads\\\/2025\\\/08\\\/cropped-logo.png\",\"width\":149,\"height\":150,\"caption\":\"Bacia do Jacu\u00edpe\"},\"image\":{\"@id\":\"https:\\\/\\\/www.catureba.com.br\\\/baciadojacuipe\\\/#\\\/schema\\\/logo\\\/image\\\/\"}},{\"@type\":\"Person\",\"@id\":\"https:\\\/\\\/www.catureba.com.br\\\/baciadojacuipe\\\/#\\\/schema\\\/person\\\/ffc8c3b98b65cb69355d29afa2355ba3\",\"name\":\"Ediom\u00e1rio Catureba\",\"image\":{\"@type\":\"ImageObject\",\"inLanguage\":\"pt-BR\",\"@id\":\"https:\\\/\\\/secure.gravatar.com\\\/avatar\\\/63c567ef6e64a56df9e100701cb374d725dbb66b635cd56b3f13f88e28ba235e?s=96&d=mm&r=g\",\"url\":\"https:\\\/\\\/secure.gravatar.com\\\/avatar\\\/63c567ef6e64a56df9e100701cb374d725dbb66b635cd56b3f13f88e28ba235e?s=96&d=mm&r=g\",\"contentUrl\":\"https:\\\/\\\/secure.gravatar.com\\\/avatar\\\/63c567ef6e64a56df9e100701cb374d725dbb66b635cd56b3f13f88e28ba235e?s=96&d=mm&r=g\",\"caption\":\"Ediom\u00e1rio Catureba\"},\"description\":\"Ediom\u00e1rio Catureba, nascido em 1976 em Baixa Grande, Bahia, \u00e9 jornalista e redator. Al\u00e9m de sua atua\u00e7\u00e3o no jornalismo, Ediom\u00e1rio \u00e9 conhecido por sua participa\u00e7\u00e3o em eventos culturais e sociais na regi\u00e3o. Ediom\u00e1rio tamb\u00e9m \u00e9 respons\u00e1vel pelo site Catureba.com.br, onde publica not\u00edcias e informa\u00e7\u00f5es sobre eventos locais, pol\u00edtica e cultura, contribuindo para a dissemina\u00e7\u00e3o de informa\u00e7\u00f5es na comunidade de Baixa Grande e arredores.\",\"sameAs\":[\"https:\\\/\\\/www.catureba.com.br\\\/baciadojacuipe\"],\"url\":\"https:\\\/\\\/www.catureba.com.br\\\/baciadojacuipe\\\/author\\\/edyomario\\\/\"}]}<\/script>\n<!-- \/ Yoast SEO plugin. -->","yoast_head_json":{"title":"V\u00e1rzea do Po\u00e7o busca alternativas para resolver problemas da falta d\u00b4\u00e1gua - Bacia do Jacu\u00edpe","robots":{"index":"index","follow":"follow","max-snippet":"max-snippet:-1","max-image-preview":"max-image-preview:large","max-video-preview":"max-video-preview:-1"},"canonical":"https:\/\/www.catureba.com.br\/baciadojacuipe\/2009\/09\/26\/varzea-do-poco-busca-alternativas-para-resolver-problemas-da-falta-dagua\/","og_locale":"pt_BR","og_type":"article","og_title":"V\u00e1rzea do Po\u00e7o busca alternativas para resolver problemas da falta d\u00b4\u00e1gua - Bacia do Jacu\u00edpe","og_description":"Representantes estiveram na barragem de Cachoeira Grande em Jacobina para verificar a viabilidade de aproveitamento","og_url":"https:\/\/www.catureba.com.br\/baciadojacuipe\/2009\/09\/26\/varzea-do-poco-busca-alternativas-para-resolver-problemas-da-falta-dagua\/","og_site_name":"Bacia do Jacu\u00edpe","article_published_time":"2009-09-26T12:09:48+00:00","article_modified_time":"2025-08-26T12:10:49+00:00","og_image":[{"width":379,"height":283,"url":"https:\/\/www.catureba.com.br\/baciadojacuipe\/wp-content\/uploads\/2025\/08\/foto1-13.jpg","type":"image\/jpeg"}],"author":"Ediom\u00e1rio Catureba","twitter_card":"summary_large_image","twitter_misc":{"Escrito por":"Ediom\u00e1rio Catureba","Est. tempo de leitura":"4 minutos"},"schema":{"@context":"https:\/\/schema.org","@graph":[{"@type":"Article","@id":"https:\/\/www.catureba.com.br\/baciadojacuipe\/2009\/09\/26\/varzea-do-poco-busca-alternativas-para-resolver-problemas-da-falta-dagua\/#article","isPartOf":{"@id":"https:\/\/www.catureba.com.br\/baciadojacuipe\/2009\/09\/26\/varzea-do-poco-busca-alternativas-para-resolver-problemas-da-falta-dagua\/"},"author":{"name":"Ediom\u00e1rio Catureba","@id":"https:\/\/www.catureba.com.br\/baciadojacuipe\/#\/schema\/person\/ffc8c3b98b65cb69355d29afa2355ba3"},"headline":"V\u00e1rzea do Po\u00e7o busca alternativas para resolver problemas da falta d\u00b4\u00e1gua","datePublished":"2009-09-26T12:09:48+00:00","dateModified":"2025-08-26T12:10:49+00:00","mainEntityOfPage":{"@id":"https:\/\/www.catureba.com.br\/baciadojacuipe\/2009\/09\/26\/varzea-do-poco-busca-alternativas-para-resolver-problemas-da-falta-dagua\/"},"wordCount":805,"publisher":{"@id":"https:\/\/www.catureba.com.br\/baciadojacuipe\/#organization"},"image":{"@id":"https:\/\/www.catureba.com.br\/baciadojacuipe\/2009\/09\/26\/varzea-do-poco-busca-alternativas-para-resolver-problemas-da-falta-dagua\/#primaryimage"},"thumbnailUrl":"https:\/\/www.catureba.com.br\/baciadojacuipe\/wp-content\/uploads\/2025\/08\/foto1-13.jpg","articleSection":["V\u00e1rzea do Po\u00e7o"],"inLanguage":"pt-BR"},{"@type":"WebPage","@id":"https:\/\/www.catureba.com.br\/baciadojacuipe\/2009\/09\/26\/varzea-do-poco-busca-alternativas-para-resolver-problemas-da-falta-dagua\/","url":"https:\/\/www.catureba.com.br\/baciadojacuipe\/2009\/09\/26\/varzea-do-poco-busca-alternativas-para-resolver-problemas-da-falta-dagua\/","name":"V\u00e1rzea do Po\u00e7o busca alternativas para resolver problemas da falta d\u00b4\u00e1gua - Bacia do Jacu\u00edpe","isPartOf":{"@id":"https:\/\/www.catureba.com.br\/baciadojacuipe\/#website"},"primaryImageOfPage":{"@id":"https:\/\/www.catureba.com.br\/baciadojacuipe\/2009\/09\/26\/varzea-do-poco-busca-alternativas-para-resolver-problemas-da-falta-dagua\/#primaryimage"},"image":{"@id":"https:\/\/www.catureba.com.br\/baciadojacuipe\/2009\/09\/26\/varzea-do-poco-busca-alternativas-para-resolver-problemas-da-falta-dagua\/#primaryimage"},"thumbnailUrl":"https:\/\/www.catureba.com.br\/baciadojacuipe\/wp-content\/uploads\/2025\/08\/foto1-13.jpg","datePublished":"2009-09-26T12:09:48+00:00","dateModified":"2025-08-26T12:10:49+00:00","breadcrumb":{"@id":"https:\/\/www.catureba.com.br\/baciadojacuipe\/2009\/09\/26\/varzea-do-poco-busca-alternativas-para-resolver-problemas-da-falta-dagua\/#breadcrumb"},"inLanguage":"pt-BR","potentialAction":[{"@type":"ReadAction","target":["https:\/\/www.catureba.com.br\/baciadojacuipe\/2009\/09\/26\/varzea-do-poco-busca-alternativas-para-resolver-problemas-da-falta-dagua\/"]}]},{"@type":"ImageObject","inLanguage":"pt-BR","@id":"https:\/\/www.catureba.com.br\/baciadojacuipe\/2009\/09\/26\/varzea-do-poco-busca-alternativas-para-resolver-problemas-da-falta-dagua\/#primaryimage","url":"https:\/\/www.catureba.com.br\/baciadojacuipe\/wp-content\/uploads\/2025\/08\/foto1-13.jpg","contentUrl":"https:\/\/www.catureba.com.br\/baciadojacuipe\/wp-content\/uploads\/2025\/08\/foto1-13.jpg","width":379,"height":283},{"@type":"BreadcrumbList","@id":"https:\/\/www.catureba.com.br\/baciadojacuipe\/2009\/09\/26\/varzea-do-poco-busca-alternativas-para-resolver-problemas-da-falta-dagua\/#breadcrumb","itemListElement":[{"@type":"ListItem","position":1,"name":"In\u00edcio","item":"https:\/\/www.catureba.com.br\/baciadojacuipe\/"},{"@type":"ListItem","position":2,"name":"V\u00e1rzea do Po\u00e7o busca alternativas para resolver problemas da falta d\u00b4\u00e1gua"}]},{"@type":"WebSite","@id":"https:\/\/www.catureba.com.br\/baciadojacuipe\/#website","url":"https:\/\/www.catureba.com.br\/baciadojacuipe\/","name":"Bacia do Jacu\u00edpe","description":"15 Munic\u00edpios em um s\u00f3 Lugar","publisher":{"@id":"https:\/\/www.catureba.com.br\/baciadojacuipe\/#organization"},"potentialAction":[{"@type":"SearchAction","target":{"@type":"EntryPoint","urlTemplate":"https:\/\/www.catureba.com.br\/baciadojacuipe\/?s={search_term_string}"},"query-input":{"@type":"PropertyValueSpecification","valueRequired":true,"valueName":"search_term_string"}}],"inLanguage":"pt-BR"},{"@type":"Organization","@id":"https:\/\/www.catureba.com.br\/baciadojacuipe\/#organization","name":"Bacia do Jacu\u00edpe","url":"https:\/\/www.catureba.com.br\/baciadojacuipe\/","logo":{"@type":"ImageObject","inLanguage":"pt-BR","@id":"https:\/\/www.catureba.com.br\/baciadojacuipe\/#\/schema\/logo\/image\/","url":"https:\/\/www.catureba.com.br\/baciadojacuipe\/wp-content\/uploads\/2025\/08\/cropped-logo.png","contentUrl":"https:\/\/www.catureba.com.br\/baciadojacuipe\/wp-content\/uploads\/2025\/08\/cropped-logo.png","width":149,"height":150,"caption":"Bacia do Jacu\u00edpe"},"image":{"@id":"https:\/\/www.catureba.com.br\/baciadojacuipe\/#\/schema\/logo\/image\/"}},{"@type":"Person","@id":"https:\/\/www.catureba.com.br\/baciadojacuipe\/#\/schema\/person\/ffc8c3b98b65cb69355d29afa2355ba3","name":"Ediom\u00e1rio Catureba","image":{"@type":"ImageObject","inLanguage":"pt-BR","@id":"https:\/\/secure.gravatar.com\/avatar\/63c567ef6e64a56df9e100701cb374d725dbb66b635cd56b3f13f88e28ba235e?s=96&d=mm&r=g","url":"https:\/\/secure.gravatar.com\/avatar\/63c567ef6e64a56df9e100701cb374d725dbb66b635cd56b3f13f88e28ba235e?s=96&d=mm&r=g","contentUrl":"https:\/\/secure.gravatar.com\/avatar\/63c567ef6e64a56df9e100701cb374d725dbb66b635cd56b3f13f88e28ba235e?s=96&d=mm&r=g","caption":"Ediom\u00e1rio Catureba"},"description":"Ediom\u00e1rio Catureba, nascido em 1976 em Baixa Grande, Bahia, \u00e9 jornalista e redator. Al\u00e9m de sua atua\u00e7\u00e3o no jornalismo, Ediom\u00e1rio \u00e9 conhecido por sua participa\u00e7\u00e3o em eventos culturais e sociais na regi\u00e3o. Ediom\u00e1rio tamb\u00e9m \u00e9 respons\u00e1vel pelo site Catureba.com.br, onde publica not\u00edcias e informa\u00e7\u00f5es sobre eventos locais, pol\u00edtica e cultura, contribuindo para a dissemina\u00e7\u00e3o de informa\u00e7\u00f5es na comunidade de Baixa Grande e arredores.","sameAs":["https:\/\/www.catureba.com.br\/baciadojacuipe"],"url":"https:\/\/www.catureba.com.br\/baciadojacuipe\/author\/edyomario\/"}]}},"uagb_featured_image_src":{"full":["https:\/\/www.catureba.com.br\/baciadojacuipe\/wp-content\/uploads\/2025\/08\/foto1-13.jpg",379,283,false],"thumbnail":["https:\/\/www.catureba.com.br\/baciadojacuipe\/wp-content\/uploads\/2025\/08\/foto1-13-150x150.jpg",150,150,true],"medium":["https:\/\/www.catureba.com.br\/baciadojacuipe\/wp-content\/uploads\/2025\/08\/foto1-13-300x224.jpg",300,224,true],"medium_large":["https:\/\/www.catureba.com.br\/baciadojacuipe\/wp-content\/uploads\/2025\/08\/foto1-13.jpg",379,283,false],"large":["https:\/\/www.catureba.com.br\/baciadojacuipe\/wp-content\/uploads\/2025\/08\/foto1-13.jpg",379,283,false],"1536x1536":["https:\/\/www.catureba.com.br\/baciadojacuipe\/wp-content\/uploads\/2025\/08\/foto1-13.jpg",379,283,false],"2048x2048":["https:\/\/www.catureba.com.br\/baciadojacuipe\/wp-content\/uploads\/2025\/08\/foto1-13.jpg",379,283,false],"cream-magazine-thumbnail-2":["https:\/\/www.catureba.com.br\/baciadojacuipe\/wp-content\/uploads\/2025\/08\/foto1-13.jpg",379,283,false],"cream-magazine-thumbnail-3":["https:\/\/www.catureba.com.br\/baciadojacuipe\/wp-content\/uploads\/2025\/08\/foto1-13.jpg",379,283,false],"cream-magazine-thumbnail-4":["https:\/\/www.catureba.com.br\/baciadojacuipe\/wp-content\/uploads\/2025\/08\/foto1-13.jpg",379,283,false]},"uagb_author_info":{"display_name":"Ediom\u00e1rio Catureba","author_link":"https:\/\/www.catureba.com.br\/baciadojacuipe\/author\/edyomario\/"},"uagb_comment_info":0,"uagb_excerpt":"Representantes estiveram na barragem de Cachoeira Grande em Jacobina para verificar a viabilidade de aproveitamento","_links":{"self":[{"href":"https:\/\/www.catureba.com.br\/baciadojacuipe\/wp-json\/wp\/v2\/posts\/202","targetHints":{"allow":["GET"]}}],"collection":[{"href":"https:\/\/www.catureba.com.br\/baciadojacuipe\/wp-json\/wp\/v2\/posts"}],"about":[{"href":"https:\/\/www.catureba.com.br\/baciadojacuipe\/wp-json\/wp\/v2\/types\/post"}],"author":[{"embeddable":true,"href":"https:\/\/www.catureba.com.br\/baciadojacuipe\/wp-json\/wp\/v2\/users\/1"}],"replies":[{"embeddable":true,"href":"https:\/\/www.catureba.com.br\/baciadojacuipe\/wp-json\/wp\/v2\/comments?post=202"}],"version-history":[{"count":1,"href":"https:\/\/www.catureba.com.br\/baciadojacuipe\/wp-json\/wp\/v2\/posts\/202\/revisions"}],"predecessor-version":[{"id":204,"href":"https:\/\/www.catureba.com.br\/baciadojacuipe\/wp-json\/wp\/v2\/posts\/202\/revisions\/204"}],"wp:featuredmedia":[{"embeddable":true,"href":"https:\/\/www.catureba.com.br\/baciadojacuipe\/wp-json\/wp\/v2\/media\/203"}],"wp:attachment":[{"href":"https:\/\/www.catureba.com.br\/baciadojacuipe\/wp-json\/wp\/v2\/media?parent=202"}],"wp:term":[{"taxonomy":"category","embeddable":true,"href":"https:\/\/www.catureba.com.br\/baciadojacuipe\/wp-json\/wp\/v2\/categories?post=202"},{"taxonomy":"post_tag","embeddable":true,"href":"https:\/\/www.catureba.com.br\/baciadojacuipe\/wp-json\/wp\/v2\/tags?post=202"}],"curies":[{"name":"wp","href":"https:\/\/api.w.org\/{rel}","templated":true}]}}