{"id":196,"date":"2009-09-26T08:45:14","date_gmt":"2009-09-26T11:45:14","guid":{"rendered":"https:\/\/www.catureba.com.br\/baciadojacuipe\/?p=196"},"modified":"2025-08-26T08:47:21","modified_gmt":"2025-08-26T11:47:21","slug":"seca-e-crise-financeira-castigam-capela-do-alto-alegre","status":"publish","type":"post","link":"https:\/\/www.catureba.com.br\/baciadojacuipe\/2009\/09\/26\/seca-e-crise-financeira-castigam-capela-do-alto-alegre\/","title":{"rendered":"Seca e crise financeira castigam Capela do Alto Alegre"},"content":{"rendered":"<p style=\"text-align: justify;\">\u00c9 cr\u00edtica a situa\u00e7\u00e3o do munic\u00edpio de Capela do Alto Alegre no territ\u00f3rio do Jacu\u00edpe, onde n\u00e3o chove h\u00e1 mais de sete meses.<\/p>\n<p style=\"text-align: justify;\">Os moradores da grande parte das comunidades rurais j\u00e1 est\u00e3o enfrentando dificuldades at\u00e9 mesmo para encontrar \u00e1gua para beber.<\/p>\n<p style=\"text-align: justify;\">Com pouca comida e sem \u00e1gua para beber, o gado est\u00e1 perdendo peso e os propriet\u00e1rios obrigados a alimentar na base da ra\u00e7\u00e3o de mandacaru e palmas. Nos casos, da pecu\u00e1ria leiteira, eles est\u00e3o comprando uma ra\u00e7\u00e3o conhecida por torta, que \u00e9 misturada com farelo e trigo.<\/p>\n<p style=\"text-align: justify;\">Para o prefeito Claudinei Novato Xavier (PCdoB), a situa\u00e7\u00e3o \u00e9 dif\u00edcil. Desde janeiro que a prefeitura vem abastecendo algumas comunidades com carros-pipa. Ele lembra, que apesar do ex-prefeito Toinho de Adonias ter assinado um documento no m\u00eas de dezembro afirmando que n\u00e3o necessitava dos servi\u00e7os de abastecimento d\u00b4\u00e1gua atrav\u00e9s de carros-pipa, ao assumir a prefeitura j\u00e1 encontrou este problema &#8220;e vem se agravando a cada momento&#8221;, afirmou.<\/p>\n<p style=\"text-align: justify;\">Segundo Nei, como \u00e9 conhecido o prefeito, isto gerou um dist\u00farbio muito grave na atual gest\u00e3o, pois &#8220;estamos bancando com recursos pr\u00f3prios, com a confirma\u00e7\u00e3o de que n\u00e3o necessitava dos servi\u00e7os. Estamos h\u00e1 oito meses tentando equacionar este problema, decretando mais uma vez estado de emerg\u00eancia e estamos aguardando a homologa\u00e7\u00e3o pelo Minist\u00e9rio da Integra\u00e7\u00e3o Nacional&#8221;.<\/p>\n<p style=\"text-align: justify;\">O prefeito disse tamb\u00e9m que nos \u00faltimos noventa dias a situa\u00e7\u00e3o &#8220;agonizou&#8221; de forma extrema. Hoje s\u00e3o tr\u00eas carros-pipa rodando diuturnamente com recursos do munic\u00edpio. &#8220;A situa\u00e7\u00e3o se complica quando verificamos que n\u00e3o temos mananciais de \u00e1gua no munic\u00edpio para oferecer para a comunidade&#8221;, falou Nei ao CN.<\/p>\n<p style=\"text-align: justify;\">O custo de cada viagem d\u00b4\u00e1gua \u00e9 vari\u00e1vel entre R$ 80,00 a R$ 100,00, dependendo da dist\u00e2ncia e no final do m\u00eas chega a R$ 40 mil a despesa com transporte de \u00e1gua.<\/p>\n<p style=\"text-align: justify;\">&#8220;Se \u00e9 preocupando abastecer as comunidades com carros-pipa, imagine sem ter onde pegar \u00e1gua&#8221;? Questiona o prefeito. A Barragem de Vargem Queimada, localizada a 27 km da sede \u00e9 a \u00fanica com capacidade de abastecer.<\/p>\n<p style=\"text-align: justify;\">Hoje as comunidades de Capelinha, Campo Alegre e Taquinho, na regi\u00e3o que faz limite com P\u00e9 de Serra s\u00e3o as que mais est\u00e3o sofrendo e o prefeito j\u00e1 esteve na CERB, EMBASA e na CORDEC buscando apoio do Estado.<\/p>\n<p style=\"text-align: justify;\">Al\u00e9m da seca, o prefeito relatou ao CN a crise econ\u00f4mica que o munic\u00edpio vem passando em fun\u00e7\u00e3o da queda de arrecada\u00e7\u00e3o e, segundo ele, os meses de agosto e setembro s\u00e3o os priores em termo de repasse.<\/p>\n<p style=\"text-align: justify;\">&#8220;Estamos com uma demanda aumentada por recursos financeiros e um crise que atrapalhou a gest\u00e3o&#8221;, afirmou o prefeito. O d\u00e9bito estimado do munic\u00edpio \u00e9 de R$ 180 mil reais com fornecedores. Mant\u00e9m a folha de pagamento em dias e afirmou que tem R$ 225 mil para receber do governo atrav\u00e9s da reposi\u00e7\u00e3o garantida pelo presidente Lula.<\/p>\n<p style=\"text-align: justify;\">Regi\u00e3o de Capelinha &#8211; A equipe do CN visitou as comunidades de Capelinha e Tanquinho II, onde a longa estiagem arrasou as ro\u00e7as de milho, mandioca, feij\u00e3o e outras culturas de subsist\u00eancia plantadas pela maioria dos pequenos produtores.<\/p>\n<p style=\"text-align: justify;\">A poucos metros de dist\u00e2ncia da sede do povoado, fica vis\u00edvel o drama da popula\u00e7\u00e3o com a principal barragem da comunidade &#8220;totalmente seca e necessitando de ser limpa&#8221;, afirma um dos lideres comunit\u00e1rios Leandro Justiniano dos Santos, 65 anos.(de azul)<\/p>\n<p style=\"text-align: justify;\">&#8220;Em 2008 a barragem ficou com pouca \u00e1gua e por falta de chuva, este ano secou totalmente&#8221;, conta Leandro.<\/p>\n<p style=\"text-align: justify;\">A barragem da comunidade Tanquinho II esta sendo utilizada pelos caminh\u00f5es-pipas para &#8220;pegar&#8221; \u00e1gua para os animais e sua capacidade \u00e9 de apenas trinta dias, &#8220;caso no chova&#8221;, conta o ex-vereador Silvano Ferreira de Ara\u00fajo.<\/p>\n<p style=\"text-align: justify;\">Silvani da Capelinha, como \u00e9 conhecido o pol\u00edtico, explicou a diferen\u00e7a entre a seca de 2008 e a de 2009. &#8220;Em 2008, tinha \u00e1gua e n\u00e3o tinha comida para os bichos. E este ano, n\u00e3o tem \u00e1gua e nem comida para os animais&#8221;, lamentou.<\/p>\n<p style=\"text-align: justify;\">Praticamente todos os agricultores j\u00e1 est\u00e3o dando ra\u00e7\u00f5es &#8220;aos bichos&#8221; e neste per\u00edodo costuma acontecer acidentes e dois trabalhadores rurais conhecidos por Z\u00e9 de Noberto e L\u00e9o de Bilo, do munic\u00edpio de P\u00e9 de Serra, perderam m\u00e3o e dedos este ano com m\u00e1quinas de fazer ra\u00e7\u00e3o.<\/p>\n<p style=\"text-align: justify;\">Mesmo com a chegada da energia el\u00e9trica, os moradores de Tanquinho II externam a tristeza no rosto com o sol que &#8220;ta acabando tudo&#8221;, lamenta a aposentada Maria Santana Ara\u00fajo, 76 anos.<\/p>\n<p style=\"text-align: justify;\">A equipe do CN encontrou com Guim\u00e1rio da Silva Matos, 61 anos,(bon\u00e9) propriet\u00e1rio de um caminh\u00e3o-pipa. Ele cobra na regi\u00e3o R$ 50,00 por viagem e chega a colocar 10 viagens dia, trabalhando das 04h \u00e1s 17h. &#8220;Eu s\u00f3 trabalho particular. N\u00e3o quero conta com prefeitura. E de junho at\u00e9 agora a situa\u00e7\u00e3o apertou e eu vou aumentar o valor das viagens&#8221;, avisou M\u00e1rio.<\/p>\n<p style=\"text-align: justify;\">No com\u00e9rcio local o impacto da falta de chuvas se reflete na queda do movimento de vendas e no aumento do n\u00famero de inadimplentes. &#8220;Numa situa\u00e7\u00e3o como essa, sem chuvas, o pessoal da ro\u00e7a est\u00e1 parado. N\u00e3o tem produtos para vender e o dinheiro n\u00e3o corre no com\u00e9rcio&#8221;, disse Jos\u00e9 Paulo Oliveira Mascarenhas, propriet\u00e1rio do Mercadinho S\u00e3o Jos\u00e9, que aumenta as vendas s\u00f3 no per\u00edodo de pagamento dos aposentados e da bolsa fam\u00edlia.<\/p>\n<p style=\"text-align: justify;\">Segundo ele, as vendas ca\u00edram e as pessoas n\u00e3o est\u00e3o podendo quitar suas d\u00edvidas. A esperan\u00e7a \u00e9 chegada das pessoas que sa\u00edram para trabalhar nos canaviais no interior de S\u00e3o Paulo e retornam no final de novembro e meado de dezembro, trazendo o dinheiro que ganhou l\u00e1 para gastar aqui.<\/p>\n<p style=\"text-align: justify;\">No campo, os p\u00e9s de mandioca que se salvaram, est\u00e3o sendo desprezados, os agricultores disseram que o solo endureceu e n\u00e3o compensa gastar para retirar o produto da terra.<\/p>\n<p style=\"text-align: justify;\"><a href=\"http:\/\/www.calilanoticias.com.br\">www.calilanoticias.com.br<\/a><br \/>\nPor: Valdem\u00ed de Assis<\/p>\n<div class=\"pvc_clear\"><\/div>\n<p id=\"pvc_stats_196\" class=\"pvc_stats total_only  \" data-element-id=\"196\" style=\"\"><i class=\"pvc-stats-icon medium\" aria-hidden=\"true\"><svg aria-hidden=\"true\" focusable=\"false\" data-prefix=\"far\" data-icon=\"chart-bar\" role=\"img\" xmlns=\"http:\/\/www.w3.org\/2000\/svg\" viewBox=\"0 0 512 512\" class=\"svg-inline--fa fa-chart-bar fa-w-16 fa-2x\"><path fill=\"currentColor\" d=\"M396.8 352h22.4c6.4 0 12.8-6.4 12.8-12.8V108.8c0-6.4-6.4-12.8-12.8-12.8h-22.4c-6.4 0-12.8 6.4-12.8 12.8v230.4c0 6.4 6.4 12.8 12.8 12.8zm-192 0h22.4c6.4 0 12.8-6.4 12.8-12.8V140.8c0-6.4-6.4-12.8-12.8-12.8h-22.4c-6.4 0-12.8 6.4-12.8 12.8v198.4c0 6.4 6.4 12.8 12.8 12.8zm96 0h22.4c6.4 0 12.8-6.4 12.8-12.8V204.8c0-6.4-6.4-12.8-12.8-12.8h-22.4c-6.4 0-12.8 6.4-12.8 12.8v134.4c0 6.4 6.4 12.8 12.8 12.8zM496 400H48V80c0-8.84-7.16-16-16-16H16C7.16 64 0 71.16 0 80v336c0 17.67 14.33 32 32 32h464c8.84 0 16-7.16 16-16v-16c0-8.84-7.16-16-16-16zm-387.2-48h22.4c6.4 0 12.8-6.4 12.8-12.8v-70.4c0-6.4-6.4-12.8-12.8-12.8h-22.4c-6.4 0-12.8 6.4-12.8 12.8v70.4c0 6.4 6.4 12.8 12.8 12.8z\" class=\"\"><\/path><\/svg><\/i> <img loading=\"lazy\" decoding=\"async\" width=\"16\" height=\"16\" alt=\"Loading\" src=\"https:\/\/www.catureba.com.br\/baciadojacuipe\/wp-content\/plugins\/page-views-count\/ajax-loader-2x.gif\" border=0 \/><\/p>\n<div class=\"pvc_clear\"><\/div>\n","protected":false},"excerpt":{"rendered":"<p>\u00c9 cr\u00edtica a situa\u00e7\u00e3o do munic\u00edpio de Capela do Alto Alegre no territ\u00f3rio do Jacu\u00edpe,<\/p>\n<div class=\"pvc_clear\"><\/div>\n<p id=\"pvc_stats_196\" class=\"pvc_stats total_only  \" data-element-id=\"196\" style=\"\"><i class=\"pvc-stats-icon medium\" aria-hidden=\"true\"><svg aria-hidden=\"true\" focusable=\"false\" data-prefix=\"far\" data-icon=\"chart-bar\" role=\"img\" xmlns=\"http:\/\/www.w3.org\/2000\/svg\" viewBox=\"0 0 512 512\" class=\"svg-inline--fa fa-chart-bar fa-w-16 fa-2x\"><path fill=\"currentColor\" d=\"M396.8 352h22.4c6.4 0 12.8-6.4 12.8-12.8V108.8c0-6.4-6.4-12.8-12.8-12.8h-22.4c-6.4 0-12.8 6.4-12.8 12.8v230.4c0 6.4 6.4 12.8 12.8 12.8zm-192 0h22.4c6.4 0 12.8-6.4 12.8-12.8V140.8c0-6.4-6.4-12.8-12.8-12.8h-22.4c-6.4 0-12.8 6.4-12.8 12.8v198.4c0 6.4 6.4 12.8 12.8 12.8zm96 0h22.4c6.4 0 12.8-6.4 12.8-12.8V204.8c0-6.4-6.4-12.8-12.8-12.8h-22.4c-6.4 0-12.8 6.4-12.8 12.8v134.4c0 6.4 6.4 12.8 12.8 12.8zM496 400H48V80c0-8.84-7.16-16-16-16H16C7.16 64 0 71.16 0 80v336c0 17.67 14.33 32 32 32h464c8.84 0 16-7.16 16-16v-16c0-8.84-7.16-16-16-16zm-387.2-48h22.4c6.4 0 12.8-6.4 12.8-12.8v-70.4c0-6.4-6.4-12.8-12.8-12.8h-22.4c-6.4 0-12.8 6.4-12.8 12.8v70.4c0 6.4 6.4 12.8 12.8 12.8z\" class=\"\"><\/path><\/svg><\/i> <img loading=\"lazy\" decoding=\"async\" width=\"16\" height=\"16\" alt=\"Loading\" src=\"https:\/\/www.catureba.com.br\/baciadojacuipe\/wp-content\/plugins\/page-views-count\/ajax-loader-2x.gif\" border=0 \/><\/p>\n<div class=\"pvc_clear\"><\/div>\n","protected":false},"author":1,"featured_media":197,"comment_status":"closed","ping_status":"open","sticky":false,"template":"","format":"standard","meta":{"_uag_custom_page_level_css":"","footnotes":""},"categories":[8],"tags":[],"class_list":["post-196","post","type-post","status-publish","format-standard","has-post-thumbnail","hentry","category-capela-do-alto-alegre"],"a3_pvc":{"activated":true,"total_views":18,"today_views":0},"yoast_head":"<!-- This site is optimized with the Yoast SEO plugin v27.4 - https:\/\/yoast.com\/product\/yoast-seo-wordpress\/ -->\n<title>Seca e crise financeira castigam Capela do Alto Alegre - Bacia do Jacu\u00edpe<\/title>\n<meta name=\"robots\" content=\"index, follow, max-snippet:-1, max-image-preview:large, max-video-preview:-1\" \/>\n<link rel=\"canonical\" href=\"https:\/\/www.catureba.com.br\/baciadojacuipe\/2009\/09\/26\/seca-e-crise-financeira-castigam-capela-do-alto-alegre\/\" \/>\n<meta property=\"og:locale\" content=\"pt_BR\" \/>\n<meta property=\"og:type\" content=\"article\" \/>\n<meta property=\"og:title\" content=\"Seca e crise financeira castigam Capela do Alto Alegre - Bacia do Jacu\u00edpe\" \/>\n<meta property=\"og:description\" content=\"\u00c9 cr\u00edtica a situa\u00e7\u00e3o do munic\u00edpio de Capela do Alto Alegre no territ\u00f3rio do Jacu\u00edpe,\" \/>\n<meta property=\"og:url\" content=\"https:\/\/www.catureba.com.br\/baciadojacuipe\/2009\/09\/26\/seca-e-crise-financeira-castigam-capela-do-alto-alegre\/\" \/>\n<meta property=\"og:site_name\" content=\"Bacia do Jacu\u00edpe\" \/>\n<meta property=\"article:published_time\" content=\"2009-09-26T11:45:14+00:00\" \/>\n<meta property=\"article:modified_time\" content=\"2025-08-26T11:47:21+00:00\" \/>\n<meta property=\"og:image\" content=\"https:\/\/www.catureba.com.br\/baciadojacuipe\/wp-content\/uploads\/2025\/08\/foto1-11.jpg\" \/>\n\t<meta property=\"og:image:width\" content=\"379\" \/>\n\t<meta property=\"og:image:height\" content=\"283\" \/>\n\t<meta property=\"og:image:type\" content=\"image\/jpeg\" \/>\n<meta name=\"author\" content=\"Ediom\u00e1rio Catureba\" \/>\n<meta name=\"twitter:card\" content=\"summary_large_image\" \/>\n<meta name=\"twitter:label1\" content=\"Escrito por\" \/>\n\t<meta name=\"twitter:data1\" content=\"Ediom\u00e1rio Catureba\" \/>\n\t<meta name=\"twitter:label2\" content=\"Est. tempo de leitura\" \/>\n\t<meta name=\"twitter:data2\" content=\"5 minutos\" \/>\n<script type=\"application\/ld+json\" class=\"yoast-schema-graph\">{\"@context\":\"https:\\\/\\\/schema.org\",\"@graph\":[{\"@type\":\"Article\",\"@id\":\"https:\\\/\\\/www.catureba.com.br\\\/baciadojacuipe\\\/2009\\\/09\\\/26\\\/seca-e-crise-financeira-castigam-capela-do-alto-alegre\\\/#article\",\"isPartOf\":{\"@id\":\"https:\\\/\\\/www.catureba.com.br\\\/baciadojacuipe\\\/2009\\\/09\\\/26\\\/seca-e-crise-financeira-castigam-capela-do-alto-alegre\\\/\"},\"author\":{\"name\":\"Ediom\u00e1rio Catureba\",\"@id\":\"https:\\\/\\\/www.catureba.com.br\\\/baciadojacuipe\\\/#\\\/schema\\\/person\\\/ffc8c3b98b65cb69355d29afa2355ba3\"},\"headline\":\"Seca e crise financeira castigam Capela do Alto Alegre\",\"datePublished\":\"2009-09-26T11:45:14+00:00\",\"dateModified\":\"2025-08-26T11:47:21+00:00\",\"mainEntityOfPage\":{\"@id\":\"https:\\\/\\\/www.catureba.com.br\\\/baciadojacuipe\\\/2009\\\/09\\\/26\\\/seca-e-crise-financeira-castigam-capela-do-alto-alegre\\\/\"},\"wordCount\":1031,\"publisher\":{\"@id\":\"https:\\\/\\\/www.catureba.com.br\\\/baciadojacuipe\\\/#organization\"},\"image\":{\"@id\":\"https:\\\/\\\/www.catureba.com.br\\\/baciadojacuipe\\\/2009\\\/09\\\/26\\\/seca-e-crise-financeira-castigam-capela-do-alto-alegre\\\/#primaryimage\"},\"thumbnailUrl\":\"https:\\\/\\\/www.catureba.com.br\\\/baciadojacuipe\\\/wp-content\\\/uploads\\\/2025\\\/08\\\/foto1-11.jpg\",\"articleSection\":[\"Capela do Alto Alegre\"],\"inLanguage\":\"pt-BR\"},{\"@type\":\"WebPage\",\"@id\":\"https:\\\/\\\/www.catureba.com.br\\\/baciadojacuipe\\\/2009\\\/09\\\/26\\\/seca-e-crise-financeira-castigam-capela-do-alto-alegre\\\/\",\"url\":\"https:\\\/\\\/www.catureba.com.br\\\/baciadojacuipe\\\/2009\\\/09\\\/26\\\/seca-e-crise-financeira-castigam-capela-do-alto-alegre\\\/\",\"name\":\"Seca e crise financeira castigam Capela do Alto Alegre - Bacia do Jacu\u00edpe\",\"isPartOf\":{\"@id\":\"https:\\\/\\\/www.catureba.com.br\\\/baciadojacuipe\\\/#website\"},\"primaryImageOfPage\":{\"@id\":\"https:\\\/\\\/www.catureba.com.br\\\/baciadojacuipe\\\/2009\\\/09\\\/26\\\/seca-e-crise-financeira-castigam-capela-do-alto-alegre\\\/#primaryimage\"},\"image\":{\"@id\":\"https:\\\/\\\/www.catureba.com.br\\\/baciadojacuipe\\\/2009\\\/09\\\/26\\\/seca-e-crise-financeira-castigam-capela-do-alto-alegre\\\/#primaryimage\"},\"thumbnailUrl\":\"https:\\\/\\\/www.catureba.com.br\\\/baciadojacuipe\\\/wp-content\\\/uploads\\\/2025\\\/08\\\/foto1-11.jpg\",\"datePublished\":\"2009-09-26T11:45:14+00:00\",\"dateModified\":\"2025-08-26T11:47:21+00:00\",\"breadcrumb\":{\"@id\":\"https:\\\/\\\/www.catureba.com.br\\\/baciadojacuipe\\\/2009\\\/09\\\/26\\\/seca-e-crise-financeira-castigam-capela-do-alto-alegre\\\/#breadcrumb\"},\"inLanguage\":\"pt-BR\",\"potentialAction\":[{\"@type\":\"ReadAction\",\"target\":[\"https:\\\/\\\/www.catureba.com.br\\\/baciadojacuipe\\\/2009\\\/09\\\/26\\\/seca-e-crise-financeira-castigam-capela-do-alto-alegre\\\/\"]}]},{\"@type\":\"ImageObject\",\"inLanguage\":\"pt-BR\",\"@id\":\"https:\\\/\\\/www.catureba.com.br\\\/baciadojacuipe\\\/2009\\\/09\\\/26\\\/seca-e-crise-financeira-castigam-capela-do-alto-alegre\\\/#primaryimage\",\"url\":\"https:\\\/\\\/www.catureba.com.br\\\/baciadojacuipe\\\/wp-content\\\/uploads\\\/2025\\\/08\\\/foto1-11.jpg\",\"contentUrl\":\"https:\\\/\\\/www.catureba.com.br\\\/baciadojacuipe\\\/wp-content\\\/uploads\\\/2025\\\/08\\\/foto1-11.jpg\",\"width\":379,\"height\":283},{\"@type\":\"BreadcrumbList\",\"@id\":\"https:\\\/\\\/www.catureba.com.br\\\/baciadojacuipe\\\/2009\\\/09\\\/26\\\/seca-e-crise-financeira-castigam-capela-do-alto-alegre\\\/#breadcrumb\",\"itemListElement\":[{\"@type\":\"ListItem\",\"position\":1,\"name\":\"In\u00edcio\",\"item\":\"https:\\\/\\\/www.catureba.com.br\\\/baciadojacuipe\\\/\"},{\"@type\":\"ListItem\",\"position\":2,\"name\":\"Seca e crise financeira castigam Capela do Alto Alegre\"}]},{\"@type\":\"WebSite\",\"@id\":\"https:\\\/\\\/www.catureba.com.br\\\/baciadojacuipe\\\/#website\",\"url\":\"https:\\\/\\\/www.catureba.com.br\\\/baciadojacuipe\\\/\",\"name\":\"Bacia do Jacu\u00edpe\",\"description\":\"15 Munic\u00edpios em um s\u00f3 Lugar\",\"publisher\":{\"@id\":\"https:\\\/\\\/www.catureba.com.br\\\/baciadojacuipe\\\/#organization\"},\"potentialAction\":[{\"@type\":\"SearchAction\",\"target\":{\"@type\":\"EntryPoint\",\"urlTemplate\":\"https:\\\/\\\/www.catureba.com.br\\\/baciadojacuipe\\\/?s={search_term_string}\"},\"query-input\":{\"@type\":\"PropertyValueSpecification\",\"valueRequired\":true,\"valueName\":\"search_term_string\"}}],\"inLanguage\":\"pt-BR\"},{\"@type\":\"Organization\",\"@id\":\"https:\\\/\\\/www.catureba.com.br\\\/baciadojacuipe\\\/#organization\",\"name\":\"Bacia do Jacu\u00edpe\",\"url\":\"https:\\\/\\\/www.catureba.com.br\\\/baciadojacuipe\\\/\",\"logo\":{\"@type\":\"ImageObject\",\"inLanguage\":\"pt-BR\",\"@id\":\"https:\\\/\\\/www.catureba.com.br\\\/baciadojacuipe\\\/#\\\/schema\\\/logo\\\/image\\\/\",\"url\":\"https:\\\/\\\/www.catureba.com.br\\\/baciadojacuipe\\\/wp-content\\\/uploads\\\/2025\\\/08\\\/cropped-logo.png\",\"contentUrl\":\"https:\\\/\\\/www.catureba.com.br\\\/baciadojacuipe\\\/wp-content\\\/uploads\\\/2025\\\/08\\\/cropped-logo.png\",\"width\":149,\"height\":150,\"caption\":\"Bacia do Jacu\u00edpe\"},\"image\":{\"@id\":\"https:\\\/\\\/www.catureba.com.br\\\/baciadojacuipe\\\/#\\\/schema\\\/logo\\\/image\\\/\"}},{\"@type\":\"Person\",\"@id\":\"https:\\\/\\\/www.catureba.com.br\\\/baciadojacuipe\\\/#\\\/schema\\\/person\\\/ffc8c3b98b65cb69355d29afa2355ba3\",\"name\":\"Ediom\u00e1rio Catureba\",\"image\":{\"@type\":\"ImageObject\",\"inLanguage\":\"pt-BR\",\"@id\":\"https:\\\/\\\/secure.gravatar.com\\\/avatar\\\/63c567ef6e64a56df9e100701cb374d725dbb66b635cd56b3f13f88e28ba235e?s=96&d=mm&r=g\",\"url\":\"https:\\\/\\\/secure.gravatar.com\\\/avatar\\\/63c567ef6e64a56df9e100701cb374d725dbb66b635cd56b3f13f88e28ba235e?s=96&d=mm&r=g\",\"contentUrl\":\"https:\\\/\\\/secure.gravatar.com\\\/avatar\\\/63c567ef6e64a56df9e100701cb374d725dbb66b635cd56b3f13f88e28ba235e?s=96&d=mm&r=g\",\"caption\":\"Ediom\u00e1rio Catureba\"},\"description\":\"Ediom\u00e1rio Catureba, nascido em 1976 em Baixa Grande, Bahia, \u00e9 jornalista e redator. Al\u00e9m de sua atua\u00e7\u00e3o no jornalismo, Ediom\u00e1rio \u00e9 conhecido por sua participa\u00e7\u00e3o em eventos culturais e sociais na regi\u00e3o. Ediom\u00e1rio tamb\u00e9m \u00e9 respons\u00e1vel pelo site Catureba.com.br, onde publica not\u00edcias e informa\u00e7\u00f5es sobre eventos locais, pol\u00edtica e cultura, contribuindo para a dissemina\u00e7\u00e3o de informa\u00e7\u00f5es na comunidade de Baixa Grande e arredores.\",\"sameAs\":[\"https:\\\/\\\/www.catureba.com.br\\\/baciadojacuipe\"],\"url\":\"https:\\\/\\\/www.catureba.com.br\\\/baciadojacuipe\\\/author\\\/edyomario\\\/\"}]}<\/script>\n<!-- \/ Yoast SEO plugin. -->","yoast_head_json":{"title":"Seca e crise financeira castigam Capela do Alto Alegre - Bacia do Jacu\u00edpe","robots":{"index":"index","follow":"follow","max-snippet":"max-snippet:-1","max-image-preview":"max-image-preview:large","max-video-preview":"max-video-preview:-1"},"canonical":"https:\/\/www.catureba.com.br\/baciadojacuipe\/2009\/09\/26\/seca-e-crise-financeira-castigam-capela-do-alto-alegre\/","og_locale":"pt_BR","og_type":"article","og_title":"Seca e crise financeira castigam Capela do Alto Alegre - Bacia do Jacu\u00edpe","og_description":"\u00c9 cr\u00edtica a situa\u00e7\u00e3o do munic\u00edpio de Capela do Alto Alegre no territ\u00f3rio do Jacu\u00edpe,","og_url":"https:\/\/www.catureba.com.br\/baciadojacuipe\/2009\/09\/26\/seca-e-crise-financeira-castigam-capela-do-alto-alegre\/","og_site_name":"Bacia do Jacu\u00edpe","article_published_time":"2009-09-26T11:45:14+00:00","article_modified_time":"2025-08-26T11:47:21+00:00","og_image":[{"width":379,"height":283,"url":"https:\/\/www.catureba.com.br\/baciadojacuipe\/wp-content\/uploads\/2025\/08\/foto1-11.jpg","type":"image\/jpeg"}],"author":"Ediom\u00e1rio Catureba","twitter_card":"summary_large_image","twitter_misc":{"Escrito por":"Ediom\u00e1rio Catureba","Est. tempo de leitura":"5 minutos"},"schema":{"@context":"https:\/\/schema.org","@graph":[{"@type":"Article","@id":"https:\/\/www.catureba.com.br\/baciadojacuipe\/2009\/09\/26\/seca-e-crise-financeira-castigam-capela-do-alto-alegre\/#article","isPartOf":{"@id":"https:\/\/www.catureba.com.br\/baciadojacuipe\/2009\/09\/26\/seca-e-crise-financeira-castigam-capela-do-alto-alegre\/"},"author":{"name":"Ediom\u00e1rio Catureba","@id":"https:\/\/www.catureba.com.br\/baciadojacuipe\/#\/schema\/person\/ffc8c3b98b65cb69355d29afa2355ba3"},"headline":"Seca e crise financeira castigam Capela do Alto Alegre","datePublished":"2009-09-26T11:45:14+00:00","dateModified":"2025-08-26T11:47:21+00:00","mainEntityOfPage":{"@id":"https:\/\/www.catureba.com.br\/baciadojacuipe\/2009\/09\/26\/seca-e-crise-financeira-castigam-capela-do-alto-alegre\/"},"wordCount":1031,"publisher":{"@id":"https:\/\/www.catureba.com.br\/baciadojacuipe\/#organization"},"image":{"@id":"https:\/\/www.catureba.com.br\/baciadojacuipe\/2009\/09\/26\/seca-e-crise-financeira-castigam-capela-do-alto-alegre\/#primaryimage"},"thumbnailUrl":"https:\/\/www.catureba.com.br\/baciadojacuipe\/wp-content\/uploads\/2025\/08\/foto1-11.jpg","articleSection":["Capela do Alto Alegre"],"inLanguage":"pt-BR"},{"@type":"WebPage","@id":"https:\/\/www.catureba.com.br\/baciadojacuipe\/2009\/09\/26\/seca-e-crise-financeira-castigam-capela-do-alto-alegre\/","url":"https:\/\/www.catureba.com.br\/baciadojacuipe\/2009\/09\/26\/seca-e-crise-financeira-castigam-capela-do-alto-alegre\/","name":"Seca e crise financeira castigam Capela do Alto Alegre - Bacia do Jacu\u00edpe","isPartOf":{"@id":"https:\/\/www.catureba.com.br\/baciadojacuipe\/#website"},"primaryImageOfPage":{"@id":"https:\/\/www.catureba.com.br\/baciadojacuipe\/2009\/09\/26\/seca-e-crise-financeira-castigam-capela-do-alto-alegre\/#primaryimage"},"image":{"@id":"https:\/\/www.catureba.com.br\/baciadojacuipe\/2009\/09\/26\/seca-e-crise-financeira-castigam-capela-do-alto-alegre\/#primaryimage"},"thumbnailUrl":"https:\/\/www.catureba.com.br\/baciadojacuipe\/wp-content\/uploads\/2025\/08\/foto1-11.jpg","datePublished":"2009-09-26T11:45:14+00:00","dateModified":"2025-08-26T11:47:21+00:00","breadcrumb":{"@id":"https:\/\/www.catureba.com.br\/baciadojacuipe\/2009\/09\/26\/seca-e-crise-financeira-castigam-capela-do-alto-alegre\/#breadcrumb"},"inLanguage":"pt-BR","potentialAction":[{"@type":"ReadAction","target":["https:\/\/www.catureba.com.br\/baciadojacuipe\/2009\/09\/26\/seca-e-crise-financeira-castigam-capela-do-alto-alegre\/"]}]},{"@type":"ImageObject","inLanguage":"pt-BR","@id":"https:\/\/www.catureba.com.br\/baciadojacuipe\/2009\/09\/26\/seca-e-crise-financeira-castigam-capela-do-alto-alegre\/#primaryimage","url":"https:\/\/www.catureba.com.br\/baciadojacuipe\/wp-content\/uploads\/2025\/08\/foto1-11.jpg","contentUrl":"https:\/\/www.catureba.com.br\/baciadojacuipe\/wp-content\/uploads\/2025\/08\/foto1-11.jpg","width":379,"height":283},{"@type":"BreadcrumbList","@id":"https:\/\/www.catureba.com.br\/baciadojacuipe\/2009\/09\/26\/seca-e-crise-financeira-castigam-capela-do-alto-alegre\/#breadcrumb","itemListElement":[{"@type":"ListItem","position":1,"name":"In\u00edcio","item":"https:\/\/www.catureba.com.br\/baciadojacuipe\/"},{"@type":"ListItem","position":2,"name":"Seca e crise financeira castigam Capela do Alto Alegre"}]},{"@type":"WebSite","@id":"https:\/\/www.catureba.com.br\/baciadojacuipe\/#website","url":"https:\/\/www.catureba.com.br\/baciadojacuipe\/","name":"Bacia do Jacu\u00edpe","description":"15 Munic\u00edpios em um s\u00f3 Lugar","publisher":{"@id":"https:\/\/www.catureba.com.br\/baciadojacuipe\/#organization"},"potentialAction":[{"@type":"SearchAction","target":{"@type":"EntryPoint","urlTemplate":"https:\/\/www.catureba.com.br\/baciadojacuipe\/?s={search_term_string}"},"query-input":{"@type":"PropertyValueSpecification","valueRequired":true,"valueName":"search_term_string"}}],"inLanguage":"pt-BR"},{"@type":"Organization","@id":"https:\/\/www.catureba.com.br\/baciadojacuipe\/#organization","name":"Bacia do Jacu\u00edpe","url":"https:\/\/www.catureba.com.br\/baciadojacuipe\/","logo":{"@type":"ImageObject","inLanguage":"pt-BR","@id":"https:\/\/www.catureba.com.br\/baciadojacuipe\/#\/schema\/logo\/image\/","url":"https:\/\/www.catureba.com.br\/baciadojacuipe\/wp-content\/uploads\/2025\/08\/cropped-logo.png","contentUrl":"https:\/\/www.catureba.com.br\/baciadojacuipe\/wp-content\/uploads\/2025\/08\/cropped-logo.png","width":149,"height":150,"caption":"Bacia do Jacu\u00edpe"},"image":{"@id":"https:\/\/www.catureba.com.br\/baciadojacuipe\/#\/schema\/logo\/image\/"}},{"@type":"Person","@id":"https:\/\/www.catureba.com.br\/baciadojacuipe\/#\/schema\/person\/ffc8c3b98b65cb69355d29afa2355ba3","name":"Ediom\u00e1rio Catureba","image":{"@type":"ImageObject","inLanguage":"pt-BR","@id":"https:\/\/secure.gravatar.com\/avatar\/63c567ef6e64a56df9e100701cb374d725dbb66b635cd56b3f13f88e28ba235e?s=96&d=mm&r=g","url":"https:\/\/secure.gravatar.com\/avatar\/63c567ef6e64a56df9e100701cb374d725dbb66b635cd56b3f13f88e28ba235e?s=96&d=mm&r=g","contentUrl":"https:\/\/secure.gravatar.com\/avatar\/63c567ef6e64a56df9e100701cb374d725dbb66b635cd56b3f13f88e28ba235e?s=96&d=mm&r=g","caption":"Ediom\u00e1rio Catureba"},"description":"Ediom\u00e1rio Catureba, nascido em 1976 em Baixa Grande, Bahia, \u00e9 jornalista e redator. Al\u00e9m de sua atua\u00e7\u00e3o no jornalismo, Ediom\u00e1rio \u00e9 conhecido por sua participa\u00e7\u00e3o em eventos culturais e sociais na regi\u00e3o. Ediom\u00e1rio tamb\u00e9m \u00e9 respons\u00e1vel pelo site Catureba.com.br, onde publica not\u00edcias e informa\u00e7\u00f5es sobre eventos locais, pol\u00edtica e cultura, contribuindo para a dissemina\u00e7\u00e3o de informa\u00e7\u00f5es na comunidade de Baixa Grande e arredores.","sameAs":["https:\/\/www.catureba.com.br\/baciadojacuipe"],"url":"https:\/\/www.catureba.com.br\/baciadojacuipe\/author\/edyomario\/"}]}},"uagb_featured_image_src":{"full":["https:\/\/www.catureba.com.br\/baciadojacuipe\/wp-content\/uploads\/2025\/08\/foto1-11.jpg",379,283,false],"thumbnail":["https:\/\/www.catureba.com.br\/baciadojacuipe\/wp-content\/uploads\/2025\/08\/foto1-11-150x150.jpg",150,150,true],"medium":["https:\/\/www.catureba.com.br\/baciadojacuipe\/wp-content\/uploads\/2025\/08\/foto1-11-300x224.jpg",300,224,true],"medium_large":["https:\/\/www.catureba.com.br\/baciadojacuipe\/wp-content\/uploads\/2025\/08\/foto1-11.jpg",379,283,false],"large":["https:\/\/www.catureba.com.br\/baciadojacuipe\/wp-content\/uploads\/2025\/08\/foto1-11.jpg",379,283,false],"1536x1536":["https:\/\/www.catureba.com.br\/baciadojacuipe\/wp-content\/uploads\/2025\/08\/foto1-11.jpg",379,283,false],"2048x2048":["https:\/\/www.catureba.com.br\/baciadojacuipe\/wp-content\/uploads\/2025\/08\/foto1-11.jpg",379,283,false],"cream-magazine-thumbnail-2":["https:\/\/www.catureba.com.br\/baciadojacuipe\/wp-content\/uploads\/2025\/08\/foto1-11.jpg",379,283,false],"cream-magazine-thumbnail-3":["https:\/\/www.catureba.com.br\/baciadojacuipe\/wp-content\/uploads\/2025\/08\/foto1-11.jpg",379,283,false],"cream-magazine-thumbnail-4":["https:\/\/www.catureba.com.br\/baciadojacuipe\/wp-content\/uploads\/2025\/08\/foto1-11.jpg",379,283,false]},"uagb_author_info":{"display_name":"Ediom\u00e1rio Catureba","author_link":"https:\/\/www.catureba.com.br\/baciadojacuipe\/author\/edyomario\/"},"uagb_comment_info":0,"uagb_excerpt":"\u00c9 cr\u00edtica a situa\u00e7\u00e3o do munic\u00edpio de Capela do Alto Alegre no territ\u00f3rio do Jacu\u00edpe,","_links":{"self":[{"href":"https:\/\/www.catureba.com.br\/baciadojacuipe\/wp-json\/wp\/v2\/posts\/196","targetHints":{"allow":["GET"]}}],"collection":[{"href":"https:\/\/www.catureba.com.br\/baciadojacuipe\/wp-json\/wp\/v2\/posts"}],"about":[{"href":"https:\/\/www.catureba.com.br\/baciadojacuipe\/wp-json\/wp\/v2\/types\/post"}],"author":[{"embeddable":true,"href":"https:\/\/www.catureba.com.br\/baciadojacuipe\/wp-json\/wp\/v2\/users\/1"}],"replies":[{"embeddable":true,"href":"https:\/\/www.catureba.com.br\/baciadojacuipe\/wp-json\/wp\/v2\/comments?post=196"}],"version-history":[{"count":1,"href":"https:\/\/www.catureba.com.br\/baciadojacuipe\/wp-json\/wp\/v2\/posts\/196\/revisions"}],"predecessor-version":[{"id":198,"href":"https:\/\/www.catureba.com.br\/baciadojacuipe\/wp-json\/wp\/v2\/posts\/196\/revisions\/198"}],"wp:featuredmedia":[{"embeddable":true,"href":"https:\/\/www.catureba.com.br\/baciadojacuipe\/wp-json\/wp\/v2\/media\/197"}],"wp:attachment":[{"href":"https:\/\/www.catureba.com.br\/baciadojacuipe\/wp-json\/wp\/v2\/media?parent=196"}],"wp:term":[{"taxonomy":"category","embeddable":true,"href":"https:\/\/www.catureba.com.br\/baciadojacuipe\/wp-json\/wp\/v2\/categories?post=196"},{"taxonomy":"post_tag","embeddable":true,"href":"https:\/\/www.catureba.com.br\/baciadojacuipe\/wp-json\/wp\/v2\/tags?post=196"}],"curies":[{"name":"wp","href":"https:\/\/api.w.org\/{rel}","templated":true}]}}