{"id":159,"date":"2009-09-25T07:26:43","date_gmt":"2009-09-25T10:26:43","guid":{"rendered":"https:\/\/www.catureba.com.br\/baciadojacuipe\/?p=159"},"modified":"2025-08-24T07:28:33","modified_gmt":"2025-08-24T10:28:33","slug":"ipira-sedia-a-iii-conferencia-municipal-de-cultura-com-ampla-participacao-da-sociedade-civil","status":"publish","type":"post","link":"https:\/\/www.catureba.com.br\/baciadojacuipe\/2009\/09\/25\/ipira-sedia-a-iii-conferencia-municipal-de-cultura-com-ampla-participacao-da-sociedade-civil\/","title":{"rendered":"Ipir\u00e1 sedia a III Confer\u00eancia Municipal de Cultura com ampla participa\u00e7\u00e3o da sociedade civil"},"content":{"rendered":"<p style=\"text-align: justify;\">No \u00faltimo dia <strong data-start=\"379\" data-end=\"397\">17 de setembro<\/strong>, o munic\u00edpio de <strong data-start=\"414\" data-end=\"423\">Ipir\u00e1<\/strong> sediou a <strong data-start=\"433\" data-end=\"473\">III Confer\u00eancia Municipal de Cultura<\/strong>, promovida pela Secretaria Municipal de Cultura, reunindo artistas, autoridades, representantes da sociedade civil e institui\u00e7\u00f5es ligadas \u00e0 cultura. O evento aconteceu no <strong data-start=\"645\" data-end=\"664\">Clube Caboronga<\/strong>, com in\u00edcio \u00e0s 9h, e foi marcado por momentos de reflex\u00e3o, participa\u00e7\u00e3o democr\u00e1tica e manifesta\u00e7\u00f5es culturais.<\/p>\n<p style=\"text-align: justify;\" data-start=\"777\" data-end=\"1018\">A confer\u00eancia teve como objetivo principal fortalecer o di\u00e1logo entre o poder p\u00fablico e a sociedade civil, discutindo propostas para o desenvolvimento cultural do munic\u00edpio. Durante o encontro, foram debatidos cinco eixos tem\u00e1ticos centrais:<\/p>\n<ul style=\"text-align: justify;\">\n<li data-start=\"1022\" data-end=\"1058\">Produ\u00e7\u00e3o simb\u00f3lica e diversificada<\/li>\n<li data-start=\"1061\" data-end=\"1090\">Cultura, cidade e cidadania<\/li>\n<li data-start=\"1093\" data-end=\"1132\">Cultura e desenvolvimento sustent\u00e1vel<\/li>\n<li data-start=\"1135\" data-end=\"1164\">Cultura e economia criativa<\/li>\n<li data-start=\"1167\" data-end=\"1205\">Gest\u00e3o e institucionalidade da cultura<\/li>\n<\/ul>\n<h3 style=\"text-align: justify;\" data-start=\"1207\" data-end=\"1244\">Autoridades presentes e discursos<\/h3>\n<p style=\"text-align: justify;\" data-start=\"1246\" data-end=\"1628\"><img loading=\"lazy\" decoding=\"async\" class=\"size-full wp-image-161 alignleft\" src=\"https:\/\/www.catureba.com.br\/baciadojacuipe\/wp-content\/uploads\/2025\/08\/foto2-5.jpg\" alt=\"\" width=\"379\" height=\"283\" srcset=\"https:\/\/www.catureba.com.br\/baciadojacuipe\/wp-content\/uploads\/2025\/08\/foto2-5.jpg 379w, https:\/\/www.catureba.com.br\/baciadojacuipe\/wp-content\/uploads\/2025\/08\/foto2-5-300x224.jpg 300w\" sizes=\"auto, (max-width: 379px) 100vw, 379px\" \/>A mesa de abertura contou com a presen\u00e7a do <strong data-start=\"1290\" data-end=\"1331\">prefeito Ant\u00f4nio Diom\u00e1rio Gomes de S\u00e1<\/strong>, que abriu oficialmente a confer\u00eancia. Em seu discurso de boas-vindas, o prefeito destacou os desafios enfrentados pela gest\u00e3o p\u00fablica municipal, como o impacto da seca, d\u00edvidas herdadas de gest\u00f5es anteriores, a crise econ\u00f4mica internacional e as dificuldades no fechamento da folha de pagamento.<\/p>\n<p style=\"text-align: justify;\" data-start=\"1630\" data-end=\"1741\">Apesar do cen\u00e1rio adverso, Diom\u00e1rio reafirmou o compromisso da gest\u00e3o com os projetos culturais do munic\u00edpio:<\/p>\n<p style=\"text-align: justify;\" data-start=\"1744\" data-end=\"1929\">&#8220;No pr\u00f3ximo ano, nossa aten\u00e7\u00e3o estar\u00e1 voltada para os projetos j\u00e1 em andamento, especialmente os relacionados \u00e0 cultura. Mesmo com todas as dificuldades, a ordem \u00e9 trabalhar&#8221;, declarou.<\/p>\n<p style=\"text-align: justify;\" data-start=\"1931\" data-end=\"1958\">Tamb\u00e9m compuseram a mesa:<\/p>\n<ul style=\"text-align: justify;\">\n<li data-start=\"1961\" data-end=\"2039\"><strong data-start=\"1961\" data-end=\"1993\">Maria Vanda Oliveira Barreto<\/strong>, secret\u00e1ria municipal de Educa\u00e7\u00e3o e Cultura<\/li>\n<li data-start=\"2042\" data-end=\"2164\"><strong data-start=\"2042\" data-end=\"2064\">Normelita Oliveira<\/strong>, diretora municipal de Cultura e presidente do F\u00f3rum de Dirigentes Municipais de Cultura da Bahia<\/li>\n<li data-start=\"2167\" data-end=\"2234\"><strong data-start=\"2167\" data-end=\"2184\">Izaias J\u00fanior<\/strong>, representante territorial de cultura da SECULT<\/li>\n<li data-start=\"2237\" data-end=\"2357\"><strong data-start=\"2237\" data-end=\"2260\">Vandelsom Gon\u00e7alves<\/strong>, coordenador do GT de Cultura da Bacia do Jacu\u00edpe e assessor da deputada estadual Neuza Cadore<\/li>\n<li data-start=\"2360\" data-end=\"2392\"><strong data-start=\"2360\" data-end=\"2380\">Eduardo Colonezi<\/strong>, vereador<\/li>\n<li data-start=\"2395\" data-end=\"2457\"><strong data-start=\"2395\" data-end=\"2410\">L\u00facia Pires<\/strong>, secret\u00e1ria do Conselho Municipal de Cultura<\/li>\n<li data-start=\"2460\" data-end=\"2530\"><strong data-start=\"2460\" data-end=\"2477\">Reinaldo Lima<\/strong>, coordenador da equipe preparat\u00f3ria da confer\u00eancia<\/li>\n<\/ul>\n<p style=\"text-align: justify;\" data-start=\"2532\" data-end=\"2621\">Normelita destacou o papel essencial da confer\u00eancia como espa\u00e7o de constru\u00e7\u00e3o coletiva:<\/p>\n<p style=\"text-align: justify;\" data-start=\"2624\" data-end=\"2792\">&#8220;\u00c9 o momento em que a sociedade civil e as organiza\u00e7\u00f5es interessadas se re\u00fanem para tra\u00e7ar um plano municipal de cultura e influenciar as pol\u00edticas p\u00fablicas estaduais.&#8221;<\/p>\n<h3 style=\"text-align: justify;\" data-start=\"2794\" data-end=\"2833\">Programa\u00e7\u00e3o cultural e encerramento<\/h3>\n<p style=\"text-align: justify;\" data-start=\"2835\" data-end=\"3183\"><img loading=\"lazy\" decoding=\"async\" class=\"size-full wp-image-162 alignleft\" src=\"https:\/\/www.catureba.com.br\/baciadojacuipe\/wp-content\/uploads\/2025\/08\/foto3-7.jpg\" alt=\"\" width=\"379\" height=\"283\" srcset=\"https:\/\/www.catureba.com.br\/baciadojacuipe\/wp-content\/uploads\/2025\/08\/foto3-7.jpg 379w, https:\/\/www.catureba.com.br\/baciadojacuipe\/wp-content\/uploads\/2025\/08\/foto3-7-300x224.jpg 300w\" sizes=\"auto, (max-width: 379px) 100vw, 379px\" \/>O evento contou com apresenta\u00e7\u00f5es culturais que enriqueceram a programa\u00e7\u00e3o. A abertura foi marcada por um show da cantora <strong data-start=\"2957\" data-end=\"2966\">Thais<\/strong>. Ap\u00f3s o almo\u00e7o, houve uma apresenta\u00e7\u00e3o musical com <strong data-start=\"3018\" data-end=\"3028\">Dr. Ed<\/strong> (voz e viol\u00e3o). O encerramento ficou por conta do grupo de samba de roda <strong data-start=\"3102\" data-end=\"3111\">Uni\u00e3o<\/strong> e do grupo de capoeira <strong data-start=\"3135\" data-end=\"3146\">Top\u00e1zil<\/strong>, celebrando a cultura popular local.<\/p>\n<p style=\"text-align: justify;\" data-start=\"3185\" data-end=\"3422\">No per\u00edodo da tarde, a plen\u00e1ria se reuniu para aprova\u00e7\u00e3o das propostas e elei\u00e7\u00e3o dos delegados que representar\u00e3o Ipir\u00e1 na <strong data-start=\"3307\" data-end=\"3354\">Etapa Territorial da Confer\u00eancia de Cultura<\/strong>, a ser realizada nos dias <strong data-start=\"3381\" data-end=\"3404\">03 e 04 de novembro<\/strong>, tamb\u00e9m em Ipir\u00e1.<\/p>\n<p style=\"text-align: justify;\" data-start=\"3424\" data-end=\"3646\">A III Confer\u00eancia Municipal de Cultura reafirmou o compromisso da cidade com o fortalecimento das pol\u00edticas culturais e demonstrou a for\u00e7a da participa\u00e7\u00e3o popular na constru\u00e7\u00e3o de um plano cultural democr\u00e1tico e inclusivo.<\/p>\n<p style=\"text-align: justify;\" data-start=\"3648\" data-end=\"3757\">Mais informa\u00e7\u00f5es: <a href=\"http:\/\/www.baciadojacuipe.com.br\" data-start=\"3666\" data-end=\"3727\">www.baciadojacuipe.com.br<\/a><br \/>\n<strong data-start=\"3730\" data-end=\"3757\">Por: Ediom\u00e1rio Catureba<\/strong><\/p>\n<p data-start=\"3648\" data-end=\"3757\"><img loading=\"lazy\" decoding=\"async\" class=\"aligncenter size-full wp-image-163\" src=\"https:\/\/www.catureba.com.br\/baciadojacuipe\/wp-content\/uploads\/2025\/08\/foto6-5.jpg\" alt=\"\" width=\"379\" height=\"283\" srcset=\"https:\/\/www.catureba.com.br\/baciadojacuipe\/wp-content\/uploads\/2025\/08\/foto6-5.jpg 379w, https:\/\/www.catureba.com.br\/baciadojacuipe\/wp-content\/uploads\/2025\/08\/foto6-5-300x224.jpg 300w\" sizes=\"auto, (max-width: 379px) 100vw, 379px\" \/> <img loading=\"lazy\" decoding=\"async\" class=\"aligncenter size-full wp-image-164\" src=\"https:\/\/www.catureba.com.br\/baciadojacuipe\/wp-content\/uploads\/2025\/08\/foto7-5.jpg\" alt=\"\" width=\"379\" height=\"283\" srcset=\"https:\/\/www.catureba.com.br\/baciadojacuipe\/wp-content\/uploads\/2025\/08\/foto7-5.jpg 379w, https:\/\/www.catureba.com.br\/baciadojacuipe\/wp-content\/uploads\/2025\/08\/foto7-5-300x224.jpg 300w\" sizes=\"auto, (max-width: 379px) 100vw, 379px\" \/> <img loading=\"lazy\" decoding=\"async\" class=\"aligncenter size-full wp-image-165\" src=\"https:\/\/www.catureba.com.br\/baciadojacuipe\/wp-content\/uploads\/2025\/08\/foto8-3.jpg\" alt=\"\" width=\"379\" height=\"283\" srcset=\"https:\/\/www.catureba.com.br\/baciadojacuipe\/wp-content\/uploads\/2025\/08\/foto8-3.jpg 379w, https:\/\/www.catureba.com.br\/baciadojacuipe\/wp-content\/uploads\/2025\/08\/foto8-3-300x224.jpg 300w\" sizes=\"auto, (max-width: 379px) 100vw, 379px\" \/> <img loading=\"lazy\" decoding=\"async\" class=\"aligncenter size-full wp-image-166\" src=\"https:\/\/www.catureba.com.br\/baciadojacuipe\/wp-content\/uploads\/2025\/08\/foto9-4.jpg\" alt=\"\" width=\"379\" height=\"283\" srcset=\"https:\/\/www.catureba.com.br\/baciadojacuipe\/wp-content\/uploads\/2025\/08\/foto9-4.jpg 379w, https:\/\/www.catureba.com.br\/baciadojacuipe\/wp-content\/uploads\/2025\/08\/foto9-4-300x224.jpg 300w\" sizes=\"auto, (max-width: 379px) 100vw, 379px\" \/> <img loading=\"lazy\" decoding=\"async\" class=\"aligncenter size-full wp-image-167\" src=\"https:\/\/www.catureba.com.br\/baciadojacuipe\/wp-content\/uploads\/2025\/08\/foto10-2.jpg\" alt=\"\" width=\"379\" height=\"283\" srcset=\"https:\/\/www.catureba.com.br\/baciadojacuipe\/wp-content\/uploads\/2025\/08\/foto10-2.jpg 379w, https:\/\/www.catureba.com.br\/baciadojacuipe\/wp-content\/uploads\/2025\/08\/foto10-2-300x224.jpg 300w\" sizes=\"auto, (max-width: 379px) 100vw, 379px\" \/> <img loading=\"lazy\" decoding=\"async\" class=\"aligncenter size-full wp-image-168\" src=\"https:\/\/www.catureba.com.br\/baciadojacuipe\/wp-content\/uploads\/2025\/08\/foto14-3.jpg\" alt=\"\" width=\"379\" height=\"283\" srcset=\"https:\/\/www.catureba.com.br\/baciadojacuipe\/wp-content\/uploads\/2025\/08\/foto14-3.jpg 379w, https:\/\/www.catureba.com.br\/baciadojacuipe\/wp-content\/uploads\/2025\/08\/foto14-3-300x224.jpg 300w\" sizes=\"auto, (max-width: 379px) 100vw, 379px\" \/> <img loading=\"lazy\" decoding=\"async\" class=\"aligncenter size-full wp-image-169\" src=\"https:\/\/www.catureba.com.br\/baciadojacuipe\/wp-content\/uploads\/2025\/08\/foto16-2.jpg\" alt=\"\" width=\"379\" height=\"283\" srcset=\"https:\/\/www.catureba.com.br\/baciadojacuipe\/wp-content\/uploads\/2025\/08\/foto16-2.jpg 379w, https:\/\/www.catureba.com.br\/baciadojacuipe\/wp-content\/uploads\/2025\/08\/foto16-2-300x224.jpg 300w\" sizes=\"auto, (max-width: 379px) 100vw, 379px\" \/> <img loading=\"lazy\" decoding=\"async\" class=\"aligncenter size-full wp-image-170\" src=\"https:\/\/www.catureba.com.br\/baciadojacuipe\/wp-content\/uploads\/2025\/08\/foto18-1.jpg\" alt=\"\" width=\"379\" height=\"283\" srcset=\"https:\/\/www.catureba.com.br\/baciadojacuipe\/wp-content\/uploads\/2025\/08\/foto18-1.jpg 379w, https:\/\/www.catureba.com.br\/baciadojacuipe\/wp-content\/uploads\/2025\/08\/foto18-1-300x224.jpg 300w\" sizes=\"auto, (max-width: 379px) 100vw, 379px\" \/><\/p>\n<div class=\"pvc_clear\"><\/div>\n<p id=\"pvc_stats_159\" class=\"pvc_stats total_only  \" data-element-id=\"159\" style=\"\"><i class=\"pvc-stats-icon medium\" aria-hidden=\"true\"><svg aria-hidden=\"true\" focusable=\"false\" data-prefix=\"far\" data-icon=\"chart-bar\" role=\"img\" xmlns=\"http:\/\/www.w3.org\/2000\/svg\" viewBox=\"0 0 512 512\" class=\"svg-inline--fa fa-chart-bar fa-w-16 fa-2x\"><path fill=\"currentColor\" d=\"M396.8 352h22.4c6.4 0 12.8-6.4 12.8-12.8V108.8c0-6.4-6.4-12.8-12.8-12.8h-22.4c-6.4 0-12.8 6.4-12.8 12.8v230.4c0 6.4 6.4 12.8 12.8 12.8zm-192 0h22.4c6.4 0 12.8-6.4 12.8-12.8V140.8c0-6.4-6.4-12.8-12.8-12.8h-22.4c-6.4 0-12.8 6.4-12.8 12.8v198.4c0 6.4 6.4 12.8 12.8 12.8zm96 0h22.4c6.4 0 12.8-6.4 12.8-12.8V204.8c0-6.4-6.4-12.8-12.8-12.8h-22.4c-6.4 0-12.8 6.4-12.8 12.8v134.4c0 6.4 6.4 12.8 12.8 12.8zM496 400H48V80c0-8.84-7.16-16-16-16H16C7.16 64 0 71.16 0 80v336c0 17.67 14.33 32 32 32h464c8.84 0 16-7.16 16-16v-16c0-8.84-7.16-16-16-16zm-387.2-48h22.4c6.4 0 12.8-6.4 12.8-12.8v-70.4c0-6.4-6.4-12.8-12.8-12.8h-22.4c-6.4 0-12.8 6.4-12.8 12.8v70.4c0 6.4 6.4 12.8 12.8 12.8z\" class=\"\"><\/path><\/svg><\/i> <img loading=\"lazy\" decoding=\"async\" width=\"16\" height=\"16\" alt=\"Loading\" src=\"https:\/\/www.catureba.com.br\/baciadojacuipe\/wp-content\/plugins\/page-views-count\/ajax-loader-2x.gif\" border=0 \/><\/p>\n<div class=\"pvc_clear\"><\/div>\n","protected":false},"excerpt":{"rendered":"<p>No \u00faltimo dia 17 de setembro, o munic\u00edpio de Ipir\u00e1 sediou a III Confer\u00eancia Municipal<\/p>\n<div class=\"pvc_clear\"><\/div>\n<p id=\"pvc_stats_159\" class=\"pvc_stats total_only  \" data-element-id=\"159\" style=\"\"><i class=\"pvc-stats-icon medium\" aria-hidden=\"true\"><svg aria-hidden=\"true\" focusable=\"false\" data-prefix=\"far\" data-icon=\"chart-bar\" role=\"img\" xmlns=\"http:\/\/www.w3.org\/2000\/svg\" viewBox=\"0 0 512 512\" class=\"svg-inline--fa fa-chart-bar fa-w-16 fa-2x\"><path fill=\"currentColor\" d=\"M396.8 352h22.4c6.4 0 12.8-6.4 12.8-12.8V108.8c0-6.4-6.4-12.8-12.8-12.8h-22.4c-6.4 0-12.8 6.4-12.8 12.8v230.4c0 6.4 6.4 12.8 12.8 12.8zm-192 0h22.4c6.4 0 12.8-6.4 12.8-12.8V140.8c0-6.4-6.4-12.8-12.8-12.8h-22.4c-6.4 0-12.8 6.4-12.8 12.8v198.4c0 6.4 6.4 12.8 12.8 12.8zm96 0h22.4c6.4 0 12.8-6.4 12.8-12.8V204.8c0-6.4-6.4-12.8-12.8-12.8h-22.4c-6.4 0-12.8 6.4-12.8 12.8v134.4c0 6.4 6.4 12.8 12.8 12.8zM496 400H48V80c0-8.84-7.16-16-16-16H16C7.16 64 0 71.16 0 80v336c0 17.67 14.33 32 32 32h464c8.84 0 16-7.16 16-16v-16c0-8.84-7.16-16-16-16zm-387.2-48h22.4c6.4 0 12.8-6.4 12.8-12.8v-70.4c0-6.4-6.4-12.8-12.8-12.8h-22.4c-6.4 0-12.8 6.4-12.8 12.8v70.4c0 6.4 6.4 12.8 12.8 12.8z\" class=\"\"><\/path><\/svg><\/i> <img loading=\"lazy\" decoding=\"async\" width=\"16\" height=\"16\" alt=\"Loading\" src=\"https:\/\/www.catureba.com.br\/baciadojacuipe\/wp-content\/plugins\/page-views-count\/ajax-loader-2x.gif\" border=0 \/><\/p>\n<div class=\"pvc_clear\"><\/div>\n","protected":false},"author":1,"featured_media":160,"comment_status":"closed","ping_status":"open","sticky":false,"template":"","format":"standard","meta":{"_uag_custom_page_level_css":"","footnotes":""},"categories":[7],"tags":[],"class_list":["post-159","post","type-post","status-publish","format-standard","has-post-thumbnail","hentry","category-ipira"],"a3_pvc":{"activated":true,"total_views":14,"today_views":0},"yoast_head":"<!-- This site is optimized with the Yoast SEO plugin v27.4 - https:\/\/yoast.com\/product\/yoast-seo-wordpress\/ -->\n<title>Ipir\u00e1 sedia a III Confer\u00eancia Municipal de Cultura com ampla participa\u00e7\u00e3o da sociedade civil - Bacia do Jacu\u00edpe<\/title>\n<meta name=\"robots\" content=\"index, follow, max-snippet:-1, max-image-preview:large, max-video-preview:-1\" \/>\n<link rel=\"canonical\" href=\"https:\/\/www.catureba.com.br\/baciadojacuipe\/2009\/09\/25\/ipira-sedia-a-iii-conferencia-municipal-de-cultura-com-ampla-participacao-da-sociedade-civil\/\" \/>\n<meta property=\"og:locale\" content=\"pt_BR\" \/>\n<meta property=\"og:type\" content=\"article\" \/>\n<meta property=\"og:title\" content=\"Ipir\u00e1 sedia a III Confer\u00eancia Municipal de Cultura com ampla participa\u00e7\u00e3o da sociedade civil - Bacia do Jacu\u00edpe\" \/>\n<meta property=\"og:description\" content=\"No \u00faltimo dia 17 de setembro, o munic\u00edpio de Ipir\u00e1 sediou a III Confer\u00eancia Municipal\" \/>\n<meta property=\"og:url\" content=\"https:\/\/www.catureba.com.br\/baciadojacuipe\/2009\/09\/25\/ipira-sedia-a-iii-conferencia-municipal-de-cultura-com-ampla-participacao-da-sociedade-civil\/\" \/>\n<meta property=\"og:site_name\" content=\"Bacia do Jacu\u00edpe\" \/>\n<meta property=\"article:published_time\" content=\"2009-09-25T10:26:43+00:00\" \/>\n<meta property=\"article:modified_time\" content=\"2025-08-24T10:28:33+00:00\" \/>\n<meta property=\"og:image\" content=\"https:\/\/www.catureba.com.br\/baciadojacuipe\/wp-content\/uploads\/2025\/08\/foto1-8.jpg\" \/>\n\t<meta property=\"og:image:width\" content=\"379\" \/>\n\t<meta property=\"og:image:height\" content=\"283\" \/>\n\t<meta property=\"og:image:type\" content=\"image\/jpeg\" \/>\n<meta name=\"author\" content=\"Ediom\u00e1rio Catureba\" \/>\n<meta name=\"twitter:card\" content=\"summary_large_image\" \/>\n<meta name=\"twitter:label1\" content=\"Escrito por\" \/>\n\t<meta name=\"twitter:data1\" content=\"Ediom\u00e1rio Catureba\" \/>\n\t<meta name=\"twitter:label2\" content=\"Est. tempo de leitura\" \/>\n\t<meta name=\"twitter:data2\" content=\"3 minutos\" \/>\n<script type=\"application\/ld+json\" class=\"yoast-schema-graph\">{\"@context\":\"https:\\\/\\\/schema.org\",\"@graph\":[{\"@type\":\"Article\",\"@id\":\"https:\\\/\\\/www.catureba.com.br\\\/baciadojacuipe\\\/2009\\\/09\\\/25\\\/ipira-sedia-a-iii-conferencia-municipal-de-cultura-com-ampla-participacao-da-sociedade-civil\\\/#article\",\"isPartOf\":{\"@id\":\"https:\\\/\\\/www.catureba.com.br\\\/baciadojacuipe\\\/2009\\\/09\\\/25\\\/ipira-sedia-a-iii-conferencia-municipal-de-cultura-com-ampla-participacao-da-sociedade-civil\\\/\"},\"author\":{\"name\":\"Ediom\u00e1rio Catureba\",\"@id\":\"https:\\\/\\\/www.catureba.com.br\\\/baciadojacuipe\\\/#\\\/schema\\\/person\\\/ffc8c3b98b65cb69355d29afa2355ba3\"},\"headline\":\"Ipir\u00e1 sedia a III Confer\u00eancia Municipal de Cultura com ampla participa\u00e7\u00e3o da sociedade civil\",\"datePublished\":\"2009-09-25T10:26:43+00:00\",\"dateModified\":\"2025-08-24T10:28:33+00:00\",\"mainEntityOfPage\":{\"@id\":\"https:\\\/\\\/www.catureba.com.br\\\/baciadojacuipe\\\/2009\\\/09\\\/25\\\/ipira-sedia-a-iii-conferencia-municipal-de-cultura-com-ampla-participacao-da-sociedade-civil\\\/\"},\"wordCount\":558,\"publisher\":{\"@id\":\"https:\\\/\\\/www.catureba.com.br\\\/baciadojacuipe\\\/#organization\"},\"image\":{\"@id\":\"https:\\\/\\\/www.catureba.com.br\\\/baciadojacuipe\\\/2009\\\/09\\\/25\\\/ipira-sedia-a-iii-conferencia-municipal-de-cultura-com-ampla-participacao-da-sociedade-civil\\\/#primaryimage\"},\"thumbnailUrl\":\"https:\\\/\\\/www.catureba.com.br\\\/baciadojacuipe\\\/wp-content\\\/uploads\\\/2025\\\/08\\\/foto1-8.jpg\",\"articleSection\":[\"Ipir\u00e1\"],\"inLanguage\":\"pt-BR\"},{\"@type\":\"WebPage\",\"@id\":\"https:\\\/\\\/www.catureba.com.br\\\/baciadojacuipe\\\/2009\\\/09\\\/25\\\/ipira-sedia-a-iii-conferencia-municipal-de-cultura-com-ampla-participacao-da-sociedade-civil\\\/\",\"url\":\"https:\\\/\\\/www.catureba.com.br\\\/baciadojacuipe\\\/2009\\\/09\\\/25\\\/ipira-sedia-a-iii-conferencia-municipal-de-cultura-com-ampla-participacao-da-sociedade-civil\\\/\",\"name\":\"Ipir\u00e1 sedia a III Confer\u00eancia Municipal de Cultura com ampla participa\u00e7\u00e3o da sociedade civil - Bacia do Jacu\u00edpe\",\"isPartOf\":{\"@id\":\"https:\\\/\\\/www.catureba.com.br\\\/baciadojacuipe\\\/#website\"},\"primaryImageOfPage\":{\"@id\":\"https:\\\/\\\/www.catureba.com.br\\\/baciadojacuipe\\\/2009\\\/09\\\/25\\\/ipira-sedia-a-iii-conferencia-municipal-de-cultura-com-ampla-participacao-da-sociedade-civil\\\/#primaryimage\"},\"image\":{\"@id\":\"https:\\\/\\\/www.catureba.com.br\\\/baciadojacuipe\\\/2009\\\/09\\\/25\\\/ipira-sedia-a-iii-conferencia-municipal-de-cultura-com-ampla-participacao-da-sociedade-civil\\\/#primaryimage\"},\"thumbnailUrl\":\"https:\\\/\\\/www.catureba.com.br\\\/baciadojacuipe\\\/wp-content\\\/uploads\\\/2025\\\/08\\\/foto1-8.jpg\",\"datePublished\":\"2009-09-25T10:26:43+00:00\",\"dateModified\":\"2025-08-24T10:28:33+00:00\",\"breadcrumb\":{\"@id\":\"https:\\\/\\\/www.catureba.com.br\\\/baciadojacuipe\\\/2009\\\/09\\\/25\\\/ipira-sedia-a-iii-conferencia-municipal-de-cultura-com-ampla-participacao-da-sociedade-civil\\\/#breadcrumb\"},\"inLanguage\":\"pt-BR\",\"potentialAction\":[{\"@type\":\"ReadAction\",\"target\":[\"https:\\\/\\\/www.catureba.com.br\\\/baciadojacuipe\\\/2009\\\/09\\\/25\\\/ipira-sedia-a-iii-conferencia-municipal-de-cultura-com-ampla-participacao-da-sociedade-civil\\\/\"]}]},{\"@type\":\"ImageObject\",\"inLanguage\":\"pt-BR\",\"@id\":\"https:\\\/\\\/www.catureba.com.br\\\/baciadojacuipe\\\/2009\\\/09\\\/25\\\/ipira-sedia-a-iii-conferencia-municipal-de-cultura-com-ampla-participacao-da-sociedade-civil\\\/#primaryimage\",\"url\":\"https:\\\/\\\/www.catureba.com.br\\\/baciadojacuipe\\\/wp-content\\\/uploads\\\/2025\\\/08\\\/foto1-8.jpg\",\"contentUrl\":\"https:\\\/\\\/www.catureba.com.br\\\/baciadojacuipe\\\/wp-content\\\/uploads\\\/2025\\\/08\\\/foto1-8.jpg\",\"width\":379,\"height\":283},{\"@type\":\"BreadcrumbList\",\"@id\":\"https:\\\/\\\/www.catureba.com.br\\\/baciadojacuipe\\\/2009\\\/09\\\/25\\\/ipira-sedia-a-iii-conferencia-municipal-de-cultura-com-ampla-participacao-da-sociedade-civil\\\/#breadcrumb\",\"itemListElement\":[{\"@type\":\"ListItem\",\"position\":1,\"name\":\"In\u00edcio\",\"item\":\"https:\\\/\\\/www.catureba.com.br\\\/baciadojacuipe\\\/\"},{\"@type\":\"ListItem\",\"position\":2,\"name\":\"Ipir\u00e1 sedia a III Confer\u00eancia Municipal de Cultura com ampla participa\u00e7\u00e3o da sociedade civil\"}]},{\"@type\":\"WebSite\",\"@id\":\"https:\\\/\\\/www.catureba.com.br\\\/baciadojacuipe\\\/#website\",\"url\":\"https:\\\/\\\/www.catureba.com.br\\\/baciadojacuipe\\\/\",\"name\":\"Bacia do Jacu\u00edpe\",\"description\":\"15 Munic\u00edpios em um s\u00f3 Lugar\",\"publisher\":{\"@id\":\"https:\\\/\\\/www.catureba.com.br\\\/baciadojacuipe\\\/#organization\"},\"potentialAction\":[{\"@type\":\"SearchAction\",\"target\":{\"@type\":\"EntryPoint\",\"urlTemplate\":\"https:\\\/\\\/www.catureba.com.br\\\/baciadojacuipe\\\/?s={search_term_string}\"},\"query-input\":{\"@type\":\"PropertyValueSpecification\",\"valueRequired\":true,\"valueName\":\"search_term_string\"}}],\"inLanguage\":\"pt-BR\"},{\"@type\":\"Organization\",\"@id\":\"https:\\\/\\\/www.catureba.com.br\\\/baciadojacuipe\\\/#organization\",\"name\":\"Bacia do Jacu\u00edpe\",\"url\":\"https:\\\/\\\/www.catureba.com.br\\\/baciadojacuipe\\\/\",\"logo\":{\"@type\":\"ImageObject\",\"inLanguage\":\"pt-BR\",\"@id\":\"https:\\\/\\\/www.catureba.com.br\\\/baciadojacuipe\\\/#\\\/schema\\\/logo\\\/image\\\/\",\"url\":\"https:\\\/\\\/www.catureba.com.br\\\/baciadojacuipe\\\/wp-content\\\/uploads\\\/2025\\\/08\\\/cropped-logo.png\",\"contentUrl\":\"https:\\\/\\\/www.catureba.com.br\\\/baciadojacuipe\\\/wp-content\\\/uploads\\\/2025\\\/08\\\/cropped-logo.png\",\"width\":149,\"height\":150,\"caption\":\"Bacia do Jacu\u00edpe\"},\"image\":{\"@id\":\"https:\\\/\\\/www.catureba.com.br\\\/baciadojacuipe\\\/#\\\/schema\\\/logo\\\/image\\\/\"}},{\"@type\":\"Person\",\"@id\":\"https:\\\/\\\/www.catureba.com.br\\\/baciadojacuipe\\\/#\\\/schema\\\/person\\\/ffc8c3b98b65cb69355d29afa2355ba3\",\"name\":\"Ediom\u00e1rio Catureba\",\"image\":{\"@type\":\"ImageObject\",\"inLanguage\":\"pt-BR\",\"@id\":\"https:\\\/\\\/secure.gravatar.com\\\/avatar\\\/63c567ef6e64a56df9e100701cb374d725dbb66b635cd56b3f13f88e28ba235e?s=96&d=mm&r=g\",\"url\":\"https:\\\/\\\/secure.gravatar.com\\\/avatar\\\/63c567ef6e64a56df9e100701cb374d725dbb66b635cd56b3f13f88e28ba235e?s=96&d=mm&r=g\",\"contentUrl\":\"https:\\\/\\\/secure.gravatar.com\\\/avatar\\\/63c567ef6e64a56df9e100701cb374d725dbb66b635cd56b3f13f88e28ba235e?s=96&d=mm&r=g\",\"caption\":\"Ediom\u00e1rio Catureba\"},\"description\":\"Ediom\u00e1rio Catureba, nascido em 1976 em Baixa Grande, Bahia, \u00e9 jornalista e redator. Al\u00e9m de sua atua\u00e7\u00e3o no jornalismo, Ediom\u00e1rio \u00e9 conhecido por sua participa\u00e7\u00e3o em eventos culturais e sociais na regi\u00e3o. Ediom\u00e1rio tamb\u00e9m \u00e9 respons\u00e1vel pelo site Catureba.com.br, onde publica not\u00edcias e informa\u00e7\u00f5es sobre eventos locais, pol\u00edtica e cultura, contribuindo para a dissemina\u00e7\u00e3o de informa\u00e7\u00f5es na comunidade de Baixa Grande e arredores.\",\"sameAs\":[\"https:\\\/\\\/www.catureba.com.br\\\/baciadojacuipe\"],\"url\":\"https:\\\/\\\/www.catureba.com.br\\\/baciadojacuipe\\\/author\\\/edyomario\\\/\"}]}<\/script>\n<!-- \/ Yoast SEO plugin. -->","yoast_head_json":{"title":"Ipir\u00e1 sedia a III Confer\u00eancia Municipal de Cultura com ampla participa\u00e7\u00e3o da sociedade civil - Bacia do Jacu\u00edpe","robots":{"index":"index","follow":"follow","max-snippet":"max-snippet:-1","max-image-preview":"max-image-preview:large","max-video-preview":"max-video-preview:-1"},"canonical":"https:\/\/www.catureba.com.br\/baciadojacuipe\/2009\/09\/25\/ipira-sedia-a-iii-conferencia-municipal-de-cultura-com-ampla-participacao-da-sociedade-civil\/","og_locale":"pt_BR","og_type":"article","og_title":"Ipir\u00e1 sedia a III Confer\u00eancia Municipal de Cultura com ampla participa\u00e7\u00e3o da sociedade civil - Bacia do Jacu\u00edpe","og_description":"No \u00faltimo dia 17 de setembro, o munic\u00edpio de Ipir\u00e1 sediou a III Confer\u00eancia Municipal","og_url":"https:\/\/www.catureba.com.br\/baciadojacuipe\/2009\/09\/25\/ipira-sedia-a-iii-conferencia-municipal-de-cultura-com-ampla-participacao-da-sociedade-civil\/","og_site_name":"Bacia do Jacu\u00edpe","article_published_time":"2009-09-25T10:26:43+00:00","article_modified_time":"2025-08-24T10:28:33+00:00","og_image":[{"width":379,"height":283,"url":"https:\/\/www.catureba.com.br\/baciadojacuipe\/wp-content\/uploads\/2025\/08\/foto1-8.jpg","type":"image\/jpeg"}],"author":"Ediom\u00e1rio Catureba","twitter_card":"summary_large_image","twitter_misc":{"Escrito por":"Ediom\u00e1rio Catureba","Est. tempo de leitura":"3 minutos"},"schema":{"@context":"https:\/\/schema.org","@graph":[{"@type":"Article","@id":"https:\/\/www.catureba.com.br\/baciadojacuipe\/2009\/09\/25\/ipira-sedia-a-iii-conferencia-municipal-de-cultura-com-ampla-participacao-da-sociedade-civil\/#article","isPartOf":{"@id":"https:\/\/www.catureba.com.br\/baciadojacuipe\/2009\/09\/25\/ipira-sedia-a-iii-conferencia-municipal-de-cultura-com-ampla-participacao-da-sociedade-civil\/"},"author":{"name":"Ediom\u00e1rio Catureba","@id":"https:\/\/www.catureba.com.br\/baciadojacuipe\/#\/schema\/person\/ffc8c3b98b65cb69355d29afa2355ba3"},"headline":"Ipir\u00e1 sedia a III Confer\u00eancia Municipal de Cultura com ampla participa\u00e7\u00e3o da sociedade civil","datePublished":"2009-09-25T10:26:43+00:00","dateModified":"2025-08-24T10:28:33+00:00","mainEntityOfPage":{"@id":"https:\/\/www.catureba.com.br\/baciadojacuipe\/2009\/09\/25\/ipira-sedia-a-iii-conferencia-municipal-de-cultura-com-ampla-participacao-da-sociedade-civil\/"},"wordCount":558,"publisher":{"@id":"https:\/\/www.catureba.com.br\/baciadojacuipe\/#organization"},"image":{"@id":"https:\/\/www.catureba.com.br\/baciadojacuipe\/2009\/09\/25\/ipira-sedia-a-iii-conferencia-municipal-de-cultura-com-ampla-participacao-da-sociedade-civil\/#primaryimage"},"thumbnailUrl":"https:\/\/www.catureba.com.br\/baciadojacuipe\/wp-content\/uploads\/2025\/08\/foto1-8.jpg","articleSection":["Ipir\u00e1"],"inLanguage":"pt-BR"},{"@type":"WebPage","@id":"https:\/\/www.catureba.com.br\/baciadojacuipe\/2009\/09\/25\/ipira-sedia-a-iii-conferencia-municipal-de-cultura-com-ampla-participacao-da-sociedade-civil\/","url":"https:\/\/www.catureba.com.br\/baciadojacuipe\/2009\/09\/25\/ipira-sedia-a-iii-conferencia-municipal-de-cultura-com-ampla-participacao-da-sociedade-civil\/","name":"Ipir\u00e1 sedia a III Confer\u00eancia Municipal de Cultura com ampla participa\u00e7\u00e3o da sociedade civil - Bacia do Jacu\u00edpe","isPartOf":{"@id":"https:\/\/www.catureba.com.br\/baciadojacuipe\/#website"},"primaryImageOfPage":{"@id":"https:\/\/www.catureba.com.br\/baciadojacuipe\/2009\/09\/25\/ipira-sedia-a-iii-conferencia-municipal-de-cultura-com-ampla-participacao-da-sociedade-civil\/#primaryimage"},"image":{"@id":"https:\/\/www.catureba.com.br\/baciadojacuipe\/2009\/09\/25\/ipira-sedia-a-iii-conferencia-municipal-de-cultura-com-ampla-participacao-da-sociedade-civil\/#primaryimage"},"thumbnailUrl":"https:\/\/www.catureba.com.br\/baciadojacuipe\/wp-content\/uploads\/2025\/08\/foto1-8.jpg","datePublished":"2009-09-25T10:26:43+00:00","dateModified":"2025-08-24T10:28:33+00:00","breadcrumb":{"@id":"https:\/\/www.catureba.com.br\/baciadojacuipe\/2009\/09\/25\/ipira-sedia-a-iii-conferencia-municipal-de-cultura-com-ampla-participacao-da-sociedade-civil\/#breadcrumb"},"inLanguage":"pt-BR","potentialAction":[{"@type":"ReadAction","target":["https:\/\/www.catureba.com.br\/baciadojacuipe\/2009\/09\/25\/ipira-sedia-a-iii-conferencia-municipal-de-cultura-com-ampla-participacao-da-sociedade-civil\/"]}]},{"@type":"ImageObject","inLanguage":"pt-BR","@id":"https:\/\/www.catureba.com.br\/baciadojacuipe\/2009\/09\/25\/ipira-sedia-a-iii-conferencia-municipal-de-cultura-com-ampla-participacao-da-sociedade-civil\/#primaryimage","url":"https:\/\/www.catureba.com.br\/baciadojacuipe\/wp-content\/uploads\/2025\/08\/foto1-8.jpg","contentUrl":"https:\/\/www.catureba.com.br\/baciadojacuipe\/wp-content\/uploads\/2025\/08\/foto1-8.jpg","width":379,"height":283},{"@type":"BreadcrumbList","@id":"https:\/\/www.catureba.com.br\/baciadojacuipe\/2009\/09\/25\/ipira-sedia-a-iii-conferencia-municipal-de-cultura-com-ampla-participacao-da-sociedade-civil\/#breadcrumb","itemListElement":[{"@type":"ListItem","position":1,"name":"In\u00edcio","item":"https:\/\/www.catureba.com.br\/baciadojacuipe\/"},{"@type":"ListItem","position":2,"name":"Ipir\u00e1 sedia a III Confer\u00eancia Municipal de Cultura com ampla participa\u00e7\u00e3o da sociedade civil"}]},{"@type":"WebSite","@id":"https:\/\/www.catureba.com.br\/baciadojacuipe\/#website","url":"https:\/\/www.catureba.com.br\/baciadojacuipe\/","name":"Bacia do Jacu\u00edpe","description":"15 Munic\u00edpios em um s\u00f3 Lugar","publisher":{"@id":"https:\/\/www.catureba.com.br\/baciadojacuipe\/#organization"},"potentialAction":[{"@type":"SearchAction","target":{"@type":"EntryPoint","urlTemplate":"https:\/\/www.catureba.com.br\/baciadojacuipe\/?s={search_term_string}"},"query-input":{"@type":"PropertyValueSpecification","valueRequired":true,"valueName":"search_term_string"}}],"inLanguage":"pt-BR"},{"@type":"Organization","@id":"https:\/\/www.catureba.com.br\/baciadojacuipe\/#organization","name":"Bacia do Jacu\u00edpe","url":"https:\/\/www.catureba.com.br\/baciadojacuipe\/","logo":{"@type":"ImageObject","inLanguage":"pt-BR","@id":"https:\/\/www.catureba.com.br\/baciadojacuipe\/#\/schema\/logo\/image\/","url":"https:\/\/www.catureba.com.br\/baciadojacuipe\/wp-content\/uploads\/2025\/08\/cropped-logo.png","contentUrl":"https:\/\/www.catureba.com.br\/baciadojacuipe\/wp-content\/uploads\/2025\/08\/cropped-logo.png","width":149,"height":150,"caption":"Bacia do Jacu\u00edpe"},"image":{"@id":"https:\/\/www.catureba.com.br\/baciadojacuipe\/#\/schema\/logo\/image\/"}},{"@type":"Person","@id":"https:\/\/www.catureba.com.br\/baciadojacuipe\/#\/schema\/person\/ffc8c3b98b65cb69355d29afa2355ba3","name":"Ediom\u00e1rio Catureba","image":{"@type":"ImageObject","inLanguage":"pt-BR","@id":"https:\/\/secure.gravatar.com\/avatar\/63c567ef6e64a56df9e100701cb374d725dbb66b635cd56b3f13f88e28ba235e?s=96&d=mm&r=g","url":"https:\/\/secure.gravatar.com\/avatar\/63c567ef6e64a56df9e100701cb374d725dbb66b635cd56b3f13f88e28ba235e?s=96&d=mm&r=g","contentUrl":"https:\/\/secure.gravatar.com\/avatar\/63c567ef6e64a56df9e100701cb374d725dbb66b635cd56b3f13f88e28ba235e?s=96&d=mm&r=g","caption":"Ediom\u00e1rio Catureba"},"description":"Ediom\u00e1rio Catureba, nascido em 1976 em Baixa Grande, Bahia, \u00e9 jornalista e redator. Al\u00e9m de sua atua\u00e7\u00e3o no jornalismo, Ediom\u00e1rio \u00e9 conhecido por sua participa\u00e7\u00e3o em eventos culturais e sociais na regi\u00e3o. Ediom\u00e1rio tamb\u00e9m \u00e9 respons\u00e1vel pelo site Catureba.com.br, onde publica not\u00edcias e informa\u00e7\u00f5es sobre eventos locais, pol\u00edtica e cultura, contribuindo para a dissemina\u00e7\u00e3o de informa\u00e7\u00f5es na comunidade de Baixa Grande e arredores.","sameAs":["https:\/\/www.catureba.com.br\/baciadojacuipe"],"url":"https:\/\/www.catureba.com.br\/baciadojacuipe\/author\/edyomario\/"}]}},"uagb_featured_image_src":{"full":["https:\/\/www.catureba.com.br\/baciadojacuipe\/wp-content\/uploads\/2025\/08\/foto1-8.jpg",379,283,false],"thumbnail":["https:\/\/www.catureba.com.br\/baciadojacuipe\/wp-content\/uploads\/2025\/08\/foto1-8-150x150.jpg",150,150,true],"medium":["https:\/\/www.catureba.com.br\/baciadojacuipe\/wp-content\/uploads\/2025\/08\/foto1-8-300x224.jpg",300,224,true],"medium_large":["https:\/\/www.catureba.com.br\/baciadojacuipe\/wp-content\/uploads\/2025\/08\/foto1-8.jpg",379,283,false],"large":["https:\/\/www.catureba.com.br\/baciadojacuipe\/wp-content\/uploads\/2025\/08\/foto1-8.jpg",379,283,false],"1536x1536":["https:\/\/www.catureba.com.br\/baciadojacuipe\/wp-content\/uploads\/2025\/08\/foto1-8.jpg",379,283,false],"2048x2048":["https:\/\/www.catureba.com.br\/baciadojacuipe\/wp-content\/uploads\/2025\/08\/foto1-8.jpg",379,283,false],"cream-magazine-thumbnail-2":["https:\/\/www.catureba.com.br\/baciadojacuipe\/wp-content\/uploads\/2025\/08\/foto1-8.jpg",379,283,false],"cream-magazine-thumbnail-3":["https:\/\/www.catureba.com.br\/baciadojacuipe\/wp-content\/uploads\/2025\/08\/foto1-8.jpg",379,283,false],"cream-magazine-thumbnail-4":["https:\/\/www.catureba.com.br\/baciadojacuipe\/wp-content\/uploads\/2025\/08\/foto1-8.jpg",379,283,false]},"uagb_author_info":{"display_name":"Ediom\u00e1rio Catureba","author_link":"https:\/\/www.catureba.com.br\/baciadojacuipe\/author\/edyomario\/"},"uagb_comment_info":0,"uagb_excerpt":"No \u00faltimo dia 17 de setembro, o munic\u00edpio de Ipir\u00e1 sediou a III Confer\u00eancia Municipal","_links":{"self":[{"href":"https:\/\/www.catureba.com.br\/baciadojacuipe\/wp-json\/wp\/v2\/posts\/159","targetHints":{"allow":["GET"]}}],"collection":[{"href":"https:\/\/www.catureba.com.br\/baciadojacuipe\/wp-json\/wp\/v2\/posts"}],"about":[{"href":"https:\/\/www.catureba.com.br\/baciadojacuipe\/wp-json\/wp\/v2\/types\/post"}],"author":[{"embeddable":true,"href":"https:\/\/www.catureba.com.br\/baciadojacuipe\/wp-json\/wp\/v2\/users\/1"}],"replies":[{"embeddable":true,"href":"https:\/\/www.catureba.com.br\/baciadojacuipe\/wp-json\/wp\/v2\/comments?post=159"}],"version-history":[{"count":1,"href":"https:\/\/www.catureba.com.br\/baciadojacuipe\/wp-json\/wp\/v2\/posts\/159\/revisions"}],"predecessor-version":[{"id":171,"href":"https:\/\/www.catureba.com.br\/baciadojacuipe\/wp-json\/wp\/v2\/posts\/159\/revisions\/171"}],"wp:featuredmedia":[{"embeddable":true,"href":"https:\/\/www.catureba.com.br\/baciadojacuipe\/wp-json\/wp\/v2\/media\/160"}],"wp:attachment":[{"href":"https:\/\/www.catureba.com.br\/baciadojacuipe\/wp-json\/wp\/v2\/media?parent=159"}],"wp:term":[{"taxonomy":"category","embeddable":true,"href":"https:\/\/www.catureba.com.br\/baciadojacuipe\/wp-json\/wp\/v2\/categories?post=159"},{"taxonomy":"post_tag","embeddable":true,"href":"https:\/\/www.catureba.com.br\/baciadojacuipe\/wp-json\/wp\/v2\/tags?post=159"}],"curies":[{"name":"wp","href":"https:\/\/api.w.org\/{rel}","templated":true}]}}