{"id":144,"date":"2009-09-21T07:22:12","date_gmt":"2009-09-21T10:22:12","guid":{"rendered":"https:\/\/www.catureba.com.br\/baciadojacuipe\/?p=144"},"modified":"2025-08-24T07:24:11","modified_gmt":"2025-08-24T10:24:11","slug":"baixa-grande-sedia-encontro-regional-do-pt-com-liderancas-da-bacia-do-jacuipe-e-piemonte-do-paraguacu","status":"publish","type":"post","link":"https:\/\/www.catureba.com.br\/baciadojacuipe\/2009\/09\/21\/baixa-grande-sedia-encontro-regional-do-pt-com-liderancas-da-bacia-do-jacuipe-e-piemonte-do-paraguacu\/","title":{"rendered":"Baixa Grande sedia Encontro Regional do PT com lideran\u00e7as da Bacia do Jacu\u00edpe e Piemonte do Paragua\u00e7u"},"content":{"rendered":"<p style=\"text-align: justify;\">Com o objetivo de promover maior entrosamento entre os diret\u00f3rios municipais e o Governo Estadual, Baixa Grande sediou, na manh\u00e3 do \u00faltimo domingo (20), o Encontro Regional de Lideran\u00e7as do Partido dos Trabalhadores (PT) dos territ\u00f3rios da Bacia do Jacu\u00edpe e do Piemonte do Paragua\u00e7u. O evento ocorreu no Col\u00e9gio Estadual Nuclear e reuniu representantes de 12 munic\u00edpios da regi\u00e3o.<\/p>\n<p style=\"text-align: justify;\">Estiveram presentes o presidente do Diret\u00f3rio Estadual do PT na Bahia, Jonas Paulo, o secret\u00e1rio estadual de Desenvolvimento Urbano (SEDUR), Afonso Florence, a deputada estadual Neuza Cadore, al\u00e9m de representantes dos diret\u00f3rios municipais de Baixa Grande, Capela do Alto Alegre, Ibiquera, Itaberaba, Lagedinho, Macajuba, Mairi, P\u00e9 de Serra, Pintadas, Piritiba, Ruy Barbosa e Serra Preta.<\/p>\n<p style=\"text-align: justify;\">O presidente do Diret\u00f3rio Municipal do PT de Baixa Grande, vereador Pedro Lima Neto, falou sobre a conjuntura pol\u00edtica para 2010 e destacou a import\u00e2ncia do Processo de Elei\u00e7\u00f5es Diretas (PED 2009), que ocorrer\u00e1 em 22 de novembro. Na ocasi\u00e3o, os filiados ao PT em todo o pa\u00eds eleger\u00e3o as novas dire\u00e7\u00f5es municipais, estaduais e nacional do partido.<\/p>\n<p><img loading=\"lazy\" decoding=\"async\" class=\"aligncenter size-full wp-image-146\" src=\"https:\/\/www.catureba.com.br\/baciadojacuipe\/wp-content\/uploads\/2025\/08\/foto2-4.jpg\" alt=\"\" width=\"379\" height=\"283\" srcset=\"https:\/\/www.catureba.com.br\/baciadojacuipe\/wp-content\/uploads\/2025\/08\/foto2-4.jpg 379w, https:\/\/www.catureba.com.br\/baciadojacuipe\/wp-content\/uploads\/2025\/08\/foto2-4-300x224.jpg 300w\" sizes=\"auto, (max-width: 379px) 100vw, 379px\" \/><\/p>\n<p style=\"text-align: justify;\">Durante o encontro, a deputada Neuza Cadore apresentou um balan\u00e7o de sua atua\u00e7\u00e3o na Assembleia Legislativa da Bahia, destacando programas como \u00c1gua para Todos e Luz para Todos. Ela tamb\u00e9m informou sobre a abertura de uma licita\u00e7\u00e3o para melhorias no fornecimento de \u00e1gua em diversos munic\u00edpios da Bacia do Jacu\u00edpe.<\/p>\n<p style=\"text-align: justify;\">O secret\u00e1rio da SEDUR, Afonso Florence, enfatizou a import\u00e2ncia das alian\u00e7as para o avan\u00e7o de pautas de esquerda. Ele comentou as dificuldades enfrentadas pela pasta durante a crise econ\u00f4mica mundial, mas afirmou que os obst\u00e1culos foram superados e que as obras iniciadas em 2008, paralisadas pela crise, est\u00e3o sendo retomadas.<\/p>\n<p><img loading=\"lazy\" decoding=\"async\" class=\"aligncenter size-full wp-image-147\" src=\"https:\/\/www.catureba.com.br\/baciadojacuipe\/wp-content\/uploads\/2025\/08\/foto3-6.jpg\" alt=\"\" width=\"379\" height=\"283\" srcset=\"https:\/\/www.catureba.com.br\/baciadojacuipe\/wp-content\/uploads\/2025\/08\/foto3-6.jpg 379w, https:\/\/www.catureba.com.br\/baciadojacuipe\/wp-content\/uploads\/2025\/08\/foto3-6-300x224.jpg 300w\" sizes=\"auto, (max-width: 379px) 100vw, 379px\" \/><\/p>\n<p style=\"text-align: justify;\">O prefeito de Macajuba, Tarc\u00edsio Pamponet, relatou os desafios enfrentados no munic\u00edpio devido \u00e0 crise h\u00eddrica, o que exigiu cortes de despesas. Ele elogiou o governo estadual pelas mudan\u00e7as promovidas em algumas secretarias. J\u00e1 o prefeito de Baixa Grande, Gilvan Rios da Silva, falou das dificuldades em cumprir a Lei de Responsabilidade Fiscal, diante da queda nos repasses de recursos ao munic\u00edpio.<\/p>\n<p style=\"text-align: justify;\">O encontro reafirmou o compromisso dos diret\u00f3rios municipais com o fortalecimento do PT na regi\u00e3o, a integra\u00e7\u00e3o entre lideran\u00e7as e a busca por solu\u00e7\u00f5es para os desafios locais por meio da articula\u00e7\u00e3o pol\u00edtica e institucional.<\/p>\n<p style=\"text-align: justify;\">Mais informa\u00e7\u00f5es: <a href=\"http:\/\/www.baciadojacuipe.com.br\">www.baciadojacuipe.com.br<\/a><br \/>\nPor: Ediom\u00e1rio Catureba<\/p>\n<p><img loading=\"lazy\" decoding=\"async\" class=\"aligncenter size-full wp-image-148\" src=\"https:\/\/www.catureba.com.br\/baciadojacuipe\/wp-content\/uploads\/2025\/08\/foto5-4.jpg\" alt=\"\" width=\"379\" height=\"283\" srcset=\"https:\/\/www.catureba.com.br\/baciadojacuipe\/wp-content\/uploads\/2025\/08\/foto5-4.jpg 379w, https:\/\/www.catureba.com.br\/baciadojacuipe\/wp-content\/uploads\/2025\/08\/foto5-4-300x224.jpg 300w\" sizes=\"auto, (max-width: 379px) 100vw, 379px\" \/> <img loading=\"lazy\" decoding=\"async\" class=\"aligncenter size-full wp-image-149\" src=\"https:\/\/www.catureba.com.br\/baciadojacuipe\/wp-content\/uploads\/2025\/08\/foto7-4.jpg\" alt=\"\" width=\"379\" height=\"283\" srcset=\"https:\/\/www.catureba.com.br\/baciadojacuipe\/wp-content\/uploads\/2025\/08\/foto7-4.jpg 379w, https:\/\/www.catureba.com.br\/baciadojacuipe\/wp-content\/uploads\/2025\/08\/foto7-4-300x224.jpg 300w\" sizes=\"auto, (max-width: 379px) 100vw, 379px\" \/> <img loading=\"lazy\" decoding=\"async\" class=\"aligncenter size-full wp-image-150\" src=\"https:\/\/www.catureba.com.br\/baciadojacuipe\/wp-content\/uploads\/2025\/08\/foto11-5.jpg\" alt=\"\" width=\"379\" height=\"283\" srcset=\"https:\/\/www.catureba.com.br\/baciadojacuipe\/wp-content\/uploads\/2025\/08\/foto11-5.jpg 379w, https:\/\/www.catureba.com.br\/baciadojacuipe\/wp-content\/uploads\/2025\/08\/foto11-5-300x224.jpg 300w\" sizes=\"auto, (max-width: 379px) 100vw, 379px\" \/> <img loading=\"lazy\" decoding=\"async\" class=\"aligncenter size-full wp-image-151\" src=\"https:\/\/www.catureba.com.br\/baciadojacuipe\/wp-content\/uploads\/2025\/08\/foto12-3.jpg\" alt=\"\" width=\"379\" height=\"283\" srcset=\"https:\/\/www.catureba.com.br\/baciadojacuipe\/wp-content\/uploads\/2025\/08\/foto12-3.jpg 379w, https:\/\/www.catureba.com.br\/baciadojacuipe\/wp-content\/uploads\/2025\/08\/foto12-3-300x224.jpg 300w\" sizes=\"auto, (max-width: 379px) 100vw, 379px\" \/> <img loading=\"lazy\" decoding=\"async\" class=\"aligncenter size-full wp-image-152\" src=\"https:\/\/www.catureba.com.br\/baciadojacuipe\/wp-content\/uploads\/2025\/08\/foto13-2.jpg\" alt=\"\" width=\"379\" height=\"283\" srcset=\"https:\/\/www.catureba.com.br\/baciadojacuipe\/wp-content\/uploads\/2025\/08\/foto13-2.jpg 379w, https:\/\/www.catureba.com.br\/baciadojacuipe\/wp-content\/uploads\/2025\/08\/foto13-2-300x224.jpg 300w\" sizes=\"auto, (max-width: 379px) 100vw, 379px\" \/> <img loading=\"lazy\" decoding=\"async\" class=\"aligncenter size-full wp-image-153\" src=\"https:\/\/www.catureba.com.br\/baciadojacuipe\/wp-content\/uploads\/2025\/08\/foto14-2.jpg\" alt=\"\" width=\"379\" height=\"283\" srcset=\"https:\/\/www.catureba.com.br\/baciadojacuipe\/wp-content\/uploads\/2025\/08\/foto14-2.jpg 379w, https:\/\/www.catureba.com.br\/baciadojacuipe\/wp-content\/uploads\/2025\/08\/foto14-2-300x224.jpg 300w\" sizes=\"auto, (max-width: 379px) 100vw, 379px\" \/> <img loading=\"lazy\" decoding=\"async\" class=\"aligncenter size-full wp-image-154\" src=\"https:\/\/www.catureba.com.br\/baciadojacuipe\/wp-content\/uploads\/2025\/08\/foto15.jpg\" alt=\"\" width=\"379\" height=\"283\" srcset=\"https:\/\/www.catureba.com.br\/baciadojacuipe\/wp-content\/uploads\/2025\/08\/foto15.jpg 379w, https:\/\/www.catureba.com.br\/baciadojacuipe\/wp-content\/uploads\/2025\/08\/foto15-300x224.jpg 300w\" sizes=\"auto, (max-width: 379px) 100vw, 379px\" \/> <img loading=\"lazy\" decoding=\"async\" class=\"aligncenter size-full wp-image-155\" src=\"https:\/\/www.catureba.com.br\/baciadojacuipe\/wp-content\/uploads\/2025\/08\/foto16-1.jpg\" alt=\"\" width=\"379\" height=\"283\" srcset=\"https:\/\/www.catureba.com.br\/baciadojacuipe\/wp-content\/uploads\/2025\/08\/foto16-1.jpg 379w, https:\/\/www.catureba.com.br\/baciadojacuipe\/wp-content\/uploads\/2025\/08\/foto16-1-300x224.jpg 300w\" sizes=\"auto, (max-width: 379px) 100vw, 379px\" \/> <img loading=\"lazy\" decoding=\"async\" class=\"aligncenter size-full wp-image-156\" src=\"https:\/\/www.catureba.com.br\/baciadojacuipe\/wp-content\/uploads\/2025\/08\/gilvan.jpg\" alt=\"\" width=\"379\" height=\"283\" srcset=\"https:\/\/www.catureba.com.br\/baciadojacuipe\/wp-content\/uploads\/2025\/08\/gilvan.jpg 379w, https:\/\/www.catureba.com.br\/baciadojacuipe\/wp-content\/uploads\/2025\/08\/gilvan-300x224.jpg 300w\" sizes=\"auto, (max-width: 379px) 100vw, 379px\" \/> <img loading=\"lazy\" decoding=\"async\" class=\"aligncenter size-full wp-image-157\" src=\"https:\/\/www.catureba.com.br\/baciadojacuipe\/wp-content\/uploads\/2025\/08\/neusa.jpg\" alt=\"\" width=\"379\" height=\"283\" srcset=\"https:\/\/www.catureba.com.br\/baciadojacuipe\/wp-content\/uploads\/2025\/08\/neusa.jpg 379w, https:\/\/www.catureba.com.br\/baciadojacuipe\/wp-content\/uploads\/2025\/08\/neusa-300x224.jpg 300w\" sizes=\"auto, (max-width: 379px) 100vw, 379px\" \/><\/p>\n<div class=\"pvc_clear\"><\/div>\n<p id=\"pvc_stats_144\" class=\"pvc_stats total_only  \" data-element-id=\"144\" style=\"\"><i class=\"pvc-stats-icon medium\" aria-hidden=\"true\"><svg aria-hidden=\"true\" focusable=\"false\" data-prefix=\"far\" data-icon=\"chart-bar\" role=\"img\" xmlns=\"http:\/\/www.w3.org\/2000\/svg\" viewBox=\"0 0 512 512\" class=\"svg-inline--fa fa-chart-bar fa-w-16 fa-2x\"><path fill=\"currentColor\" d=\"M396.8 352h22.4c6.4 0 12.8-6.4 12.8-12.8V108.8c0-6.4-6.4-12.8-12.8-12.8h-22.4c-6.4 0-12.8 6.4-12.8 12.8v230.4c0 6.4 6.4 12.8 12.8 12.8zm-192 0h22.4c6.4 0 12.8-6.4 12.8-12.8V140.8c0-6.4-6.4-12.8-12.8-12.8h-22.4c-6.4 0-12.8 6.4-12.8 12.8v198.4c0 6.4 6.4 12.8 12.8 12.8zm96 0h22.4c6.4 0 12.8-6.4 12.8-12.8V204.8c0-6.4-6.4-12.8-12.8-12.8h-22.4c-6.4 0-12.8 6.4-12.8 12.8v134.4c0 6.4 6.4 12.8 12.8 12.8zM496 400H48V80c0-8.84-7.16-16-16-16H16C7.16 64 0 71.16 0 80v336c0 17.67 14.33 32 32 32h464c8.84 0 16-7.16 16-16v-16c0-8.84-7.16-16-16-16zm-387.2-48h22.4c6.4 0 12.8-6.4 12.8-12.8v-70.4c0-6.4-6.4-12.8-12.8-12.8h-22.4c-6.4 0-12.8 6.4-12.8 12.8v70.4c0 6.4 6.4 12.8 12.8 12.8z\" class=\"\"><\/path><\/svg><\/i> <img loading=\"lazy\" decoding=\"async\" width=\"16\" height=\"16\" alt=\"Loading\" src=\"https:\/\/www.catureba.com.br\/baciadojacuipe\/wp-content\/plugins\/page-views-count\/ajax-loader-2x.gif\" border=0 \/><\/p>\n<div class=\"pvc_clear\"><\/div>\n","protected":false},"excerpt":{"rendered":"<p>Com o objetivo de promover maior entrosamento entre os diret\u00f3rios municipais e o Governo Estadual,<\/p>\n<div class=\"pvc_clear\"><\/div>\n<p id=\"pvc_stats_144\" class=\"pvc_stats total_only  \" data-element-id=\"144\" style=\"\"><i class=\"pvc-stats-icon medium\" aria-hidden=\"true\"><svg aria-hidden=\"true\" focusable=\"false\" data-prefix=\"far\" data-icon=\"chart-bar\" role=\"img\" xmlns=\"http:\/\/www.w3.org\/2000\/svg\" viewBox=\"0 0 512 512\" class=\"svg-inline--fa fa-chart-bar fa-w-16 fa-2x\"><path fill=\"currentColor\" d=\"M396.8 352h22.4c6.4 0 12.8-6.4 12.8-12.8V108.8c0-6.4-6.4-12.8-12.8-12.8h-22.4c-6.4 0-12.8 6.4-12.8 12.8v230.4c0 6.4 6.4 12.8 12.8 12.8zm-192 0h22.4c6.4 0 12.8-6.4 12.8-12.8V140.8c0-6.4-6.4-12.8-12.8-12.8h-22.4c-6.4 0-12.8 6.4-12.8 12.8v198.4c0 6.4 6.4 12.8 12.8 12.8zm96 0h22.4c6.4 0 12.8-6.4 12.8-12.8V204.8c0-6.4-6.4-12.8-12.8-12.8h-22.4c-6.4 0-12.8 6.4-12.8 12.8v134.4c0 6.4 6.4 12.8 12.8 12.8zM496 400H48V80c0-8.84-7.16-16-16-16H16C7.16 64 0 71.16 0 80v336c0 17.67 14.33 32 32 32h464c8.84 0 16-7.16 16-16v-16c0-8.84-7.16-16-16-16zm-387.2-48h22.4c6.4 0 12.8-6.4 12.8-12.8v-70.4c0-6.4-6.4-12.8-12.8-12.8h-22.4c-6.4 0-12.8 6.4-12.8 12.8v70.4c0 6.4 6.4 12.8 12.8 12.8z\" class=\"\"><\/path><\/svg><\/i> <img loading=\"lazy\" decoding=\"async\" width=\"16\" height=\"16\" alt=\"Loading\" src=\"https:\/\/www.catureba.com.br\/baciadojacuipe\/wp-content\/plugins\/page-views-count\/ajax-loader-2x.gif\" border=0 \/><\/p>\n<div class=\"pvc_clear\"><\/div>\n","protected":false},"author":1,"featured_media":145,"comment_status":"closed","ping_status":"open","sticky":false,"template":"","format":"standard","meta":{"_uag_custom_page_level_css":"","footnotes":""},"categories":[6],"tags":[],"class_list":["post-144","post","type-post","status-publish","format-standard","has-post-thumbnail","hentry","category-baixa-grande"],"a3_pvc":{"activated":true,"total_views":12,"today_views":0},"yoast_head":"<!-- This site is optimized with the Yoast SEO plugin v27.4 - https:\/\/yoast.com\/product\/yoast-seo-wordpress\/ -->\n<title>Baixa Grande sedia Encontro Regional do PT com lideran\u00e7as da Bacia do Jacu\u00edpe e Piemonte do Paragua\u00e7u - Bacia do Jacu\u00edpe<\/title>\n<meta name=\"robots\" content=\"index, follow, max-snippet:-1, max-image-preview:large, max-video-preview:-1\" \/>\n<link rel=\"canonical\" href=\"https:\/\/www.catureba.com.br\/baciadojacuipe\/2009\/09\/21\/baixa-grande-sedia-encontro-regional-do-pt-com-liderancas-da-bacia-do-jacuipe-e-piemonte-do-paraguacu\/\" \/>\n<meta property=\"og:locale\" content=\"pt_BR\" \/>\n<meta property=\"og:type\" content=\"article\" \/>\n<meta property=\"og:title\" content=\"Baixa Grande sedia Encontro Regional do PT com lideran\u00e7as da Bacia do Jacu\u00edpe e Piemonte do Paragua\u00e7u - Bacia do Jacu\u00edpe\" \/>\n<meta property=\"og:description\" content=\"Com o objetivo de promover maior entrosamento entre os diret\u00f3rios municipais e o Governo Estadual,\" \/>\n<meta property=\"og:url\" content=\"https:\/\/www.catureba.com.br\/baciadojacuipe\/2009\/09\/21\/baixa-grande-sedia-encontro-regional-do-pt-com-liderancas-da-bacia-do-jacuipe-e-piemonte-do-paraguacu\/\" \/>\n<meta property=\"og:site_name\" content=\"Bacia do Jacu\u00edpe\" \/>\n<meta property=\"article:published_time\" content=\"2009-09-21T10:22:12+00:00\" \/>\n<meta property=\"article:modified_time\" content=\"2025-08-24T10:24:11+00:00\" \/>\n<meta property=\"og:image\" content=\"https:\/\/www.catureba.com.br\/baciadojacuipe\/wp-content\/uploads\/2025\/08\/foto1-7.jpg\" \/>\n\t<meta property=\"og:image:width\" content=\"379\" \/>\n\t<meta property=\"og:image:height\" content=\"283\" \/>\n\t<meta property=\"og:image:type\" content=\"image\/jpeg\" \/>\n<meta name=\"author\" content=\"Ediom\u00e1rio Catureba\" \/>\n<meta name=\"twitter:card\" content=\"summary_large_image\" \/>\n<meta name=\"twitter:label1\" content=\"Escrito por\" \/>\n\t<meta name=\"twitter:data1\" content=\"Ediom\u00e1rio Catureba\" \/>\n\t<meta name=\"twitter:label2\" content=\"Est. tempo de leitura\" \/>\n\t<meta name=\"twitter:data2\" content=\"2 minutos\" \/>\n<script type=\"application\/ld+json\" class=\"yoast-schema-graph\">{\"@context\":\"https:\\\/\\\/schema.org\",\"@graph\":[{\"@type\":\"Article\",\"@id\":\"https:\\\/\\\/www.catureba.com.br\\\/baciadojacuipe\\\/2009\\\/09\\\/21\\\/baixa-grande-sedia-encontro-regional-do-pt-com-liderancas-da-bacia-do-jacuipe-e-piemonte-do-paraguacu\\\/#article\",\"isPartOf\":{\"@id\":\"https:\\\/\\\/www.catureba.com.br\\\/baciadojacuipe\\\/2009\\\/09\\\/21\\\/baixa-grande-sedia-encontro-regional-do-pt-com-liderancas-da-bacia-do-jacuipe-e-piemonte-do-paraguacu\\\/\"},\"author\":{\"name\":\"Ediom\u00e1rio Catureba\",\"@id\":\"https:\\\/\\\/www.catureba.com.br\\\/baciadojacuipe\\\/#\\\/schema\\\/person\\\/ffc8c3b98b65cb69355d29afa2355ba3\"},\"headline\":\"Baixa Grande sedia Encontro Regional do PT com lideran\u00e7as da Bacia do Jacu\u00edpe e Piemonte do Paragua\u00e7u\",\"datePublished\":\"2009-09-21T10:22:12+00:00\",\"dateModified\":\"2025-08-24T10:24:11+00:00\",\"mainEntityOfPage\":{\"@id\":\"https:\\\/\\\/www.catureba.com.br\\\/baciadojacuipe\\\/2009\\\/09\\\/21\\\/baixa-grande-sedia-encontro-regional-do-pt-com-liderancas-da-bacia-do-jacuipe-e-piemonte-do-paraguacu\\\/\"},\"wordCount\":439,\"publisher\":{\"@id\":\"https:\\\/\\\/www.catureba.com.br\\\/baciadojacuipe\\\/#organization\"},\"image\":{\"@id\":\"https:\\\/\\\/www.catureba.com.br\\\/baciadojacuipe\\\/2009\\\/09\\\/21\\\/baixa-grande-sedia-encontro-regional-do-pt-com-liderancas-da-bacia-do-jacuipe-e-piemonte-do-paraguacu\\\/#primaryimage\"},\"thumbnailUrl\":\"https:\\\/\\\/www.catureba.com.br\\\/baciadojacuipe\\\/wp-content\\\/uploads\\\/2025\\\/08\\\/foto1-7.jpg\",\"articleSection\":[\"Baixa Grande\"],\"inLanguage\":\"pt-BR\"},{\"@type\":\"WebPage\",\"@id\":\"https:\\\/\\\/www.catureba.com.br\\\/baciadojacuipe\\\/2009\\\/09\\\/21\\\/baixa-grande-sedia-encontro-regional-do-pt-com-liderancas-da-bacia-do-jacuipe-e-piemonte-do-paraguacu\\\/\",\"url\":\"https:\\\/\\\/www.catureba.com.br\\\/baciadojacuipe\\\/2009\\\/09\\\/21\\\/baixa-grande-sedia-encontro-regional-do-pt-com-liderancas-da-bacia-do-jacuipe-e-piemonte-do-paraguacu\\\/\",\"name\":\"Baixa Grande sedia Encontro Regional do PT com lideran\u00e7as da Bacia do Jacu\u00edpe e Piemonte do Paragua\u00e7u - Bacia do Jacu\u00edpe\",\"isPartOf\":{\"@id\":\"https:\\\/\\\/www.catureba.com.br\\\/baciadojacuipe\\\/#website\"},\"primaryImageOfPage\":{\"@id\":\"https:\\\/\\\/www.catureba.com.br\\\/baciadojacuipe\\\/2009\\\/09\\\/21\\\/baixa-grande-sedia-encontro-regional-do-pt-com-liderancas-da-bacia-do-jacuipe-e-piemonte-do-paraguacu\\\/#primaryimage\"},\"image\":{\"@id\":\"https:\\\/\\\/www.catureba.com.br\\\/baciadojacuipe\\\/2009\\\/09\\\/21\\\/baixa-grande-sedia-encontro-regional-do-pt-com-liderancas-da-bacia-do-jacuipe-e-piemonte-do-paraguacu\\\/#primaryimage\"},\"thumbnailUrl\":\"https:\\\/\\\/www.catureba.com.br\\\/baciadojacuipe\\\/wp-content\\\/uploads\\\/2025\\\/08\\\/foto1-7.jpg\",\"datePublished\":\"2009-09-21T10:22:12+00:00\",\"dateModified\":\"2025-08-24T10:24:11+00:00\",\"breadcrumb\":{\"@id\":\"https:\\\/\\\/www.catureba.com.br\\\/baciadojacuipe\\\/2009\\\/09\\\/21\\\/baixa-grande-sedia-encontro-regional-do-pt-com-liderancas-da-bacia-do-jacuipe-e-piemonte-do-paraguacu\\\/#breadcrumb\"},\"inLanguage\":\"pt-BR\",\"potentialAction\":[{\"@type\":\"ReadAction\",\"target\":[\"https:\\\/\\\/www.catureba.com.br\\\/baciadojacuipe\\\/2009\\\/09\\\/21\\\/baixa-grande-sedia-encontro-regional-do-pt-com-liderancas-da-bacia-do-jacuipe-e-piemonte-do-paraguacu\\\/\"]}]},{\"@type\":\"ImageObject\",\"inLanguage\":\"pt-BR\",\"@id\":\"https:\\\/\\\/www.catureba.com.br\\\/baciadojacuipe\\\/2009\\\/09\\\/21\\\/baixa-grande-sedia-encontro-regional-do-pt-com-liderancas-da-bacia-do-jacuipe-e-piemonte-do-paraguacu\\\/#primaryimage\",\"url\":\"https:\\\/\\\/www.catureba.com.br\\\/baciadojacuipe\\\/wp-content\\\/uploads\\\/2025\\\/08\\\/foto1-7.jpg\",\"contentUrl\":\"https:\\\/\\\/www.catureba.com.br\\\/baciadojacuipe\\\/wp-content\\\/uploads\\\/2025\\\/08\\\/foto1-7.jpg\",\"width\":379,\"height\":283},{\"@type\":\"BreadcrumbList\",\"@id\":\"https:\\\/\\\/www.catureba.com.br\\\/baciadojacuipe\\\/2009\\\/09\\\/21\\\/baixa-grande-sedia-encontro-regional-do-pt-com-liderancas-da-bacia-do-jacuipe-e-piemonte-do-paraguacu\\\/#breadcrumb\",\"itemListElement\":[{\"@type\":\"ListItem\",\"position\":1,\"name\":\"In\u00edcio\",\"item\":\"https:\\\/\\\/www.catureba.com.br\\\/baciadojacuipe\\\/\"},{\"@type\":\"ListItem\",\"position\":2,\"name\":\"Baixa Grande sedia Encontro Regional do PT com lideran\u00e7as da Bacia do Jacu\u00edpe e Piemonte do Paragua\u00e7u\"}]},{\"@type\":\"WebSite\",\"@id\":\"https:\\\/\\\/www.catureba.com.br\\\/baciadojacuipe\\\/#website\",\"url\":\"https:\\\/\\\/www.catureba.com.br\\\/baciadojacuipe\\\/\",\"name\":\"Bacia do Jacu\u00edpe\",\"description\":\"15 Munic\u00edpios em um s\u00f3 Lugar\",\"publisher\":{\"@id\":\"https:\\\/\\\/www.catureba.com.br\\\/baciadojacuipe\\\/#organization\"},\"potentialAction\":[{\"@type\":\"SearchAction\",\"target\":{\"@type\":\"EntryPoint\",\"urlTemplate\":\"https:\\\/\\\/www.catureba.com.br\\\/baciadojacuipe\\\/?s={search_term_string}\"},\"query-input\":{\"@type\":\"PropertyValueSpecification\",\"valueRequired\":true,\"valueName\":\"search_term_string\"}}],\"inLanguage\":\"pt-BR\"},{\"@type\":\"Organization\",\"@id\":\"https:\\\/\\\/www.catureba.com.br\\\/baciadojacuipe\\\/#organization\",\"name\":\"Bacia do Jacu\u00edpe\",\"url\":\"https:\\\/\\\/www.catureba.com.br\\\/baciadojacuipe\\\/\",\"logo\":{\"@type\":\"ImageObject\",\"inLanguage\":\"pt-BR\",\"@id\":\"https:\\\/\\\/www.catureba.com.br\\\/baciadojacuipe\\\/#\\\/schema\\\/logo\\\/image\\\/\",\"url\":\"https:\\\/\\\/www.catureba.com.br\\\/baciadojacuipe\\\/wp-content\\\/uploads\\\/2025\\\/08\\\/cropped-logo.png\",\"contentUrl\":\"https:\\\/\\\/www.catureba.com.br\\\/baciadojacuipe\\\/wp-content\\\/uploads\\\/2025\\\/08\\\/cropped-logo.png\",\"width\":149,\"height\":150,\"caption\":\"Bacia do Jacu\u00edpe\"},\"image\":{\"@id\":\"https:\\\/\\\/www.catureba.com.br\\\/baciadojacuipe\\\/#\\\/schema\\\/logo\\\/image\\\/\"}},{\"@type\":\"Person\",\"@id\":\"https:\\\/\\\/www.catureba.com.br\\\/baciadojacuipe\\\/#\\\/schema\\\/person\\\/ffc8c3b98b65cb69355d29afa2355ba3\",\"name\":\"Ediom\u00e1rio Catureba\",\"image\":{\"@type\":\"ImageObject\",\"inLanguage\":\"pt-BR\",\"@id\":\"https:\\\/\\\/secure.gravatar.com\\\/avatar\\\/63c567ef6e64a56df9e100701cb374d725dbb66b635cd56b3f13f88e28ba235e?s=96&d=mm&r=g\",\"url\":\"https:\\\/\\\/secure.gravatar.com\\\/avatar\\\/63c567ef6e64a56df9e100701cb374d725dbb66b635cd56b3f13f88e28ba235e?s=96&d=mm&r=g\",\"contentUrl\":\"https:\\\/\\\/secure.gravatar.com\\\/avatar\\\/63c567ef6e64a56df9e100701cb374d725dbb66b635cd56b3f13f88e28ba235e?s=96&d=mm&r=g\",\"caption\":\"Ediom\u00e1rio Catureba\"},\"description\":\"Ediom\u00e1rio Catureba, nascido em 1976 em Baixa Grande, Bahia, \u00e9 jornalista e redator. Al\u00e9m de sua atua\u00e7\u00e3o no jornalismo, Ediom\u00e1rio \u00e9 conhecido por sua participa\u00e7\u00e3o em eventos culturais e sociais na regi\u00e3o. Ediom\u00e1rio tamb\u00e9m \u00e9 respons\u00e1vel pelo site Catureba.com.br, onde publica not\u00edcias e informa\u00e7\u00f5es sobre eventos locais, pol\u00edtica e cultura, contribuindo para a dissemina\u00e7\u00e3o de informa\u00e7\u00f5es na comunidade de Baixa Grande e arredores.\",\"sameAs\":[\"https:\\\/\\\/www.catureba.com.br\\\/baciadojacuipe\"],\"url\":\"https:\\\/\\\/www.catureba.com.br\\\/baciadojacuipe\\\/author\\\/edyomario\\\/\"}]}<\/script>\n<!-- \/ Yoast SEO plugin. -->","yoast_head_json":{"title":"Baixa Grande sedia Encontro Regional do PT com lideran\u00e7as da Bacia do Jacu\u00edpe e Piemonte do Paragua\u00e7u - Bacia do Jacu\u00edpe","robots":{"index":"index","follow":"follow","max-snippet":"max-snippet:-1","max-image-preview":"max-image-preview:large","max-video-preview":"max-video-preview:-1"},"canonical":"https:\/\/www.catureba.com.br\/baciadojacuipe\/2009\/09\/21\/baixa-grande-sedia-encontro-regional-do-pt-com-liderancas-da-bacia-do-jacuipe-e-piemonte-do-paraguacu\/","og_locale":"pt_BR","og_type":"article","og_title":"Baixa Grande sedia Encontro Regional do PT com lideran\u00e7as da Bacia do Jacu\u00edpe e Piemonte do Paragua\u00e7u - Bacia do Jacu\u00edpe","og_description":"Com o objetivo de promover maior entrosamento entre os diret\u00f3rios municipais e o Governo Estadual,","og_url":"https:\/\/www.catureba.com.br\/baciadojacuipe\/2009\/09\/21\/baixa-grande-sedia-encontro-regional-do-pt-com-liderancas-da-bacia-do-jacuipe-e-piemonte-do-paraguacu\/","og_site_name":"Bacia do Jacu\u00edpe","article_published_time":"2009-09-21T10:22:12+00:00","article_modified_time":"2025-08-24T10:24:11+00:00","og_image":[{"width":379,"height":283,"url":"https:\/\/www.catureba.com.br\/baciadojacuipe\/wp-content\/uploads\/2025\/08\/foto1-7.jpg","type":"image\/jpeg"}],"author":"Ediom\u00e1rio Catureba","twitter_card":"summary_large_image","twitter_misc":{"Escrito por":"Ediom\u00e1rio Catureba","Est. tempo de leitura":"2 minutos"},"schema":{"@context":"https:\/\/schema.org","@graph":[{"@type":"Article","@id":"https:\/\/www.catureba.com.br\/baciadojacuipe\/2009\/09\/21\/baixa-grande-sedia-encontro-regional-do-pt-com-liderancas-da-bacia-do-jacuipe-e-piemonte-do-paraguacu\/#article","isPartOf":{"@id":"https:\/\/www.catureba.com.br\/baciadojacuipe\/2009\/09\/21\/baixa-grande-sedia-encontro-regional-do-pt-com-liderancas-da-bacia-do-jacuipe-e-piemonte-do-paraguacu\/"},"author":{"name":"Ediom\u00e1rio Catureba","@id":"https:\/\/www.catureba.com.br\/baciadojacuipe\/#\/schema\/person\/ffc8c3b98b65cb69355d29afa2355ba3"},"headline":"Baixa Grande sedia Encontro Regional do PT com lideran\u00e7as da Bacia do Jacu\u00edpe e Piemonte do Paragua\u00e7u","datePublished":"2009-09-21T10:22:12+00:00","dateModified":"2025-08-24T10:24:11+00:00","mainEntityOfPage":{"@id":"https:\/\/www.catureba.com.br\/baciadojacuipe\/2009\/09\/21\/baixa-grande-sedia-encontro-regional-do-pt-com-liderancas-da-bacia-do-jacuipe-e-piemonte-do-paraguacu\/"},"wordCount":439,"publisher":{"@id":"https:\/\/www.catureba.com.br\/baciadojacuipe\/#organization"},"image":{"@id":"https:\/\/www.catureba.com.br\/baciadojacuipe\/2009\/09\/21\/baixa-grande-sedia-encontro-regional-do-pt-com-liderancas-da-bacia-do-jacuipe-e-piemonte-do-paraguacu\/#primaryimage"},"thumbnailUrl":"https:\/\/www.catureba.com.br\/baciadojacuipe\/wp-content\/uploads\/2025\/08\/foto1-7.jpg","articleSection":["Baixa Grande"],"inLanguage":"pt-BR"},{"@type":"WebPage","@id":"https:\/\/www.catureba.com.br\/baciadojacuipe\/2009\/09\/21\/baixa-grande-sedia-encontro-regional-do-pt-com-liderancas-da-bacia-do-jacuipe-e-piemonte-do-paraguacu\/","url":"https:\/\/www.catureba.com.br\/baciadojacuipe\/2009\/09\/21\/baixa-grande-sedia-encontro-regional-do-pt-com-liderancas-da-bacia-do-jacuipe-e-piemonte-do-paraguacu\/","name":"Baixa Grande sedia Encontro Regional do PT com lideran\u00e7as da Bacia do Jacu\u00edpe e Piemonte do Paragua\u00e7u - Bacia do Jacu\u00edpe","isPartOf":{"@id":"https:\/\/www.catureba.com.br\/baciadojacuipe\/#website"},"primaryImageOfPage":{"@id":"https:\/\/www.catureba.com.br\/baciadojacuipe\/2009\/09\/21\/baixa-grande-sedia-encontro-regional-do-pt-com-liderancas-da-bacia-do-jacuipe-e-piemonte-do-paraguacu\/#primaryimage"},"image":{"@id":"https:\/\/www.catureba.com.br\/baciadojacuipe\/2009\/09\/21\/baixa-grande-sedia-encontro-regional-do-pt-com-liderancas-da-bacia-do-jacuipe-e-piemonte-do-paraguacu\/#primaryimage"},"thumbnailUrl":"https:\/\/www.catureba.com.br\/baciadojacuipe\/wp-content\/uploads\/2025\/08\/foto1-7.jpg","datePublished":"2009-09-21T10:22:12+00:00","dateModified":"2025-08-24T10:24:11+00:00","breadcrumb":{"@id":"https:\/\/www.catureba.com.br\/baciadojacuipe\/2009\/09\/21\/baixa-grande-sedia-encontro-regional-do-pt-com-liderancas-da-bacia-do-jacuipe-e-piemonte-do-paraguacu\/#breadcrumb"},"inLanguage":"pt-BR","potentialAction":[{"@type":"ReadAction","target":["https:\/\/www.catureba.com.br\/baciadojacuipe\/2009\/09\/21\/baixa-grande-sedia-encontro-regional-do-pt-com-liderancas-da-bacia-do-jacuipe-e-piemonte-do-paraguacu\/"]}]},{"@type":"ImageObject","inLanguage":"pt-BR","@id":"https:\/\/www.catureba.com.br\/baciadojacuipe\/2009\/09\/21\/baixa-grande-sedia-encontro-regional-do-pt-com-liderancas-da-bacia-do-jacuipe-e-piemonte-do-paraguacu\/#primaryimage","url":"https:\/\/www.catureba.com.br\/baciadojacuipe\/wp-content\/uploads\/2025\/08\/foto1-7.jpg","contentUrl":"https:\/\/www.catureba.com.br\/baciadojacuipe\/wp-content\/uploads\/2025\/08\/foto1-7.jpg","width":379,"height":283},{"@type":"BreadcrumbList","@id":"https:\/\/www.catureba.com.br\/baciadojacuipe\/2009\/09\/21\/baixa-grande-sedia-encontro-regional-do-pt-com-liderancas-da-bacia-do-jacuipe-e-piemonte-do-paraguacu\/#breadcrumb","itemListElement":[{"@type":"ListItem","position":1,"name":"In\u00edcio","item":"https:\/\/www.catureba.com.br\/baciadojacuipe\/"},{"@type":"ListItem","position":2,"name":"Baixa Grande sedia Encontro Regional do PT com lideran\u00e7as da Bacia do Jacu\u00edpe e Piemonte do Paragua\u00e7u"}]},{"@type":"WebSite","@id":"https:\/\/www.catureba.com.br\/baciadojacuipe\/#website","url":"https:\/\/www.catureba.com.br\/baciadojacuipe\/","name":"Bacia do Jacu\u00edpe","description":"15 Munic\u00edpios em um s\u00f3 Lugar","publisher":{"@id":"https:\/\/www.catureba.com.br\/baciadojacuipe\/#organization"},"potentialAction":[{"@type":"SearchAction","target":{"@type":"EntryPoint","urlTemplate":"https:\/\/www.catureba.com.br\/baciadojacuipe\/?s={search_term_string}"},"query-input":{"@type":"PropertyValueSpecification","valueRequired":true,"valueName":"search_term_string"}}],"inLanguage":"pt-BR"},{"@type":"Organization","@id":"https:\/\/www.catureba.com.br\/baciadojacuipe\/#organization","name":"Bacia do Jacu\u00edpe","url":"https:\/\/www.catureba.com.br\/baciadojacuipe\/","logo":{"@type":"ImageObject","inLanguage":"pt-BR","@id":"https:\/\/www.catureba.com.br\/baciadojacuipe\/#\/schema\/logo\/image\/","url":"https:\/\/www.catureba.com.br\/baciadojacuipe\/wp-content\/uploads\/2025\/08\/cropped-logo.png","contentUrl":"https:\/\/www.catureba.com.br\/baciadojacuipe\/wp-content\/uploads\/2025\/08\/cropped-logo.png","width":149,"height":150,"caption":"Bacia do Jacu\u00edpe"},"image":{"@id":"https:\/\/www.catureba.com.br\/baciadojacuipe\/#\/schema\/logo\/image\/"}},{"@type":"Person","@id":"https:\/\/www.catureba.com.br\/baciadojacuipe\/#\/schema\/person\/ffc8c3b98b65cb69355d29afa2355ba3","name":"Ediom\u00e1rio Catureba","image":{"@type":"ImageObject","inLanguage":"pt-BR","@id":"https:\/\/secure.gravatar.com\/avatar\/63c567ef6e64a56df9e100701cb374d725dbb66b635cd56b3f13f88e28ba235e?s=96&d=mm&r=g","url":"https:\/\/secure.gravatar.com\/avatar\/63c567ef6e64a56df9e100701cb374d725dbb66b635cd56b3f13f88e28ba235e?s=96&d=mm&r=g","contentUrl":"https:\/\/secure.gravatar.com\/avatar\/63c567ef6e64a56df9e100701cb374d725dbb66b635cd56b3f13f88e28ba235e?s=96&d=mm&r=g","caption":"Ediom\u00e1rio Catureba"},"description":"Ediom\u00e1rio Catureba, nascido em 1976 em Baixa Grande, Bahia, \u00e9 jornalista e redator. Al\u00e9m de sua atua\u00e7\u00e3o no jornalismo, Ediom\u00e1rio \u00e9 conhecido por sua participa\u00e7\u00e3o em eventos culturais e sociais na regi\u00e3o. Ediom\u00e1rio tamb\u00e9m \u00e9 respons\u00e1vel pelo site Catureba.com.br, onde publica not\u00edcias e informa\u00e7\u00f5es sobre eventos locais, pol\u00edtica e cultura, contribuindo para a dissemina\u00e7\u00e3o de informa\u00e7\u00f5es na comunidade de Baixa Grande e arredores.","sameAs":["https:\/\/www.catureba.com.br\/baciadojacuipe"],"url":"https:\/\/www.catureba.com.br\/baciadojacuipe\/author\/edyomario\/"}]}},"uagb_featured_image_src":{"full":["https:\/\/www.catureba.com.br\/baciadojacuipe\/wp-content\/uploads\/2025\/08\/foto1-7.jpg",379,283,false],"thumbnail":["https:\/\/www.catureba.com.br\/baciadojacuipe\/wp-content\/uploads\/2025\/08\/foto1-7-150x150.jpg",150,150,true],"medium":["https:\/\/www.catureba.com.br\/baciadojacuipe\/wp-content\/uploads\/2025\/08\/foto1-7-300x224.jpg",300,224,true],"medium_large":["https:\/\/www.catureba.com.br\/baciadojacuipe\/wp-content\/uploads\/2025\/08\/foto1-7.jpg",379,283,false],"large":["https:\/\/www.catureba.com.br\/baciadojacuipe\/wp-content\/uploads\/2025\/08\/foto1-7.jpg",379,283,false],"1536x1536":["https:\/\/www.catureba.com.br\/baciadojacuipe\/wp-content\/uploads\/2025\/08\/foto1-7.jpg",379,283,false],"2048x2048":["https:\/\/www.catureba.com.br\/baciadojacuipe\/wp-content\/uploads\/2025\/08\/foto1-7.jpg",379,283,false],"cream-magazine-thumbnail-2":["https:\/\/www.catureba.com.br\/baciadojacuipe\/wp-content\/uploads\/2025\/08\/foto1-7.jpg",379,283,false],"cream-magazine-thumbnail-3":["https:\/\/www.catureba.com.br\/baciadojacuipe\/wp-content\/uploads\/2025\/08\/foto1-7.jpg",379,283,false],"cream-magazine-thumbnail-4":["https:\/\/www.catureba.com.br\/baciadojacuipe\/wp-content\/uploads\/2025\/08\/foto1-7.jpg",379,283,false]},"uagb_author_info":{"display_name":"Ediom\u00e1rio Catureba","author_link":"https:\/\/www.catureba.com.br\/baciadojacuipe\/author\/edyomario\/"},"uagb_comment_info":0,"uagb_excerpt":"Com o objetivo de promover maior entrosamento entre os diret\u00f3rios municipais e o Governo Estadual,","_links":{"self":[{"href":"https:\/\/www.catureba.com.br\/baciadojacuipe\/wp-json\/wp\/v2\/posts\/144","targetHints":{"allow":["GET"]}}],"collection":[{"href":"https:\/\/www.catureba.com.br\/baciadojacuipe\/wp-json\/wp\/v2\/posts"}],"about":[{"href":"https:\/\/www.catureba.com.br\/baciadojacuipe\/wp-json\/wp\/v2\/types\/post"}],"author":[{"embeddable":true,"href":"https:\/\/www.catureba.com.br\/baciadojacuipe\/wp-json\/wp\/v2\/users\/1"}],"replies":[{"embeddable":true,"href":"https:\/\/www.catureba.com.br\/baciadojacuipe\/wp-json\/wp\/v2\/comments?post=144"}],"version-history":[{"count":1,"href":"https:\/\/www.catureba.com.br\/baciadojacuipe\/wp-json\/wp\/v2\/posts\/144\/revisions"}],"predecessor-version":[{"id":158,"href":"https:\/\/www.catureba.com.br\/baciadojacuipe\/wp-json\/wp\/v2\/posts\/144\/revisions\/158"}],"wp:featuredmedia":[{"embeddable":true,"href":"https:\/\/www.catureba.com.br\/baciadojacuipe\/wp-json\/wp\/v2\/media\/145"}],"wp:attachment":[{"href":"https:\/\/www.catureba.com.br\/baciadojacuipe\/wp-json\/wp\/v2\/media?parent=144"}],"wp:term":[{"taxonomy":"category","embeddable":true,"href":"https:\/\/www.catureba.com.br\/baciadojacuipe\/wp-json\/wp\/v2\/categories?post=144"},{"taxonomy":"post_tag","embeddable":true,"href":"https:\/\/www.catureba.com.br\/baciadojacuipe\/wp-json\/wp\/v2\/tags?post=144"}],"curies":[{"name":"wp","href":"https:\/\/api.w.org\/{rel}","templated":true}]}}